{"id":499455,"date":"2025-10-30T07:42:10","date_gmt":"2025-10-30T07:42:10","guid":{"rendered":"https:\/\/www.europesays.com\/fr\/499455\/"},"modified":"2025-10-30T07:42:10","modified_gmt":"2025-10-30T07:42:10","slug":"cinq-nouvelles-personnes-ont-ete-interpellees-annonce-la-procureure-de-paris","status":"publish","type":"post","link":"https:\/\/www.europesays.com\/fr\/499455\/","title":{"rendered":"cinq nouvelles personnes ont \u00e9t\u00e9 interpell\u00e9es, annonce la procureure de Paris"},"content":{"rendered":"<p class=\"mb-4 text-lg md:leading-8 break-words\">JUSTICE &#8211; Cinq nouvelles interpellations, dont un principal suspect, ont eu lieu dans le cadre de l\u2019enqu\u00eate sur le casse spectaculaire du Louvre, a annonc\u00e9 la procureure de la R\u00e9publique de Paris, Laure Beccuau, sur RTL ce jeudi 30\u00a0octobre.<\/p>\n<p class=\"mb-4 text-lg md:leading-8 break-words\">\u00ab\u00a0L\u2019un d\u2019entre eux \u00e9tait effectivement un des objectifs des enqu\u00eateurs, on l\u2019avait dans le viseur\u00a0\u00bb, a pr\u00e9cis\u00e9 la procureure, ajoutant que les bijoux, estim\u00e9s \u00e0 88\u00a0millions d\u2019euros, n\u2019ont pas encore \u00e9t\u00e9 retrouv\u00e9s.<\/p>\n<p class=\"mb-4 text-lg md:leading-8 break-words\"><strong>Plus d\u2019informations \u00e0 venir\u2026<\/strong><\/p>\n","protected":false},"excerpt":{"rendered":"JUSTICE &#8211; Cinq nouvelles interpellations, dont un principal suspect, ont eu lieu dans le cadre de l\u2019enqu\u00eate sur&hellip;\n","protected":false},"author":2,"featured_media":499456,"comment_status":"","ping_status":"","sticky":false,"template":"","format":"standard","meta":{"footnotes":""},"categories":[1888],"tags":[1111,1928,11,1927,1777,674,1011,27,13130,33238,11274,12,1926,626,1925,25],"class_list":{"0":"post-499455","1":"post","2":"type-post","3":"status-publish","4":"format-standard","5":"has-post-thumbnail","7":"category-paris","8":"tag-actu","9":"tag-actu-paris","10":"tag-actualites","11":"tag-actualites-paris","12":"tag-eu","13":"tag-europe","14":"tag-fr","15":"tag-france","16":"tag-la-republique","17":"tag-laure-beccuau","18":"tag-louvre","19":"tag-news","20":"tag-news-paris","21":"tag-paris","22":"tag-paris-news","23":"tag-republique-francaise"},"share_on_mastodon":{"url":"https:\/\/pubeurope.com\/@fr\/115461996287278390","error":""},"_links":{"self":[{"href":"https:\/\/www.europesays.com\/fr\/wp-json\/wp\/v2\/posts\/499455","targetHints":{"allow":["GET"]}}],"collection":[{"href":"https:\/\/www.europesays.com\/fr\/wp-json\/wp\/v2\/posts"}],"about":[{"href":"https:\/\/www.europesays.com\/fr\/wp-json\/wp\/v2\/types\/post"}],"author":[{"embeddable":true,"href":"https:\/\/www.europesays.com\/fr\/wp-json\/wp\/v2\/users\/2"}],"replies":[{"embeddable":true,"href":"https:\/\/www.europesays.com\/fr\/wp-json\/wp\/v2\/comments?post=499455"}],"version-history":[{"count":0,"href":"https:\/\/www.europesays.com\/fr\/wp-json\/wp\/v2\/posts\/499455\/revisions"}],"wp:featuredmedia":[{"embeddable":true,"href":"https:\/\/www.europesays.com\/fr\/wp-json\/wp\/v2\/media\/499456"}],"wp:attachment":[{"href":"https:\/\/www.europesays.com\/fr\/wp-json\/wp\/v2\/media?parent=499455"}],"wp:term":[{"taxonomy":"category","embeddable":true,"href":"https:\/\/www.europesays.com\/fr\/wp-json\/wp\/v2\/categories?post=499455"},{"taxonomy":"post_tag","embeddable":true,"href":"https:\/\/www.europesays.com\/fr\/wp-json\/wp\/v2\/tags?post=499455"}],"curies":[{"name":"wp","href":"https:\/\/api.w.org\/{rel}","templated":true}]}}