{"id":499469,"date":"2025-10-30T07:49:17","date_gmt":"2025-10-30T07:49:17","guid":{"rendered":"https:\/\/www.europesays.com\/fr\/499469\/"},"modified":"2025-10-30T07:49:17","modified_gmt":"2025-10-30T07:49:17","slug":"feu-au-conteneur-de-la-graviere-de-sehring-%f0%9f%94%b4-info-libertaire","status":"publish","type":"post","link":"https:\/\/www.europesays.com\/fr\/499469\/","title":{"rendered":"feu au conteneur de la gravi\u00e8re de Sehring \u2013 \ud83d\udd34 Info Libertaire"},"content":{"rendered":"<p><\/p>\n<p>Traduit de l\u2019allemand de <a href=\"https:\/\/de.indymedia.org\/node\/545551\" target=\"_blank\" rel=\"noopener nofollow\">de.indymedia<\/a>, 17 octobre 2025<\/p>\n<p><\/p>\n<p><strong>Moi, toi, nous, humains, cr\u00e9atures<\/strong>, qui ou quoi a\/ont incendi\u00e9 un conteneur de chantier de l\u2019entreprise Sehring \u00e0 Langen (Hesse), dans la nuit du 16 au 17 octobre 25 !<\/p>\n<p>L\u2019anarchisme \u00e0 l\u2019offensive !<\/p>\n<p>C\u2019est ce que nous avons pens\u00e9 et, lors d\u2019une randonn\u00e9e nocturne apr\u00e8s avoir fait un peu de tourisme \u00e0 Langen, nous avons pris l\u2019initiative de forcer le portail de pacotille de la gravi\u00e8re de Sehring, pour transformer rapidement son conteneur de chantier en un immense feu de joie, beaucoup plus joli ainsi, dirais-je\u2026 ou dirions-nous ?<\/p>\n<p>Pour que le gravier du sol et la for\u00eat restent en place !<br \/>\u00c0 l\u2019attaque contre les immondes capitalistes et flics !<\/p>\n<p>Banny* reste !<br \/>Toutes les for\u00eats restent !<\/p>\n<p>(Malheureusement, il n\u2019y a pas de photo, alors voici un croquis de ce \u00e0 quoi cela ressemblait ; c\u2019\u00e9tait vraiment joli.)<\/p>\n<p>* NdT : Banny est le surnom de la for\u00eat prot\u00e9\u00e9e de Langen, dans la r\u00e9gion de Hesse, o\u00f9 un campement est install\u00e9 depuis l\u2019\u00e9t\u00e9 2024 pour s\u2019opposer \u00e0 l\u2019entreprise Sehring, qui a pour projet d\u2019en raser 64 ha afin d\u2019extraire du gravier et du sable.<\/p>\n<p><br clear=\"both\"\/><\/p>\n<p><\/p>\n<p>\t\t<strong>Source:<\/strong> <a href=\"https:\/\/sansnom.noblogs.org\/archives\/26959\" target=\"_blank\" rel=\"nofollow noopener\">Sansnom.noblogs.org<\/a><br \/>\n\t\t<\/p>\n<p>\t\t\t\t\t\t\t\t<a href=\"https:\/\/www.libertaire.net\" class=\"forum-button\" style=\" border-top:0px\" rel=\"nofollow noopener\" target=\"_blank\"><\/p>\n<p>\t\t\t\t\tCommenter Dans Le Forum\t\t\t\t<\/a><\/p>\n","protected":false},"excerpt":{"rendered":"Traduit de l\u2019allemand de de.indymedia, 17 octobre 2025 Moi, toi, nous, humains, cr\u00e9atures, qui ou quoi a\/ont incendi\u00e9&hellip;\n","protected":false},"author":2,"featured_media":499470,"comment_status":"","ping_status":"","sticky":false,"template":"","format":"standard","meta":{"footnotes":""},"categories":[1587],"tags":[11,672,1804,1805,1803,1777,674,1801,12,1802],"class_list":{"0":"post-499469","1":"post","2":"type-post","3":"status-publish","4":"format-standard","5":"has-post-thumbnail","7":"category-allemagne","8":"tag-actualites","9":"tag-allemagne","10":"tag-bundesrepublik-deutschland","11":"tag-de","12":"tag-deutschland","13":"tag-eu","14":"tag-europe","15":"tag-germany","16":"tag-news","17":"tag-republique-federale-dallemagne"},"share_on_mastodon":{"url":"https:\/\/pubeurope.com\/@fr\/115462024039977891","error":""},"_links":{"self":[{"href":"https:\/\/www.europesays.com\/fr\/wp-json\/wp\/v2\/posts\/499469","targetHints":{"allow":["GET"]}}],"collection":[{"href":"https:\/\/www.europesays.com\/fr\/wp-json\/wp\/v2\/posts"}],"about":[{"href":"https:\/\/www.europesays.com\/fr\/wp-json\/wp\/v2\/types\/post"}],"author":[{"embeddable":true,"href":"https:\/\/www.europesays.com\/fr\/wp-json\/wp\/v2\/users\/2"}],"replies":[{"embeddable":true,"href":"https:\/\/www.europesays.com\/fr\/wp-json\/wp\/v2\/comments?post=499469"}],"version-history":[{"count":0,"href":"https:\/\/www.europesays.com\/fr\/wp-json\/wp\/v2\/posts\/499469\/revisions"}],"wp:featuredmedia":[{"embeddable":true,"href":"https:\/\/www.europesays.com\/fr\/wp-json\/wp\/v2\/media\/499470"}],"wp:attachment":[{"href":"https:\/\/www.europesays.com\/fr\/wp-json\/wp\/v2\/media?parent=499469"}],"wp:term":[{"taxonomy":"category","embeddable":true,"href":"https:\/\/www.europesays.com\/fr\/wp-json\/wp\/v2\/categories?post=499469"},{"taxonomy":"post_tag","embeddable":true,"href":"https:\/\/www.europesays.com\/fr\/wp-json\/wp\/v2\/tags?post=499469"}],"curies":[{"name":"wp","href":"https:\/\/api.w.org\/{rel}","templated":true}]}}