{"id":499473,"date":"2025-10-30T07:51:13","date_gmt":"2025-10-30T07:51:13","guid":{"rendered":"https:\/\/www.europesays.com\/fr\/499473\/"},"modified":"2025-10-30T07:51:13","modified_gmt":"2025-10-30T07:51:13","slug":"cet-oncle-par-alliance-agresse-sexuellement-sa-niece","status":"publish","type":"post","link":"https:\/\/www.europesays.com\/fr\/499473\/","title":{"rendered":"cet oncle par alliance agresse sexuellement sa ni\u00e8ce"},"content":{"rendered":"<p>Mardi 28 octobre, le Tribunal correctionnel de N\u00eemes a d\u00fb examiner une affaire d\u2019agression sexuelle d\u2019un oncle sur sa ni\u00e8ce par alliance.<\/p>\n<p>\u00ab J\u2019ai eu des mauvaises pens\u00e9es \u00bb, a dit Erik, le pr\u00e9venu, interrog\u00e9 par les enqu\u00eateurs pour des faits d\u2019agression sexuelle impos\u00e9s \u00e0 une mineure de moins quinze ans. D\u2019autant que la mineure en question s\u2019av\u00e8re \u00eatre sa ni\u00e8ce par alliance, \u00e2g\u00e9e entre 10 et 12 ans au moment des faits. \u00ab Je la connais depuis mon mariage en novembre 2013 \u00bb, \u00e9voque le pr\u00e9venu originaire du Honduras, assist\u00e9 d\u2019une interpr\u00e8te. C\u2019est entre 2020 et 2022 que la fillette a \u00e9t\u00e9 sujette \u00e0 des comportements \u00e0 connotation sexuelle de la part de son oncle par alliance.<\/p>\n<p>Plusieurs \u00e9pisodes de s\u00e9vices ont alors \u00e9t\u00e9 relev\u00e9s par J\u00e9r\u00f4me Reynes, le pr\u00e9sident du Tribunal correctionnel de N\u00eemes. Il est alors fait \u00e9tat d\u2019un premier comportement sexuel lors de vacances en familles, en 2020. Se retrouvant tous les deux dans la piscine, Erik a impos\u00e9 des caresses \u00e0 la jeune fille au niveau de ses parties intimes.<\/p>\n<p>Des faits multiples<\/p>\n<p>Ses agissements ne se sont pas arr\u00eat\u00e9s l\u00e0. Le dernier \u00e9l\u00e9ment connu rapporte qu\u2019Erik a de nouveau impos\u00e9 des caresses \u00e0 la fillette, cette fois sous sa culotte, lors d\u2019un trajet en voiture au cours duquel ils se trouvent tous les deux \u00e0 l\u2019arri\u00e8re. \u00ab Je lui ai touch\u00e9 le sexe avec les doigts, elle a commenc\u00e9 \u00e0 bouger, donc j\u2019ai arr\u00eat\u00e9 \u00bb, reconna\u00eet-il.<\/p>\n<p>Interrog\u00e9 sur les raisons expliquant\u00a0son comportement, Erik, \u00e2g\u00e9 entre 28 et 30 ans au moment des diff\u00e9rents faits, explique s\u2019\u00eatre \u00ab senti attir\u00e9 \u00bb par la fillette. \u00ab Vous la touchez parce que vous avez envie de la toucher \u00bb, lui lance J\u00e9r\u00f4me Reynes. \u00ab C\u2019\u00e9tait des pulsions, explique le pr\u00e9venu. J\u2019ai honte, \u00e7a n\u2019aurait pas d\u00fb se passer \u00bb, se d\u00e9sole-t-il. Des regrets que l\u2019avocate des parties civiles refuse d\u2019entendre : \u00ab Il regrette, mais pas pour cette fillette, il regrette d\u2019avoir d\u00fb faire face au regard de la famille \u00bb, explique-t-elle.<\/p>\n<p>Une peine de prison ferme<\/p>\n<p>Le tribunal a jug\u00e9 le pr\u00e9venu coupable des faits lui \u00e9tant reproch\u00e9. En guise de sanction, il est condamn\u00e9 \u00e0 3 ans d\u2019emprisonnement, dont 18 mois avec sursis, assorti d\u2019un mandat de d\u00e9p\u00f4t. \u00c0 sa sortie de d\u00e9tention, il aura l\u2019obligation de se soigner et de travailler. Il lui sera interdit de rentrer en contact avec la victime, qui a d\u00e9m\u00e9nag\u00e9 depuis, mais \u00e9galement de travailler ou d\u2019exercer une activit\u00e9 b\u00e9n\u00e9vole concernant des enfants. Il est \u00e9galement inscrit au Fichier des auteurs d\u2019infractions sexuelles (Figes).<\/p>\n<p>Concr\u00e8tement, \u00e0 l\u2019issue de l\u2019audience pour laquelle il comparaissait libre, \u00c9rik a \u00e9t\u00e9 escort\u00e9 vers un centre de d\u00e9tention, o\u00f9 il sera incarc\u00e9r\u00e9 pendant 18 mois. Il sera ensuite astreint \u00e0 de nombreuses obligations. Dans le cas de leur non-respect, il risque la r\u00e9vocation de son sursis de 18 mois et donc la conversion de ce sursis en mois d\u2019emprisonnement suppl\u00e9mentaires.<\/p>\n","protected":false},"excerpt":{"rendered":"Mardi 28 octobre, le Tribunal correctionnel de N\u00eemes a d\u00fb examiner une affaire d\u2019agression sexuelle d\u2019un oncle sur&hellip;\n","protected":false},"author":2,"featured_media":499474,"comment_status":"","ping_status":"","sticky":false,"template":"","format":"standard","meta":{"footnotes":""},"categories":[1586],"tags":[11,1777,674,1779,1011,27,12,25,1778,364],"class_list":{"0":"post-499473","1":"post","2":"type-post","3":"status-publish","4":"format-standard","5":"has-post-thumbnail","7":"category-europe","8":"tag-actualites","9":"tag-eu","10":"tag-europe","11":"tag-european-union","12":"tag-fr","13":"tag-france","14":"tag-news","15":"tag-republique-francaise","16":"tag-ue","17":"tag-union-europeenne"},"share_on_mastodon":{"url":"https:\/\/pubeurope.com\/@fr\/115462031600628974","error":""},"_links":{"self":[{"href":"https:\/\/www.europesays.com\/fr\/wp-json\/wp\/v2\/posts\/499473","targetHints":{"allow":["GET"]}}],"collection":[{"href":"https:\/\/www.europesays.com\/fr\/wp-json\/wp\/v2\/posts"}],"about":[{"href":"https:\/\/www.europesays.com\/fr\/wp-json\/wp\/v2\/types\/post"}],"author":[{"embeddable":true,"href":"https:\/\/www.europesays.com\/fr\/wp-json\/wp\/v2\/users\/2"}],"replies":[{"embeddable":true,"href":"https:\/\/www.europesays.com\/fr\/wp-json\/wp\/v2\/comments?post=499473"}],"version-history":[{"count":0,"href":"https:\/\/www.europesays.com\/fr\/wp-json\/wp\/v2\/posts\/499473\/revisions"}],"wp:featuredmedia":[{"embeddable":true,"href":"https:\/\/www.europesays.com\/fr\/wp-json\/wp\/v2\/media\/499474"}],"wp:attachment":[{"href":"https:\/\/www.europesays.com\/fr\/wp-json\/wp\/v2\/media?parent=499473"}],"wp:term":[{"taxonomy":"category","embeddable":true,"href":"https:\/\/www.europesays.com\/fr\/wp-json\/wp\/v2\/categories?post=499473"},{"taxonomy":"post_tag","embeddable":true,"href":"https:\/\/www.europesays.com\/fr\/wp-json\/wp\/v2\/tags?post=499473"}],"curies":[{"name":"wp","href":"https:\/\/api.w.org\/{rel}","templated":true}]}}