{"id":499475,"date":"2025-10-30T07:52:18","date_gmt":"2025-10-30T07:52:18","guid":{"rendered":"https:\/\/www.europesays.com\/fr\/499475\/"},"modified":"2025-10-30T07:52:18","modified_gmt":"2025-10-30T07:52:18","slug":"lextreme-droite-au-coude-a-coude-avec-un-parti-centriste-selon-une-nouvelle-projection-liberation","status":"publish","type":"post","link":"https:\/\/www.europesays.com\/fr\/499475\/","title":{"rendered":"l\u2019extr\u00eame droite au coude-\u00e0-coude avec un parti centriste, selon une nouvelle projection \u2013 Lib\u00e9ration"},"content":{"rendered":"<p class=\"sc-cPiKLX AiZTS text-element\">Un revirement dans la nuit. Donn\u00e9e dans un premier temps battue, l\u2019extr\u00eame droite de Geert Wilders est d\u00e9sormais donn\u00e9e en t\u00eate des <a href=\"https:\/\/www.liberation.fr\/international\/europe\/aux-pays-bas-les-electeurs-votent-ce-mercredi-dans-un-scrutin-test-pour-lextreme-droite-20251029_ULM3IDTVFRCY7BZEUWYRHZPJSE\/?redirected=1\" target=\"_blank\" rel=\"noopener\" title=\"https:\/\/www.liberation.fr\/international\/europe\/aux-pays-bas-les-electeurs-votent-ce-mercredi-dans-un-scrutin-test-pour-lextreme-droite-20251029_ULM3IDTVFRCY7BZEUWYRHZPJSE\/?redirected=1\">l\u00e9gislatives anticip\u00e9es aux Pays-Bas<\/a>, \u00e0 \u00e9galit\u00e9 avec un parti centriste pro-europ\u00e9en, dans une projection publi\u00e9e jeudi \u00e0 l\u2019issue de ce scrutin tr\u00e8s suivi en Europe.<\/p>\n<p class=\"sc-cPiKLX AiZTS text-element\">Alors que les sondages r\u00e9alis\u00e9s \u00e0 la sortie des urnes avaient cr\u00e9\u00e9 la surprise en pla\u00e7ant en premi\u00e8re position le parti progressiste D66 de Rob Jetten, devant le parti d\u2019extr\u00eame droite PVV de Geert Wilders, l\u2019agence ANP leur a ensuite attribu\u00e9 26 si\u00e8ges chacun, sur 150 au Parlement. Cette projection s\u2019appuie sur les r\u00e9sultats prenant en compte le d\u00e9pouillement de pr\u00e8s de 95 % des voix. Au d\u00e9but de cette nuit \u00e9lectorale \u00e0 suspense, test de l\u2019avanc\u00e9e de l\u2019extr\u00eame droite en Europe, l\u2019institut Ipsos I &amp; O donnait 27 si\u00e8ges \u00e0 D66 et 25 au PVV.<\/p>\n<p class=\"sc-cPiKLX AiZTS text-element\">Dans tous les cas, c\u2019est une longue p\u00e9riode de n\u00e9gociations qui s\u2019ouvre pour les partis pour tenter de former une coalition, dans un syst\u00e8me politique tr\u00e8s fragment\u00e9. Et c\u2019est un revers pour le PVV qui perdrait 11 si\u00e8ges par rapport \u00e0 son succ\u00e8s \u00e9lectoral retentissant de 2023. \u00abLes \u00e9lecteurs se sont exprim\u00e9s. Nous esp\u00e9rions un autre r\u00e9sultat mais nous sommes rest\u00e9s fid\u00e8les \u00e0 nous-m\u00eames\u00bb, a d\u00e9clar\u00e9 sur X le dirigeant d\u2019extr\u00eame droite de 62 ans.<\/p>\n<p class=\"sc-cPiKLX AiZTS text-element\">Quel que soit le r\u00e9sultat d\u00e9finitif, Geert Wilders ne sera a priori pas Premier ministre, les principaux autres partis ayant exclu pour l\u2019instant toute nouvelle collaboration avec lui, le jugeant peu fiable ou ses opinions trop peu acceptables. Les premiers r\u00e9sultats placent donc le leader de D66, Rob Jetten, 38 ans, en pole position pour devenir le plus jeune Premier ministre n\u00e9erlandais, et le premier ouvertement homosexuel. Ses partisans ont laiss\u00e9 \u00e9clater leur joie lors de leur soir\u00e9e \u00e9lectorale \u00e0 Leyde, pr\u00e8s de La Haye, brandissant des drapeaux n\u00e9erlandais et europ\u00e9ens.<\/p>\n<p class=\"sc-cPiKLX AiZTS text-element\">\u00abOn l\u2019a fait !\u00bb s\u2019est exclam\u00e9 Rob Jetten dans un discours. \u00abIl s\u2019agit d\u2019un r\u00e9sultat \u00e9lectoral historique car nous avons montr\u00e9 non seulement aux Pays-Bas mais aussi au monde entier qu\u2019il est possible de vaincre les mouvements populistes et d\u2019extr\u00eame droite\u00bb, a-t-il d\u00e9clar\u00e9 devant des journalistes celui qui \u00e9tait mont\u00e9 en fl\u00e8che ces derniers jours dans les sondages gr\u00e2ce \u00e0 un message optimiste et une forte pr\u00e9sence m\u00e9diatique.<\/p>\n<p class=\"sc-cPiKLX AiZTS text-element\">Les \u00e9lections aux Pays-Bas \u00e9taient suivies de pr\u00e8s en Europe car elles devaient permettre d\u2019\u00e9valuer l\u2019ampleur de la pouss\u00e9e de l\u2019extr\u00eame droite partout dans le continent, notamment au Royaume-Uni, en France et en Allemagne.<\/p>\n<p class=\"sc-cPiKLX AiZTS text-element\">Geert Wilders a lui-m\u00eame d\u00e9clench\u00e9 les \u00e9lections anticip\u00e9es en torpillant le gouvernement sortant apr\u00e8s un diff\u00e9rend sur l\u2019immigration, retirant le PVV d\u2019une fragile coalition quadripartite. La campagne s\u2019est principalement jou\u00e9e autour de l\u2019immigration et de la <a href=\"https:\/\/www.liberation.fr\/international\/europe\/aux-pays-bas-lextreme-droite-fait-son-miel-de-la-crise-du-logement-20251029_IBK66SFW6BE4XE7T3Q5OZY6VCI\/\" target=\"_blank\" rel=\"noopener\" title=\"https:\/\/www.liberation.fr\/international\/europe\/aux-pays-bas-lextreme-droite-fait-son-miel-de-la-crise-du-logement-20251029_IBK66SFW6BE4XE7T3Q5OZY6VCI\/\">crise du logement<\/a>, qui touche surtout les jeunes dans ce pays dens\u00e9ment peupl\u00e9. Elle a \u00e9t\u00e9 entach\u00e9e de violences lors de manifestations anti-immigration, et de d\u00e9sinformation.<\/p>\n<p class=\"sc-cPiKLX AiZTS text-element\">Le r\u00e9sultat d\u00e9finitif devrait \u00eatre connu jeudi et les partis vont s\u2019atteler \u00e0 s\u2019accorder sur une coalition, un processus qui pourrait prendre des mois. Derri\u00e8re les deux formations en t\u00eate, le parti lib\u00e9ral de centre-droit VVD devrait remporter 22 si\u00e8ges, l\u2019alliance de gauche Verts \/Travaillistes, 20, selon la projection d\u2019ANP.<\/p>\n<p class=\"sc-cPiKLX AiZTS text-element\">En attendant la formation d\u2019un nouveau gouvernement, le Premier ministre d\u00e9missionnaire, Dick Schoof, continue de g\u00e9rer les affaires courantes. Frans Timmermans, 64 ans, ancien vice-pr\u00e9sident de la Commission europ\u00e9enne, a jet\u00e9 l\u2019\u00e9ponge apr\u00e8s le r\u00e9sultat d\u00e9cevant de son alliance \u00e9cologiste de gauche. \u00abCe soir, je quitte mes fonctions de chef de parti. Le c\u0153ur lourd\u00bb, a-t-il d\u00e9clar\u00e9.<\/p>\n<p class=\"sc-cPiKLX AiZTS text-element\"><b>Mise \u00e0 jour<\/b> le jeudi 30 octobre \u00e0 7 h 40 avec les derni\u00e8res projections.<\/p>\n","protected":false},"excerpt":{"rendered":"Un revirement dans la nuit. Donn\u00e9e dans un premier temps battue, l\u2019extr\u00eame droite de Geert Wilders est d\u00e9sormais&hellip;\n","protected":false},"author":2,"featured_media":499476,"comment_status":"","ping_status":"","sticky":false,"template":"","format":"standard","meta":{"footnotes":""},"categories":[2],"tags":[11,1076,1011,27,12,934,25],"class_list":{"0":"post-499475","1":"post","2":"type-post","3":"status-publish","4":"format-standard","5":"has-post-thumbnail","7":"category-actualites","8":"tag-actualites","9":"tag-extreme-droite","10":"tag-fr","11":"tag-france","12":"tag-news","13":"tag-pays-bas","14":"tag-republique-francaise"},"share_on_mastodon":{"url":"https:\/\/pubeurope.com\/@fr\/115462035590771036","error":""},"_links":{"self":[{"href":"https:\/\/www.europesays.com\/fr\/wp-json\/wp\/v2\/posts\/499475","targetHints":{"allow":["GET"]}}],"collection":[{"href":"https:\/\/www.europesays.com\/fr\/wp-json\/wp\/v2\/posts"}],"about":[{"href":"https:\/\/www.europesays.com\/fr\/wp-json\/wp\/v2\/types\/post"}],"author":[{"embeddable":true,"href":"https:\/\/www.europesays.com\/fr\/wp-json\/wp\/v2\/users\/2"}],"replies":[{"embeddable":true,"href":"https:\/\/www.europesays.com\/fr\/wp-json\/wp\/v2\/comments?post=499475"}],"version-history":[{"count":0,"href":"https:\/\/www.europesays.com\/fr\/wp-json\/wp\/v2\/posts\/499475\/revisions"}],"wp:featuredmedia":[{"embeddable":true,"href":"https:\/\/www.europesays.com\/fr\/wp-json\/wp\/v2\/media\/499476"}],"wp:attachment":[{"href":"https:\/\/www.europesays.com\/fr\/wp-json\/wp\/v2\/media?parent=499475"}],"wp:term":[{"taxonomy":"category","embeddable":true,"href":"https:\/\/www.europesays.com\/fr\/wp-json\/wp\/v2\/categories?post=499475"},{"taxonomy":"post_tag","embeddable":true,"href":"https:\/\/www.europesays.com\/fr\/wp-json\/wp\/v2\/tags?post=499475"}],"curies":[{"name":"wp","href":"https:\/\/api.w.org\/{rel}","templated":true}]}}