{"id":499479,"date":"2025-10-30T07:54:24","date_gmt":"2025-10-30T07:54:24","guid":{"rendered":"https:\/\/www.europesays.com\/fr\/499479\/"},"modified":"2025-10-30T07:54:24","modified_gmt":"2025-10-30T07:54:24","slug":"france-la-croissance-accelere-au-troisieme-trimestre-mieux-quattendu-30-10-2025-a-0805","status":"publish","type":"post","link":"https:\/\/www.europesays.com\/fr\/499479\/","title":{"rendered":"France: la croissance acc\u00e9l\u00e8re au troisi\u00e8me trimestre, mieux qu&rsquo;attendu &#8211; 30\/10\/2025 \u00e0 08:05"},"content":{"rendered":"<p>        <img decoding=\"async\" src=\"https:\/\/www.europesays.com\/fr\/wp-content\/uploads\/2025\/10\/97ee91219a50cb3737b4a5408f315767-760x507.jpg\" alt=\"( AFP \/ SEBASTIEN DUPUY )\" loading=\"eager\" fetchpriority=\"high\" width=\"760\" height=\"507\" style=\"max-width: 100%!important; height: auto;\"\/><\/p>\n<p class=\"c-image-news__legend\">( AFP \/ SEBASTIEN DUPUY )<\/p>\n<p>\n La croissance \u00e9conomique de la France a atteint 0,5% au troisi\u00e8me trimestre 2025 par rapport aux trois mois pr\u00e9c\u00e9dents, tir\u00e9e par les exportations, selon une estimation provisoire de l&rsquo;Institut national de la statistique qui d\u00e9passe sa pr\u00e9vision initiale.\n<\/p>\n<p>\n L&rsquo;Insee anticipait une croissance de 0,3% entre juillet et septembre dans la deuxi\u00e8me \u00e9conomie de la zone euro, comme au deuxi\u00e8me trimestre, apr\u00e8s +0,1% au premier trimestre.\n<\/p>\n<p>\n Cette surperformance laisse augurer que la France d\u00e9passera la croissance de 0,7% attendue par le gouvernement en 2025. L&rsquo;acquis de croissance, c&rsquo;est-\u00e0-dire ce que serait la croissance annuelle si le PIB n&rsquo;\u00e9voluait plus du tout en fin d&rsquo;ann\u00e9e, est de 0,8% \u00e0 la fin septembre.\n<\/p>\n<p>\n Le ministre de l&rsquo;Economie, Roland Lescure, a salu\u00e9 \u00ab\u00a0une performance remarquable\u00a0\u00bb, dans une r\u00e9action transmise \u00e0 l&rsquo;AFP: \u00ab\u00a0malgr\u00e9 les soubresauts politiques et les incertitudes internationales, nos entreprises investissent, exportent et font progresser le pays\u00a0\u00bb.\n<\/p>\n<p>\n \u00ab\u00a0L\u2019adoption rapide d&rsquo;un budget qui pr\u00e9serve la confiance des entreprises et des m\u00e9nages sera capitale pour maintenir cet \u00e9lan\u00a0\u00bb, a-t-il ajout\u00e9.\n<\/p>\n<p>\n Le budget pour 2026 est \u00e2prement d\u00e9battu dans une Assembl\u00e9e nationale sans majorit\u00e9, o\u00f9 plane toujours la menace d&rsquo;une censure du gouvernement.\n<\/p>\n<p>\n Les \u00e9changes se cristallisent notamment sur la taxation des plus riches, r\u00e9clam\u00e9e par le PS comme prix de son soutien apr\u00e8s avoir obtenu la suspension de la r\u00e9forme des retraites.\n<\/p>\n<p>\n Malgr\u00e9 un environnement national instable et les tensions commerciales avec les Etats-Unis, l&rsquo;\u00e9conomie fran\u00e7aise a b\u00e9n\u00e9fici\u00e9 d&rsquo;une acc\u00e9l\u00e9ration des exportations entre juillet et septembre, en particulier dans l&rsquo;a\u00e9ronautique. Les importations \u00e9tant en repli, la contribution du commerce ext\u00e9rieur \u00e0 la croissance du PIB atteint 0,9 point.\n<\/p>\n<p>\n Les investissements se sont redress\u00e9s (+0,4% apr\u00e8s 0,0%), tir\u00e9s par ceux des entreprises (+0,9%) tandis que les investissements des m\u00e9nages ont recul\u00e9 (-0,4%).\n<\/p>\n<p>\n Pilier traditionnel de la croissance, la consommation des m\u00e9nages a augment\u00e9 l\u00e9g\u00e8rement de 0,1%, au m\u00eame rythme que le trimestre pr\u00e9c\u00e9dent. La baisse de la consommation alimentaire est contrebalanc\u00e9e par le rebond de la consommation d&rsquo;\u00e9nergie.<\/p>\n","protected":false},"excerpt":{"rendered":"( AFP \/ SEBASTIEN DUPUY ) La croissance \u00e9conomique de la France a atteint 0,5% au troisi\u00e8me trimestre&hellip;\n","protected":false},"author":2,"featured_media":499480,"comment_status":"","ping_status":"","sticky":false,"template":"","format":"standard","meta":{"footnotes":""},"categories":[4],"tags":[400,11,398,408,405,1011,27,403,402,399,404,12,25,401,406,407],"class_list":{"0":"post-499479","1":"post","2":"type-post","3":"status-publish","4":"format-standard","5":"has-post-thumbnail","7":"category-france","8":"tag-action-cac-40","9":"tag-actualites","10":"tag-bourse-de-paris","11":"tag-boursorama","12":"tag-cotations","13":"tag-fr","14":"tag-france","15":"tag-indices-devises","16":"tag-investir","17":"tag-investissement","18":"tag-marche-boursier","19":"tag-news","20":"tag-republique-francaise","21":"tag-sicav","22":"tag-trackers","23":"tag-warrants"},"share_on_mastodon":{"url":"https:\/\/pubeurope.com\/@fr\/115462043341265655","error":""},"_links":{"self":[{"href":"https:\/\/www.europesays.com\/fr\/wp-json\/wp\/v2\/posts\/499479","targetHints":{"allow":["GET"]}}],"collection":[{"href":"https:\/\/www.europesays.com\/fr\/wp-json\/wp\/v2\/posts"}],"about":[{"href":"https:\/\/www.europesays.com\/fr\/wp-json\/wp\/v2\/types\/post"}],"author":[{"embeddable":true,"href":"https:\/\/www.europesays.com\/fr\/wp-json\/wp\/v2\/users\/2"}],"replies":[{"embeddable":true,"href":"https:\/\/www.europesays.com\/fr\/wp-json\/wp\/v2\/comments?post=499479"}],"version-history":[{"count":0,"href":"https:\/\/www.europesays.com\/fr\/wp-json\/wp\/v2\/posts\/499479\/revisions"}],"wp:featuredmedia":[{"embeddable":true,"href":"https:\/\/www.europesays.com\/fr\/wp-json\/wp\/v2\/media\/499480"}],"wp:attachment":[{"href":"https:\/\/www.europesays.com\/fr\/wp-json\/wp\/v2\/media?parent=499479"}],"wp:term":[{"taxonomy":"category","embeddable":true,"href":"https:\/\/www.europesays.com\/fr\/wp-json\/wp\/v2\/categories?post=499479"},{"taxonomy":"post_tag","embeddable":true,"href":"https:\/\/www.europesays.com\/fr\/wp-json\/wp\/v2\/tags?post=499479"}],"curies":[{"name":"wp","href":"https:\/\/api.w.org\/{rel}","templated":true}]}}