{"id":499490,"date":"2025-10-30T08:05:20","date_gmt":"2025-10-30T08:05:20","guid":{"rendered":"https:\/\/www.europesays.com\/fr\/499490\/"},"modified":"2025-10-30T08:05:20","modified_gmt":"2025-10-30T08:05:20","slug":"le-peintre-jacques-louis-david-recoit-de-napoleon-bonaparte-la-croix-de-la-legion-dhonneur","status":"publish","type":"post","link":"https:\/\/www.europesays.com\/fr\/499490\/","title":{"rendered":"le peintre Jacques-Louis David re\u00e7oit de Napol\u00e9on Bonaparte la croix de la L\u00e9gion d\u2019honneur"},"content":{"rendered":"<p data-module=\"standfirst-editorial-episode\" data-context=\"@media (min-width:48em)\">\n    Dans l\u2019\u00e9glise des Invalides, les tambours, les fifres jouent une marche lente tandis que chacun des r\u00e9cipiendaires vient, \u00e0 son tour, recevoir la pr\u00e9cieuse croix des mains de son Empereur.<\/p>\n<p class=\"fig-paragraph fig-paragraph--dropped\">Cet article est issu du\u00a0<a href=\"https:\/\/boutique.lefigaro.fr\/produit\/141029-david-un-monde-nouveau\" target=\"_blank\" rel=\"noopener\" data-gtm-custom-categorie=\"navigation\" data-gtm-custom-action=\"crossclick\" data-gtm-custom-label=\"Contextuel\" data-gtm-event=\"customEventSPE\">Figaro Hors-S\u00e9rie \u00ab David, un monde nouveau\u00a0\u00bb<\/a>, publi\u00e9 \u00e0 l\u2019occasion de la magistrale exposition \u00abDavid\u00ab au mus\u00e9e du Louvre. D\u00e9couvrez la vie et l\u2019\u0153uvre du peintre de la R\u00e9volution et de l\u2019Empire, dans les tourmentes de l\u2019Histoire.<\/p>\n<p>    \u00abDavid, un monde nouveau\u00bb.<br \/>\n                Le Figaro hors-s\u00e9rie<\/p>\n<p class=\"fig-paragraph fig-paragraph--dropped\">David observe l\u2019homme qui lui fait face, solennel et imp\u00e9rial dans son uniforme bleu et dor\u00e9. C\u2019est curieux, il a encore chang\u00e9.\u00a0<a href=\"http:\/\/www.lefigaro.fr\/arts-expositions\/exposition-andrea-appiani-le-peintre-italien-fan-de-napoleon-bonaparte-20250321\" target=\"_blank\" data-fig-type=\"Article\" rel=\"noopener\" data-gtm-custom-categorie=\"navigation\" data-gtm-custom-action=\"crossclick\" data-gtm-custom-label=\"Contextuel\" data-gtm-event=\"customEventSPE\" data-fig-domain=\"LEFIGARO\">Depuis qu\u2019il a rencontr\u00e9 Bonaparte<\/a>, le peintre s\u2019\u00e9tonne de le trouver chaque fois diff\u00e9rent. Bien s\u00fbr, un novice n\u2019y verrait que du feu. La physionomie g\u00e9n\u00e9rale reste la m\u00eame\u00a0: petite taille, teint oliv\u00e2tre, pommettes hautes, m\u00e2choire carr\u00e9e, regard expressif capable en une minute de s\u00e9duire ou d\u2019intimider.\u00a0<a href=\"http:\/\/www.lefigaro.fr\/arts-expositions\/jacques-louis-david-revolutionnaire-et-imperial-au-louvre-20251012\" target=\"_blank\" data-fig-type=\"Article\" rel=\"noopener\" data-gtm-custom-categorie=\"navigation\" data-gtm-custom-action=\"crossclick\" data-gtm-custom-label=\"Contextuel\" data-gtm-event=\"customEventSPE\" data-fig-domain=\"LEFIGARO\">Mais un artiste<\/a>\u00a0sait d\u00e9celer ces petits riens qui, progressivement, subrepticement, vous changent un \u00eatre.<\/p>\n<p class=\"fig-paragraph fig-paragraph--dropped\">Or personne ne change plus vite que Bonaparte. Chaque fois que le peintre le revoit,\u00a0<a href=\"https:\/\/www.lefigaro.fr\/conjoncture\/les-bonaparte-une-soif-d-or-et-de-pouvoir-dans-le-sang-20230807\" target=\"_blank\" data-fig-type=\"Article\" rel=\"noopener\" data-gtm-custom-categorie=\"navigation\" data-gtm-custom-action=\"crossclick\" data-gtm-custom-label=\"Contextuel\" data-gtm-event=\"customEventSPE\" data-fig-domain=\"LEFIGARO\">c\u2019est un homme nouveau<\/a>. La premi\u00e8re fois, c\u2019\u00e9tait un g\u00e9n\u00e9ral timide, volontaire et un peu rustre. En 1798, quand\u2026<\/p>\n<p class=\"fig-premium-paywall__infos\">\n        Cet article est r\u00e9serv\u00e9 aux abonn\u00e9s.        Il vous reste 78% \u00e0 d\u00e9couvrir.\n    <\/p>\n<p>                <img  data- alt=\"Le Figaro\" class=\"fig-img--complete fig-img\"\/><\/p>\n<p class=\"fig-premium-paywall__title\">Vous avez envie de lire la suite ?<\/p>\n<p class=\"fig-premium-paywall__subtitle\">D\u00e9bloquez tous les articles imm\u00e9diatement.<\/p>\n<p class=\"fig-premium-paywall__connect\">\n                D\u00e9j\u00e0 abonn\u00e9\u00a0?                <a class=\"fig-premium-paywall__connect-link\" href=\"https:\/\/connect.lefigaro.fr\/login?client=horizon_web&amp;type=main&amp;redirect_uri=https%3A%2F%2Fwww.lefigaro.fr%2Fhistoire%2F15-juillet-1804-quand-sa-representation-heroique-de-bonaparte-a-valu-a-david-d-etre-decore-20251029\" data-js-gtm=\"{&quot;customCategorie&quot;: &quot;conversion&quot;, &quot;customAction&quot;: &quot;before_Landing_Connexion_paywall_auto&quot;, &quot;customLabel&quot;: &quot;bGVmaWdhcm8uZnJfXzFmMGFlNGNiLTM5NDYtNjVmNi05MzdlLWZiM2Q5MTE1NWZjNV9fQXJ0aWNsZQ==_15 juillet 1804\u00a0: le peintre Jacques-Louis David re\u00e7oit de Napol\u00e9on Bonaparte la croix de la L\u00e9gion d\u2019honneur_193&quot;, &quot;customIDSPE&quot;: &quot;bGVmaWdhcm8uZnJfXzFmMGFlNGNiLTM5NDYtNjVmNi05MzdlLWZiM2Q5MTE1NWZjNV9fQXJ0aWNsZQ==&quot;, &quot;event&quot;: &quot;customEventSPE&quot;}\" target=\"_blank\" rel=\"noopener\"><br \/>\n                    Connectez-vous<br \/>\n                <\/a>\n            <\/p>\n","protected":false},"excerpt":{"rendered":"Dans l\u2019\u00e9glise des Invalides, les tambours, les fifres jouent une marche lente tandis que chacun des r\u00e9cipiendaires vient,&hellip;\n","protected":false},"author":2,"featured_media":499491,"comment_status":"","ping_status":"","sticky":false,"template":"","format":"standard","meta":{"footnotes":""},"categories":[1358],"tags":[1348,1384,1385,1386,58,59,1011,27,10254,24378,1585],"class_list":{"0":"post-499490","1":"post","2":"type-post","3":"status-publish","4":"format-standard","5":"has-post-thumbnail","7":"category-arts-et-design","8":"tag-arts","9":"tag-arts-and-design","10":"tag-arts-et-design","11":"tag-design","12":"tag-divertissement","13":"tag-entertainment","14":"tag-fr","15":"tag-france","16":"tag-legion-dhonneur","17":"tag-napoleon-bonaparte","18":"tag-peinture"},"share_on_mastodon":{"url":"https:\/\/pubeurope.com\/@fr\/115462086543626732","error":""},"_links":{"self":[{"href":"https:\/\/www.europesays.com\/fr\/wp-json\/wp\/v2\/posts\/499490","targetHints":{"allow":["GET"]}}],"collection":[{"href":"https:\/\/www.europesays.com\/fr\/wp-json\/wp\/v2\/posts"}],"about":[{"href":"https:\/\/www.europesays.com\/fr\/wp-json\/wp\/v2\/types\/post"}],"author":[{"embeddable":true,"href":"https:\/\/www.europesays.com\/fr\/wp-json\/wp\/v2\/users\/2"}],"replies":[{"embeddable":true,"href":"https:\/\/www.europesays.com\/fr\/wp-json\/wp\/v2\/comments?post=499490"}],"version-history":[{"count":0,"href":"https:\/\/www.europesays.com\/fr\/wp-json\/wp\/v2\/posts\/499490\/revisions"}],"wp:featuredmedia":[{"embeddable":true,"href":"https:\/\/www.europesays.com\/fr\/wp-json\/wp\/v2\/media\/499491"}],"wp:attachment":[{"href":"https:\/\/www.europesays.com\/fr\/wp-json\/wp\/v2\/media?parent=499490"}],"wp:term":[{"taxonomy":"category","embeddable":true,"href":"https:\/\/www.europesays.com\/fr\/wp-json\/wp\/v2\/categories?post=499490"},{"taxonomy":"post_tag","embeddable":true,"href":"https:\/\/www.europesays.com\/fr\/wp-json\/wp\/v2\/tags?post=499490"}],"curies":[{"name":"wp","href":"https:\/\/api.w.org\/{rel}","templated":true}]}}