{"id":499492,"date":"2025-10-30T08:07:43","date_gmt":"2025-10-30T08:07:43","guid":{"rendered":"https:\/\/www.europesays.com\/fr\/499492\/"},"modified":"2025-10-30T08:07:43","modified_gmt":"2025-10-30T08:07:43","slug":"star-academy-qui-sont-les-3-eleves-nommes-cette-semaine","status":"publish","type":"post","link":"https:\/\/www.europesays.com\/fr\/499492\/","title":{"rendered":"\u00ab\u00a0Star Academy\u00a0\u00bb : qui sont les 3 \u00e9l\u00e8ves nomm\u00e9s cette semaine ?"},"content":{"rendered":"<ul class=\"jsx-862013697 ArticleChapo__List\">\n<li class=\"jsx-862013697 ArticleChapo__List_Item flex\">Ce samedi, TF1 diffusera le troisi\u00e8me prime de la nouvelle saison de la \u00ab\u00a0Star Academy\u00a0\u00bb.<\/li>\n<li class=\"jsx-862013697 ArticleChapo__List_Item flex\">Qui sont les 3 \u00e9l\u00e8ves nomm\u00e9s apr\u00e8s les \u00e9valuations pass\u00e9es face \u00e0 leur marraine Charlotte Cardin ?<\/li>\n<li class=\"jsx-862013697 ArticleChapo__List_Item flex\">Retrouvez la quotidienne et tous les meilleurs moments de la saison en streaming sur TF1+.<\/li>\n<\/ul>\n<p><a href=\"https:\/\/www.tf1info.fr\/actualite\/star-academy-2025-videos-replay-tf1-casting-des-candidats-nouvelle-saison-14352\/\" rel=\"noopener\" class=\"jsx-484472199 Link jsx-1428418400 jsx-798756813\" target=\"_blank\"><\/p>\n<p style=\"font-weight:400\" class=\"jsx-1837267516\">Suivez la couverture compl\u00e8te<\/p>\n<p style=\"font-weight:800\" class=\"jsx-1837267516\">Star Academy 2025<\/p>\n<p><\/a><\/p>\n<p data-module=\"article-paragraph\" class=\"jsx-3046738180 Paragraph\">Apr\u00e8s <a href=\"https:\/\/www.tf1info.fr\/culture\/programme-tv-tf1-en-direct-star-academy-2025-qui-de-ema-mehdi-et-theo-p-quittera-l-aventure-ce-soir-samedi-25-octobre-2025-2402730.html\" target=\"_blank\" rel=\"noopener\">l&rsquo;\u00e9limination de Mehdi<\/a>, qui quittera l&rsquo;aventure \u00ab\u00a0Star Academy\u00a0\u00bb ce samedi soir ? Cette semaine, lors des \u00e9valuations, les \u00e9l\u00e8ves ont d\u00fb convaincre non seulement leurs professeurs, mais ils ont aussi impressionn\u00e9 <a href=\"https:\/\/www.tf1info.fr\/culture\/tf1-programme-tv-star-academy-ed-sheeran-et-charlotte-cardin-seront-le-parrain-et-la-marraine-de-la-nouvelle-promo-2393000.html\" target=\"_blank\" rel=\"noopener\">leur marraine Charlotte Cardin<\/a> sur des titres extraits de sa playlist. La seule candidate \u00e0 \u00eatre sereine, c&rsquo;est Sarah qui a d\u00e9croch\u00e9 l&rsquo;immunit\u00e9 lors du dernier prime.<\/p>\n<p data-module=\"article-paragraph\" class=\"jsx-3046738180 Paragraph Paragraph__End\">Ambre a ouvert le bal avec \u00ab\u00a0Nothing Breaks Like A Heart\u00a0\u00bb, de Miley Cyrus. \u00ab\u00a0J&rsquo;ai pris une petite claque, cette fille est tellement intense\u00a0\u00bb, juge Michael Goldman. Charlotte Cardin \u00e9tait \u00ab\u00a0en frissons total\u00a0\u00bb. L\u00e9ane a opt\u00e9 pour \u00ab\u00a0Sorry Seems to Be the Hardest Word\u00a0\u00bb, d&rsquo;Elton John. \u00ab\u00a0J&rsquo;ai ador\u00e9, j&rsquo;\u00e9tais contente de la voir dans un contexte plus intime\u00a0\u00bb, a admis Charlotte Cardin pour qui L\u00e9a est une star. Sofia Morgavi, la prof de chant, a aussi aim\u00e9.\u00a0<\/p>\n<p>Un trou de m\u00e9moire pour Lenny<\/p>\n<p data-module=\"article-paragraph\" class=\"jsx-3046738180 Paragraph\">Ema est pass\u00e9e sur \u00ab\u00a0Ta Reine\u00a0\u00bb, d&rsquo;Ang\u00e8le. \u00ab\u00a0Elle est tr\u00e8s charismatique, mais il y avait un manque d&rsquo;intention\u00a0\u00bb, juge la marraine de la promo. \u00ab\u00a0Il y a trop de propositions\u00a0\u00bb pour le prof de th\u00e9\u00e2tre Alain Degois. Michael Goldman trouve qu&rsquo;Ema s&rsquo;est aussi perdue vocalement. Au tour de Bastiaan de se pr\u00e9senter avec \u00ab\u00a0Nothing Breaks Like A Heart\u00a0\u00bb, de Miley Cyrus. \u00ab\u00a0J&rsquo;ai aim\u00e9 le num\u00e9ro, la mise en sc\u00e8ne et lui je l&rsquo;ai surtout aim\u00e9 dans les graves\u00a0\u00bb, a expliqu\u00e9 Charlotte Cardin. Le directeur reste sur sa faim, pour lui c&rsquo;est trop \u00ab\u00a0robotique\u00a0\u00bb.<\/p>\n<p data-module=\"article-paragraph\" class=\"jsx-3046738180 Paragraph Paragraph__End\">L\u00e9a a choisi \u00ab\u00a0Ta Reine\u00a0\u00bb tandis que Lenny, L\u00e9o et Jeanne ont opt\u00e9 pour \u00ab\u00a0Ensemble\u00a0\u00bb, d&rsquo;Aliocha Schneider. Lenny a eu un petit trou de m\u00e9moire, mais il s&rsquo;est bien rattrap\u00e9 comme l&rsquo;a remarqu\u00e9 Charlotte qui aime son timbre de voix. Le directeur adore Lenny, mais il trouve que l&rsquo;\u00e9valuation est un peu en dessous.<\/p>\n<p>Des sp\u00e9cialit\u00e9s qu\u00e9b\u00e9coises pour le dessert<\/p>\n<p data-module=\"article-paragraph\" class=\"jsx-3046738180 Paragraph\">Anouk s&rsquo;est pr\u00e9sent\u00e9e quant \u00e0 elle sur \u00ab\u00a0Pri\u00e8re pa\u00efenne\u00a0\u00bb de C\u00e9line Dion. \u00ab\u00a0J&rsquo;ai ador\u00e9, elle a choisi la chanson la plus difficile \u00e0 chanter. C&rsquo;est un quasi sans faute\u00a0\u00bb, s&rsquo;est enthousiasm\u00e9e la marraine. Pour le directeur, c&rsquo;est une r\u00e9ussite. Marl\u00e8ne Schaff est d&rsquo;accord aussi.<\/p>\n<p data-module=\"article-paragraph\" class=\"jsx-3046738180 Paragraph Paragraph__End\">Pendant que les professeurs d\u00e9lib\u00e8rent, Charlotte Cardin en profite pour d\u00e9jeuner avec les \u00e9l\u00e8ves et apprendre \u00e0 mieux les conna\u00eetre. Et elle a ramen\u00e9 des petites sp\u00e9cialit\u00e9s qu\u00e9b\u00e9coises pour le dessert. Elle a aussi d\u00e9voil\u00e9 en avant-premi\u00e8re le clip de \u00ab\u00a0Tant pis pour elle\u00a0\u00bb. Les acad\u00e9miciens sont rest\u00e9s bouche b\u00e9e. Ils se sont aussi fait plaisir en chantant le tube \u00ab\u00a0Feel Good\u00a0\u00bb autour du piano avec leur marraine.<\/p>\n<p><a href=\"https:\/\/www.tf1info.fr\/culture\/qui-se-cache-derriere-katseye-le-groupe-qui-va-creer-l-evenement-aux-nrj-music-awards-et-a-la-star-academy-2403304.html\" rel=\"noopener\" class=\"jsx-3308031228 Link flex\" target=\"_blank\"><img decoding=\"async\" src=\"https:\/\/www.europesays.com\/fr\/wp-content\/uploads\/2025\/10\/katseye-groupe-7084e2-1@1x.jpeg\" alt=\"Katseye, le girls band qui s\u00e9duit la plan\u00e8te. \" loading=\"lazy\" importance=\"low\" fetchpriority=\"low\" class=\"\" aria-hidden=\"true\"\/><\/p>\n<p class=\"jsx-3657663356 ReadMoreArticle__Title\">Lire aussi<\/p>\n<p class=\"jsx-3657663356\">Qui est Katseye, le girls band ph\u00e9nom\u00e8ne attendu aux NRJ Music Awards et \u00e0 la Star Academy ?<\/p>\n<p><\/a><\/p>\n<p data-module=\"article-paragraph\" class=\"jsx-3046738180 Paragraph Paragraph__End\">Les \u00e9l\u00e8ves ont \u00e9galement pris un cours de sport avec Ladji Doucour\u00e9 et la footballeuse Laure Boulleau, une grande fan de la \u00ab\u00a0Star Ac\u00a0\u00bb. De quoi bien les d\u00e9tendre avant les r\u00e9sultats des \u00e9valuations. En attendant, L\u00e9a, L\u00e9ane et Sarah ont pass\u00e9 leur audition pour performer aux c\u00f4t\u00e9s du groupe Katseye, qui sera pr\u00e9sent lors du prime samedi. C&rsquo;est le girls band qui choisira la candidate qui partagera la sc\u00e8ne avec elles sur le titre \u00ab\u00a0Gabriela\u00a0\u00bb. Le directeur a finalement annonc\u00e9 le nom des trois nomm\u00e9s cette semaine : il s&rsquo;agit de Noah, Lenny et Ema.<\/p>\n<p>Rania HOBALLAH<\/p>\n","protected":false},"excerpt":{"rendered":"Ce samedi, TF1 diffusera le troisi\u00e8me prime de la nouvelle saison de la \u00ab\u00a0Star Academy\u00a0\u00bb. Qui sont les&hellip;\n","protected":false},"author":2,"featured_media":499493,"comment_status":"","ping_status":"","sticky":false,"template":"","format":"standard","meta":{"footnotes":""},"categories":[1356],"tags":[1111,11,1921,58,59,1011,27,1922,2041,873,5095,59699,252,199,1364,133,2040],"class_list":{"0":"post-499492","1":"post","2":"type-post","3":"status-publish","4":"format-standard","5":"has-post-thumbnail","7":"category-television","8":"tag-actu","9":"tag-actualites","10":"tag-article-video","11":"tag-divertissement","12":"tag-entertainment","13":"tag-fr","14":"tag-france","15":"tag-info","16":"tag-medias-et-divertissement","17":"tag-musique","18":"tag-star-academy","19":"tag-star-academy-2025","20":"tag-television","21":"tag-tf1","22":"tag-tv","23":"tag-video","24":"tag-video-culture"},"share_on_mastodon":{"url":"https:\/\/pubeurope.com\/@fr\/115462094943279133","error":""},"_links":{"self":[{"href":"https:\/\/www.europesays.com\/fr\/wp-json\/wp\/v2\/posts\/499492","targetHints":{"allow":["GET"]}}],"collection":[{"href":"https:\/\/www.europesays.com\/fr\/wp-json\/wp\/v2\/posts"}],"about":[{"href":"https:\/\/www.europesays.com\/fr\/wp-json\/wp\/v2\/types\/post"}],"author":[{"embeddable":true,"href":"https:\/\/www.europesays.com\/fr\/wp-json\/wp\/v2\/users\/2"}],"replies":[{"embeddable":true,"href":"https:\/\/www.europesays.com\/fr\/wp-json\/wp\/v2\/comments?post=499492"}],"version-history":[{"count":0,"href":"https:\/\/www.europesays.com\/fr\/wp-json\/wp\/v2\/posts\/499492\/revisions"}],"wp:featuredmedia":[{"embeddable":true,"href":"https:\/\/www.europesays.com\/fr\/wp-json\/wp\/v2\/media\/499493"}],"wp:attachment":[{"href":"https:\/\/www.europesays.com\/fr\/wp-json\/wp\/v2\/media?parent=499492"}],"wp:term":[{"taxonomy":"category","embeddable":true,"href":"https:\/\/www.europesays.com\/fr\/wp-json\/wp\/v2\/categories?post=499492"},{"taxonomy":"post_tag","embeddable":true,"href":"https:\/\/www.europesays.com\/fr\/wp-json\/wp\/v2\/tags?post=499492"}],"curies":[{"name":"wp","href":"https:\/\/api.w.org\/{rel}","templated":true}]}}