{"id":499497,"date":"2025-10-30T08:10:11","date_gmt":"2025-10-30T08:10:11","guid":{"rendered":"https:\/\/www.europesays.com\/fr\/499497\/"},"modified":"2025-10-30T08:10:11","modified_gmt":"2025-10-30T08:10:11","slug":"le-vrai-age-dor-du-cerveau-arrive-plus-tard-quon-ne-le-pense-un-appel-a-repenser-la-maniere-dont-nous-valorisons-lexperience","status":"publish","type":"post","link":"https:\/\/www.europesays.com\/fr\/499497\/","title":{"rendered":"Le vrai \u00e2ge d&rsquo;or du cerveau arrive plus tard qu&rsquo;on ne le pense\u00a0: \u00ab\u00a0Un appel \u00e0 repenser la mani\u00e8re dont nous valorisons l&rsquo;exp\u00e9rience\u00a0\u00bb"},"content":{"rendered":"<p class=\"ap-StoryElement ap-StoryElement--mb ap-StoryText\">Cette combinaison de traits cognitifs, \u00e9motionnels et de personnalit\u00e9 permet de comprendre pourquoi les plus grands succ\u00e8s professionnels ou de leadership surviennent souvent tard dans la vie.<\/p>\n<p class=\"ap-StoryElement ap-StoryElement--mb ap-StoryText\">Pour parvenir \u00e0 cette conclusion, l&rsquo;\u00e9quipe de Gilles Gignac a compil\u00e9 des donn\u00e9es issues de nombreuses \u00e9tudes sur seize dimensions psychologiques : m\u00e9moire, raisonnement, stabilit\u00e9 \u00e9motionnelle, empathie, flexibilit\u00e9 mentale, r\u00e9sistance aux <a href=\"https:\/\/www.lalibre.be\/economie\/decideurs-chroniqueurs\/2021\/11\/09\/comment-nos-biais-cognitifs-influencent-nos-actions-face-au-rechauffement-climatique-MUYSTM6SS5A2THRPLOZWSLGHSA\/\" target=\"_self\" rel=\"nofollow noopener\">biais cognitifs<\/a>, entre autres. Ces r\u00e9sultats ont \u00e9t\u00e9 standardis\u00e9s pour \u00e9tablir une carte de l&rsquo;\u00e9volution mentale tout au long de la vie.<\/p>\n<p><a href=\"https:\/\/www.lalibre.be\/planete\/sante\/2023\/05\/15\/ce-jour-de-fevrier-2021-je-me-suis-rendu-compte-que-quelque-chose-ne-tournait-pas-juste-dans-ma-tete-GZC7IMXCQFC2LJ4UQIIL3E4PAQ\/\" target=\"_blank\" rel=\"noopener noreferrer nofollow\" class=\"ap-StoryInterstitialLink ap-StoryElement ap-StoryElement--mb\">\u00ab\u00a0Un jour de f\u00e9vrier 2021, je me suis rendu compte que quelque chose ne tournait pas juste dans ma t\u00eate\u00a0\u00bb<\/a><\/p>\n<p class=\"text-left ap-StoryElement ap-StoryElement--mb ap-StoryText\">Le tableau est nuanc\u00e9 : la m\u00e9moire de travail et la rapidit\u00e9 de traitement d\u00e9clinent effectivement apr\u00e8s la trentaine. Mais d&rsquo;autres capacit\u00e9s, comme la culture g\u00e9n\u00e9rale, la compr\u00e9hension morale ou la capacit\u00e9 \u00e0 g\u00e9rer ses \u00e9motions, continuent de progresser. \u00ab\u00a0Entre 55 et 60 ans, on observe une sorte de sweet spot du fonctionnement <a href=\"https:\/\/www.lalibre.be\/belgique\/societe\/2025\/10\/28\/comment-allez-vous-bof-pas-terrible-de-plus-en-plus-de-belges-se-sentent-stresses-et-fatigues-KUGYD5FJBRDR3CPSPFLXEHMYYE\/\" target=\"_self\" rel=\"nofollow noopener\">psychologique <\/a>humain, d\u00e9crit Gilles Gignac. Les gens disposent alors d&rsquo;une base de connaissances riche, d&rsquo;une grande stabilit\u00e9 \u00e9motionnelle et d&rsquo;une meilleure r\u00e9sistance aux erreurs de jugement.\u00a0\u00bb<\/p>\n<p class=\"ap-StoryElement ap-StoryElement--mb ap-StoryText\">Ce point d&rsquo;\u00e9quilibre explique pourquoi de nombreuses personnes de cet \u00e2ge excellent dans les r\u00f4les complexes et exigeants, o\u00f9 il faut combiner raisonnement, exp\u00e9rience et intuition sociale.<\/p>\n<p>Le d\u00e9clin, apr\u00e8s 70 ans, s&rsquo;acc\u00e9l\u00e8re<\/p>\n<p class=\"text-left ap-StoryElement ap-StoryElement--mb ap-StoryText\">L&rsquo;\u00e9tude r\u00e9v\u00e8le aussi que cette p\u00e9riode de puissance cognitive n&rsquo;est pas \u00e9ternelle. \u00ab\u00a0Nous avons \u00e9t\u00e9 frapp\u00e9s par la pente du d\u00e9clin apr\u00e8s 70 ans, note Gilles Gignac. Dans notre mod\u00e8le le plus classique, un jeune adulte de 20 ans obtient d\u00e9j\u00e0 un score sup\u00e9rieur \u00e0 celui de nombreux dirigeants \u00e2g\u00e9s de plus de 70 ans.\u00a0\u00bb<\/p>\n<p><a href=\"https:\/\/www.lalibre.be\/planete\/sciences-espace\/2025\/08\/22\/les-neurosciences-prouvent-que-la-liberte-est-une-illusion-nous-ne-sommes-que-des-marionnettes-dans-les-mains-de-notre-cerveau-YJZSU7AMQVFMHCT4QY6HCUTYHM\/\" target=\"_blank\" rel=\"noopener noreferrer nofollow\" class=\"ap-StoryInterstitialLink ap-StoryElement ap-StoryElement--mb\">\u00ab\u00a0Les neurosciences prouvent que la libert\u00e9 est une illusion ; nous ne sommes que des marionnettes dans les mains de notre cerveau\u00a0\u00bb<\/a><\/p>\n<p class=\"ap-StoryElement ap-StoryElement--mb ap-StoryText\">Le chercheur souligne toutefois de fortes diff\u00e9rences individuelles : certains conservent des performances \u00e9lev\u00e9es bien au-del\u00e0 de cet \u00e2ge, surtout lorsque leur sant\u00e9 et leur curiosit\u00e9 restent entretenues.<\/p>\n<p>Repenser la valeur de l&rsquo;\u00e2ge<\/p>\n<p class=\"text-left ap-StoryElement ap-StoryElement--mb ap-StoryText\">Ces r\u00e9sultats invitent \u00e0 revoir la mani\u00e8re dont la soci\u00e9t\u00e9 per\u00e7oit la <a href=\"https:\/\/www.lalibre.be\/lifestyle\/magazine\/2025\/05\/25\/rencontrer-lamour-apres-50-ans-oui-cest-encore-possible-BOIYWC4CXFEFPLAJU76WVFHL6I\/\" target=\"_self\" rel=\"nofollow noopener\">cinquantaine<\/a>. \u00ab\u00a0Les personnes dans la cinquantaine sont souvent d\u00e9savantag\u00e9es sur le march\u00e9 du travail, regrette le chercheur. Pourtant, nos donn\u00e9es montrent que cette p\u00e9riode correspond \u00e0 un fonctionnement sup\u00e9rieur. Cela sugg\u00e8re que les entreprises passent peut-\u00eatre \u00e0 c\u00f4t\u00e9 d&rsquo;un formidable r\u00e9servoir de comp\u00e9tences et de jugement.\u00a0\u00bb<\/p>\n<p class=\"text-left ap-StoryElement ap-StoryElement--mb ap-StoryText\">Selon lui, cette recherche plaide pour une r\u00e9\u00e9valuation du r\u00f4le des adultes de milieu de vie, notamment dans les postes de direction. \u00ab\u00a0Nos capacit\u00e9s psychologiques ne sont pas fig\u00e9es \u00e0 25 ans, insiste-t-il. Elles \u00e9voluent. Dans bien des cas, les individus sont \u00e0 leur plus haut niveau de comp\u00e9tence \u00e0 55 ans. C&rsquo;est \u00e0 la fois un message porteur d&rsquo;espoir et un appel \u00e0 repenser la mani\u00e8re dont nous valorisons l&rsquo;exp\u00e9rience.\u00a0\u00bb<\/p>\n<p><a href=\"https:\/\/www.lalibre.be\/planete\/sante\/2025\/09\/05\/les-changements-dans-le-cerveau-arrivent-en-premier-avant-meme-la-prise-de-poids-quand-la-malbouffe-brouille-nos-neurones-XERFCNN7Q5CAFMLWIVTEVMYMSQ\/\" target=\"_blank\" rel=\"noopener noreferrer nofollow\" class=\"ap-StoryInterstitialLink ap-StoryElement ap-StoryElement--mb\">\u00ab\u00a0Les changements dans le cerveau arrivent en premier, avant m\u00eame la prise de poids\u00a0\u00bb: quand la malbouffe brouille nos neurones<\/a><\/p>\n","protected":false},"excerpt":{"rendered":"Cette combinaison de traits cognitifs, \u00e9motionnels et de personnalit\u00e9 permet de comprendre pourquoi les plus grands succ\u00e8s professionnels&hellip;\n","protected":false},"author":2,"featured_media":499498,"comment_status":"","ping_status":"","sticky":false,"template":"","format":"standard","meta":{"footnotes":""},"categories":[10],"tags":[31060,62179,62180,1011,27,72,62181,62188,19540,2742,10019,12517,62182,46020,71,62183,42074,62184,10026,62185,62186,46022,62187,29398,3876,39989],"class_list":{"0":"post-499497","1":"post","2":"type-post","3":"status-publish","4":"format-standard","5":"has-post-thumbnail","7":"category-sante","8":"tag-beach","9":"tag-beauty-in-nature","10":"tag-coast","11":"tag-fr","12":"tag-france","13":"tag-health","14":"tag-horizon-over-water","15":"tag-hurricane","16":"tag-land","17":"tag-nature","18":"tag-no-people","19":"tag-ocean","20":"tag-palm-tree","21":"tag-plant","22":"tag-sante","23":"tag-scenics-nature","24":"tag-sea","25":"tag-shore","26":"tag-sky","27":"tag-tranquil-scene","28":"tag-tranquility","29":"tag-tree","30":"tag-tropical-climate","31":"tag-water","32":"tag-weather","33":"tag-wind"},"share_on_mastodon":{"url":"https:\/\/pubeurope.com\/@fr\/115462106332736568","error":""},"_links":{"self":[{"href":"https:\/\/www.europesays.com\/fr\/wp-json\/wp\/v2\/posts\/499497","targetHints":{"allow":["GET"]}}],"collection":[{"href":"https:\/\/www.europesays.com\/fr\/wp-json\/wp\/v2\/posts"}],"about":[{"href":"https:\/\/www.europesays.com\/fr\/wp-json\/wp\/v2\/types\/post"}],"author":[{"embeddable":true,"href":"https:\/\/www.europesays.com\/fr\/wp-json\/wp\/v2\/users\/2"}],"replies":[{"embeddable":true,"href":"https:\/\/www.europesays.com\/fr\/wp-json\/wp\/v2\/comments?post=499497"}],"version-history":[{"count":0,"href":"https:\/\/www.europesays.com\/fr\/wp-json\/wp\/v2\/posts\/499497\/revisions"}],"wp:featuredmedia":[{"embeddable":true,"href":"https:\/\/www.europesays.com\/fr\/wp-json\/wp\/v2\/media\/499498"}],"wp:attachment":[{"href":"https:\/\/www.europesays.com\/fr\/wp-json\/wp\/v2\/media?parent=499497"}],"wp:term":[{"taxonomy":"category","embeddable":true,"href":"https:\/\/www.europesays.com\/fr\/wp-json\/wp\/v2\/categories?post=499497"},{"taxonomy":"post_tag","embeddable":true,"href":"https:\/\/www.europesays.com\/fr\/wp-json\/wp\/v2\/tags?post=499497"}],"curies":[{"name":"wp","href":"https:\/\/api.w.org\/{rel}","templated":true}]}}