{"id":499507,"date":"2025-10-30T08:16:11","date_gmt":"2025-10-30T08:16:11","guid":{"rendered":"https:\/\/www.europesays.com\/fr\/499507\/"},"modified":"2025-10-30T08:16:11","modified_gmt":"2025-10-30T08:16:11","slug":"info-rtl-cambriolage-du-louvre-cinq-nouveaux-suspects-interpelles","status":"publish","type":"post","link":"https:\/\/www.europesays.com\/fr\/499507\/","title":{"rendered":"INFO RTL &#8211; Cambriolage du Louvre : cinq nouveaux suspects interpell\u00e9s"},"content":{"rendered":"<p class=\"article-p mdl\">D&rsquo;apr\u00e8s des sources judiciaires \u00e0 RTL, cinq nouveaux suspects ont \u00e9t\u00e9 interpell\u00e9s dans l&rsquo;enqu\u00eate sur le cambriolage du Louvre. Les cinq suspects ont \u00e9t\u00e9 arr\u00eat\u00e9s simultan\u00e9ment dans diff\u00e9rents endroits en r\u00e9gion parisienne vers 21h, mercredi 29 octobre. Invit\u00e9e sur RTL ce jeudi, la procureure de Paris, Laure Beccuau a indiqu\u00e9 qu&rsquo;il \u00ab\u00a0\u00e9tait trop t\u00f4t\u00a0\u00bb pour communiquer le profil des suspects.\u00a0<\/p>\n<p class=\"article-p mdl\">\u00ab\u00a0L&rsquo;un d&rsquo;entre eux \u00e9tait un des objectifs des enqu\u00eateurs puisque nous avions des traces ADN le concernant qui le lie, de notre point de vue, au vol qui a \u00e9t\u00e9 commis\u00a0\u00bb, a-t-elle tout de m\u00eame pr\u00e9cis\u00e9.<\/p>\n<p class=\"article-p mdl\">Le deux premiers suspects interpell\u00e9s samedi ont de leur c\u00f4t\u00e9\u00a0<a class=\"link\" href=\"https:\/\/www.rtl.fr\/actu\/justice-faits-divers\/cambriolage-au-louvre-profil-des-suspects-bijoux-ce-qu-il-faut-retenir-de-la-conference-de-presse-de-la-procureure-de-paris-7900559909\" title=\"Cambriolage au Louvre : profil des suspects, bijoux... Ce qu&#039;il faut retenir de la conf\u00e9rence de presse de la procureure de Paris\" target=\"_blank\" rel=\"noopener\">reconnu \u00ab\u00a0partiellement les faits<\/a>. \u00ab\u00a0Ils ont fini par admettre qu&rsquo;il avait \u00e9t\u00e9 impliqu\u00e9 dans ce cambriolage\u00a0\u00bb, a indiqu\u00e9 la magistrate sur RTL. Elle a pr\u00e9cis\u00e9 que l&rsquo;enqu\u00eate \u00ab\u00a0se poursuit pour identifier l&rsquo;ensemble des protagonistes\u00a0\u00bb.\u00a0<\/p>\n<p>            Les bijoux toujours recherch\u00e9s<\/p>\n<p class=\"article-p mdl\"><a class=\"link\" href=\"https:\/\/www.rtl.fr\/actu\/justice-faits-divers\/cambriolage-au-louvre-les-nouvelles-perquisitions-n-ont-pas-permis-de-retrouver-les-bijoux-annonce-sur-rtl-la-procureure-de-paris-7900560048\" title=\"Cambriolage au Louvre : les nouvelles perquisitions &quot;n\u2019ont pas permis de retrouver les bijoux&quot;, annonce sur RTL la procureure de Paris\" target=\"_blank\" rel=\"noopener\">Les bijoux \u00ab\u00a0n&rsquo;ont pas pu \u00eatre retrouv\u00e9s\u00a0\u00bb<\/a>\u00a0lors de cette vague d&rsquo;interpellation, a indiqu\u00e9 sur RTL la procureure de Paris. Le butin des voleurs est cons\u00e9quent : huit joyaux de la Couronne, incluant le diad\u00e8me d&rsquo;Eug\u00e9nie orn\u00e9 de pr\u00e8s de 2.000 diamants, ainsi que le collier de la parure de saphirs ayant appartenu \u00e0 Marie-Am\u00e9lie, derni\u00e8re reine de France, et \u00e0 Hortense de Beauharnais, m\u00e8re de Napol\u00e9on III.<\/p>\n<p class=\"article-p mdl\">La procureure a assur\u00e9 sur RTL que les enqu\u00eateurs \u00e9taient \u00ab\u00a0d\u00e9termin\u00e9s\u00a0\u00bb \u00e0 retrouver les bijoux vol\u00e9s. Pour les retrouver, Laure Beccuau a fait appel \u00e0 l&rsquo;Office central de lutte contre le trafic des biens culturels. \u00ab\u00a0Cet office est en train d&rsquo;examiner tout le march\u00e9 l\u00e9gal des \u0153uvres d&rsquo;art et (&#8230;) en revanche, il a certain nombre de march\u00e9s parall\u00e8les que la sp\u00e9cialisation de cet office sait explorer et l\u00e0 aussi, nous avons une forme de vigilance\u00a0\u00bb.\u00a0<\/p>\n<p class=\"title\">\n                                                Le r\u00e9cit d&rsquo;un stup\u00e9fiant braquage en plein jour (1\/3)<\/p>\n<p class=\"subtitle\">\n                                                    7 minutes pour braquer le Louvre<\/p>\n<p>    <a href=\"https:\/\/www.rtl.fr\/programmes\/7-minutes-pour-braquer-le-louvre\" class=\"cta\" data-section=\"\" target=\"_blank\" rel=\"noopener\"><\/p>\n<p>                                                D\u00e9couvrir l&rsquo;\u00e9mission<\/p>\n<p>        <\/a><\/p>\n<p class=\"title\">\n                                                1911, 1976, 1998&#8230; Ces autres casses aux troublantes similitudes (3\/3)<\/p>\n<p class=\"subtitle\">\n                                                    7 minutes pour braquer le Louvre<\/p>\n<p>    <a href=\"https:\/\/www.rtl.fr\/programmes\/7-minutes-pour-braquer-le-louvre\" class=\"cta\" data-section=\"\" target=\"_blank\" rel=\"noopener\"><\/p>\n<p>                                                D\u00e9couvrir l&rsquo;\u00e9mission<\/p>\n<p>        <\/a><\/p>\n<p>    La r\u00e9daction vous recommande<\/p>\n<p class=\"s-newsletter__title\">\n                L\u2019actualit\u00e9 par la r\u00e9daction de RTL dans votre bo\u00eete mail.\n            <\/p>\n<p class=\"s-newsletter__subtitle\">\n                Gr\u00e2ce \u00e0 votre compte RTL abonnez-vous \u00e0 la newsletter RTL info pour suivre toute l&rsquo;actualit\u00e9 au quotidien\n            <\/p>\n<p>\n                                    Lire la suite\n                                <\/p>\n","protected":false},"excerpt":{"rendered":"D&rsquo;apr\u00e8s des sources judiciaires \u00e0 RTL, cinq nouveaux suspects ont \u00e9t\u00e9 interpell\u00e9s dans l&rsquo;enqu\u00eate sur le cambriolage du&hellip;\n","protected":false},"author":2,"featured_media":499508,"comment_status":"","ping_status":"","sticky":false,"template":"","format":"standard","meta":{"footnotes":""},"categories":[4],"tags":[11,898,9462,1067,107,1011,27,11272,12842,12,626,25],"class_list":{"0":"post-499507","1":"post","2":"type-post","3":"status-publish","4":"format-standard","5":"has-post-thumbnail","7":"category-france","8":"tag-actualites","9":"tag-alerte","10":"tag-cambriolages","11":"tag-enquete","12":"tag-fil-info","13":"tag-fr","14":"tag-france","15":"tag-interpellation","16":"tag-le-louvre","17":"tag-news","18":"tag-paris","19":"tag-republique-francaise"},"share_on_mastodon":{"url":"https:\/\/pubeurope.com\/@fr\/115462129875602355","error":""},"_links":{"self":[{"href":"https:\/\/www.europesays.com\/fr\/wp-json\/wp\/v2\/posts\/499507","targetHints":{"allow":["GET"]}}],"collection":[{"href":"https:\/\/www.europesays.com\/fr\/wp-json\/wp\/v2\/posts"}],"about":[{"href":"https:\/\/www.europesays.com\/fr\/wp-json\/wp\/v2\/types\/post"}],"author":[{"embeddable":true,"href":"https:\/\/www.europesays.com\/fr\/wp-json\/wp\/v2\/users\/2"}],"replies":[{"embeddable":true,"href":"https:\/\/www.europesays.com\/fr\/wp-json\/wp\/v2\/comments?post=499507"}],"version-history":[{"count":0,"href":"https:\/\/www.europesays.com\/fr\/wp-json\/wp\/v2\/posts\/499507\/revisions"}],"wp:featuredmedia":[{"embeddable":true,"href":"https:\/\/www.europesays.com\/fr\/wp-json\/wp\/v2\/media\/499508"}],"wp:attachment":[{"href":"https:\/\/www.europesays.com\/fr\/wp-json\/wp\/v2\/media?parent=499507"}],"wp:term":[{"taxonomy":"category","embeddable":true,"href":"https:\/\/www.europesays.com\/fr\/wp-json\/wp\/v2\/categories?post=499507"},{"taxonomy":"post_tag","embeddable":true,"href":"https:\/\/www.europesays.com\/fr\/wp-json\/wp\/v2\/tags?post=499507"}],"curies":[{"name":"wp","href":"https:\/\/api.w.org\/{rel}","templated":true}]}}