{"id":499525,"date":"2025-10-30T08:27:10","date_gmt":"2025-10-30T08:27:10","guid":{"rendered":"https:\/\/www.europesays.com\/fr\/499525\/"},"modified":"2025-10-30T08:27:10","modified_gmt":"2025-10-30T08:27:10","slug":"rouen-30-concerts-en-15-jours-pour-la-26e-edition-de-chants-delles","status":"publish","type":"post","link":"https:\/\/www.europesays.com\/fr\/499525\/","title":{"rendered":"Rouen. 30 concerts en 15 jours pour la 26e \u00e9dition de Chants d&rsquo;elles"},"content":{"rendered":"<p melodystyle=\"texte\">C&rsquo;est un rendez-vous qui est d\u00e9sormais bien install\u00e9 dans l&rsquo;agglom\u00e9ration de Rouen. <a href=\"https:\/\/www.festivalchantsdelles.org\/\" target=\"_blank\" rel=\"nofollow noopener\">Chants d&rsquo;elles<\/a> propose de mettre \u00e0 l&rsquo;honneur pendant deux semaines les artistes f\u00e9minines, du 1er au 16 novembre.\u00a0<\/p>\n<p>Panorama\u00a0musical<\/p>\n<p melodystyle=\"texte\">Chants d&rsquo;elles promeut les voix mais plus largement la musique\u00a0: \u00ab\u00a0C&rsquo;est l&rsquo;expression f\u00e9minine qui prime, il y aura donc aussi des concerts purement instrumentaux comme celui du quatuor contemporain Kaija\u00a0\u00bb, pr\u00e9cise Ludwig Brosch, programmateur coordinateur de Chants d&rsquo;elles. Cette ann\u00e9e, le festival accorde davantage de place au jazz, mais Chants d&rsquo;elles propose aussi bien des concerts rock, world musique ou chanson fran\u00e7aise. Chaque salle partenaire \u00e9tablit elle-m\u00eame sa programmation.\u00a0<\/p>\n<p>Formule parcours<\/p>\n<p melodystyle=\"texte\">Depuis quelques ann\u00e9es, Chants d&rsquo;elles est inaugur\u00e9e par une soir\u00e9e parcours musical dans les bars rouennais, centr\u00e9e sur le quartier Robec.\u00a0\u00ab\u00a0C&rsquo;est un rendez-vous gratuit et un vrai moment de convivialit\u00e9, souligne Ludwig Brosch. Pour favoriser l&rsquo;ouverture de Chants d&rsquo;elles au plus grand nombre, nous multiplions les concerts gratuits qui sont parfois donn\u00e9s dans des lieux qui ne sont pas d\u00e9di\u00e9s \u00e0 la musique comme le centre hospitalier du Rouvray pour Moonya ou la biblioth\u00e8que de Sotteville-l\u00e8s-Rouen pour le caf\u00e9-concert de l&rsquo;artiste franco-palestinienne Christine Zayed.\u00a0\u00bb\u00a0<\/p>\n<p>Festival de proximit\u00e9\u00a0<\/p>\n<p melodystyle=\"texte\">Cette formule permet \u00e0 l&rsquo;artiste de s&rsquo;exprimer sur son travail, de d\u00e9battre de l&rsquo;actualit\u00e9 ou de la place des femmes dans le monde de la musique. Chants d&rsquo;elles favorise la proximit\u00e9 avec le public et pr\u00f4ne aussi les talents locaux. \u00ab\u00a0Certaines de nos artistes sont des fid\u00e8les de longue date comme Leonor Stirman, Lady Arlette et Am\u00e9lie Affagard. Le festival les reprogramme en fonction de leur actu et accueille aussi des nouvelles venues comme Agathe B.\u00a0\u00bb\u00a0Enfin le festival se d\u00e9roule essentiellement dans l&rsquo;agglom\u00e9ration rouennaise, avec quelques \u00e9chapp\u00e9es, notamment dans le pays de Bray\u00a0!<\/p>\n<p style=\"font-weight:bold;color:#000;\">Pratique. Du 1er au 16 novembre. Programme et informations sur <a href=\"https:\/\/www.festivalchantsdelles.org\/\" target=\"_blank\" rel=\"nofollow noopener\">festivalchantsdelles.org<\/a><\/p>\n","protected":false},"excerpt":{"rendered":"C&rsquo;est un rendez-vous qui est d\u00e9sormais bien install\u00e9 dans l&rsquo;agglom\u00e9ration de Rouen. Chants d&rsquo;elles propose de mettre \u00e0&hellip;\n","protected":false},"author":2,"featured_media":499526,"comment_status":"","ping_status":"","sticky":false,"template":"","format":"standard","meta":{"footnotes":""},"categories":[9587],"tags":[1111,11,1777,674,1011,27,12,5161,25,9590],"class_list":{"0":"post-499525","1":"post","2":"type-post","3":"status-publish","4":"format-standard","5":"has-post-thumbnail","7":"category-rouen","8":"tag-actu","9":"tag-actualites","10":"tag-eu","11":"tag-europe","12":"tag-fr","13":"tag-france","14":"tag-news","15":"tag-normandie","16":"tag-republique-francaise","17":"tag-rouen"},"share_on_mastodon":{"url":"https:\/\/pubeurope.com\/@fr\/115462173004985971","error":""},"_links":{"self":[{"href":"https:\/\/www.europesays.com\/fr\/wp-json\/wp\/v2\/posts\/499525","targetHints":{"allow":["GET"]}}],"collection":[{"href":"https:\/\/www.europesays.com\/fr\/wp-json\/wp\/v2\/posts"}],"about":[{"href":"https:\/\/www.europesays.com\/fr\/wp-json\/wp\/v2\/types\/post"}],"author":[{"embeddable":true,"href":"https:\/\/www.europesays.com\/fr\/wp-json\/wp\/v2\/users\/2"}],"replies":[{"embeddable":true,"href":"https:\/\/www.europesays.com\/fr\/wp-json\/wp\/v2\/comments?post=499525"}],"version-history":[{"count":0,"href":"https:\/\/www.europesays.com\/fr\/wp-json\/wp\/v2\/posts\/499525\/revisions"}],"wp:featuredmedia":[{"embeddable":true,"href":"https:\/\/www.europesays.com\/fr\/wp-json\/wp\/v2\/media\/499526"}],"wp:attachment":[{"href":"https:\/\/www.europesays.com\/fr\/wp-json\/wp\/v2\/media?parent=499525"}],"wp:term":[{"taxonomy":"category","embeddable":true,"href":"https:\/\/www.europesays.com\/fr\/wp-json\/wp\/v2\/categories?post=499525"},{"taxonomy":"post_tag","embeddable":true,"href":"https:\/\/www.europesays.com\/fr\/wp-json\/wp\/v2\/tags?post=499525"}],"curies":[{"name":"wp","href":"https:\/\/api.w.org\/{rel}","templated":true}]}}