{"id":499529,"date":"2025-10-30T08:33:34","date_gmt":"2025-10-30T08:33:34","guid":{"rendered":"https:\/\/www.europesays.com\/fr\/499529\/"},"modified":"2025-10-30T08:33:34","modified_gmt":"2025-10-30T08:33:34","slug":"lille-et-vilaine-dans-les-annees-1980-sous-les-reformes-la-plage","status":"publish","type":"post","link":"https:\/\/www.europesays.com\/fr\/499529\/","title":{"rendered":"L\u2019Ille-et-Vilaine dans les Ann\u00e9es 1980\u00a0: sous les r\u00e9formes, la plage"},"content":{"rendered":"<p>Le d\u00e9but du premier mandat pr\u00e9sidentiel de Fran\u00e7ois Mitterrand est marqu\u00e9 par des r\u00e9formes sociales d\u2019envergure.\u00a0Dans un contexte fran\u00e7ais o\u00f9 le ch\u00f4mage de masse a tendance \u00e0 s\u2019installer, les socialistes pr\u00f4nent la baisse du temps de travail pour cr\u00e9er des emplois. Dans ce cadre, le gouvernement de Pierre Mauroy (Premier ministre de mai\u00a01981 \u00e0 juillet\u00a01984) fait passer la semaine de travail hebdomadaire de 40 \u00e0 39\u00a0heures (sans r\u00e9duction salariale) et instaure la 5e semaine de cong\u00e9s pay\u00e9s. Autre promesse de campagne de Fran\u00e7ois Mitterrand, le passage de l\u2019\u00e2ge du d\u00e9part \u00e0 la retraite \u00e0 60\u00a0ans (contre 65\u00a0auparavant) est adopt\u00e9 par ordonnance le 25\u00a0mars 1982.<br \/><strong>LIRE AUSSI<\/strong>\u00a0: <a href=\"https:\/\/rennes.maville.com\/actu\/actudet_--10-mai-1981.-il-y-a-40-ans-mitterrand-arrivait-au-pouvoir-on-voulait-soulever-des-montagnes-_54135-4616694_actu.Htm\" target=\"_blank\" rel=\"noopener\">10\u00a0mai 1981. Il y a 40\u00a0ans, Mitterrand arrivait au pouvoir\u00a0: \u00ab\u00a0On voulait soulever des montagnes\u00a0\u00bb<\/a><\/p>\n<p>Ces r\u00e9formes laissent place \u00e0 plus de temps libre. Pour les <strong>\u00ab\u00a0exclus des grands d\u00e9parts\u00a0\u00bb<\/strong> (Ouest-France, 26\u00a0mars 1982) sont notamment mis en place les premiers ch\u00e8ques vacances. Pour ceux qui souhaitent changer d\u2019air sans partir trop loin, des sites touristiques se d\u00e9veloppent aux quatre coins du d\u00e9partement.<\/p>\n<p>Succ\u00e8s sur la plage de l\u2019\u00c9cluse<\/p>\n<p>Pour aider les communes \u00e0 s\u2019adapter aux nouvelles attentes des touristes, des aides de l\u2019\u00c9tat, de la R\u00e9gion et du D\u00e9partement sont mises\u00a0sur la table. Le 8\u00a0novembre 1984, le pr\u00e9fet de R\u00e9gion et le pr\u00e9sident du Conseil r\u00e9gional signent ainsi un <strong>\u00ab\u00a0contrat particulier en faveur du d\u00e9veloppement du tourisme\u00a0\u00bb<\/strong>. Un an plus tard <a href=\"https:\/\/saint-malo.maville.com\/actu\/actudet_-dinard-dans-les-annees-1980-la-cite-balneaire-face-aux-evolutions-du-tourisme-_7-6566628_actu.Htm\" target=\"_blank\" rel=\"noopener\">Dinard est retenu pour am\u00e9nager les terrains de tennis et le hall d\u2019accueil du Palais des Arts<\/a> pour respectivement 1,5\u00a0million et 1\u00a0million de francs.<\/p>\n<p>\t<img decoding=\"async\" src=\"https:\/\/www.europesays.com\/fr\/wp-content\/uploads\/2025\/10\/P35550628D7041633G_px_640_.jpg\" alt=\"photo la plage de la maison-neuve, base de plein-air de ch\u00eanedet pr\u00e8s de foug\u00e8res, lors des vacances 1981.  \u00a9  archives ouest-france\" width=\"640\" title=\" La plage de la Maison-Neuve, base de plein-air de Ch\u00eanedet pr\u00e8s de Foug\u00e8res, lors des vacances 1981.   Archives Ouest-France \"\/><\/p>\n<p class=\"elmt-legende\"> La plage de la Maison-Neuve, base de plein-air de Ch\u00eanedet pr\u00e8s de Foug\u00e8res, lors des vacances 1981.   Archives Ouest-France <\/p>\n<p>Fin ao\u00fbt\u00a01982, l\u2019heure est au bilan mensuel en Ille-et-Vilaine. Avec des h\u00f4tels complets \u00e0 Dinard, des appartements lou\u00e9s d\u00e8s le d\u00e9but du mois \u00e0 Saint-Malo, des g\u00eetes ruraux \u00e0 succ\u00e8s.<strong> \u00ab\u00a0Mais c\u2019est surtout du c\u00f4t\u00e9 des vacances \u201cbon march\u00e9\u201d que les touristes se sont ru\u00e9s,<\/strong> note Ouest-France dans son \u00e9dition du 30\u00a0ao\u00fbt<strong>. Le taux d\u2019occupation des campings a atteint 90\u00a0% sur la c\u00f4te, 60\u00a0% \u00e0 l\u2019int\u00e9rieur.<\/strong><\/p>\n<p>Ne pas n\u00e9gliger l\u2019environnement<\/p>\n<p>Avec des touristes plus \u00e9conomes mais aussi plus tourn\u00e9s vers les visites, \u00e0 l\u2019instar des <strong>\u00ab\u00a01\u00a0000\u00a0personnes par jour au ch\u00e2teau de Foug\u00e8res\u00a0\u00bb<\/strong>.\u00a0Foug\u00e8res o\u00f9 la base de plein-air de Ch\u00eanedet, au c\u0153ur de la for\u00eat, accueille les locaux sur la plage de Maison-Neuve, au bord de l\u2019\u00e9tang de 4\u00a0hectares. <strong>\u00ab\u00a0Pour beaucoup, le seul endroit o\u00f9 l\u2019on s\u2019offre un air de vacances\u00a0\u00bb,<\/strong> pr\u00e9cise Ouest-France le 31\u00a0juillet 1981. <a href=\"https:\/\/rennes.maville.com\/actu\/actudet_-j-ai-teste-pour-vous-une-sortie-en-canoe-pour-decouvrir-le-lac-de-tremelin-au-petit-matin-_7-6907459_actu.Htm\" target=\"_blank\" rel=\"noopener\">Plus pr\u00e8s de Rennes, le lac de Tr\u00e9melin<\/a>, \u00e0 Iffendic, se d\u00e9veloppe en base de loisirs, les am\u00e9nagements touristiques se doublant d\u2019une Maison de la nature d\u00e8s 1980 pour sensibiliser \u00e0 la protection de l\u2019environnement. Pr\u00e9curseur.<\/p>\n<p>\t<img decoding=\"async\" src=\"https:\/\/www.europesays.com\/fr\/wp-content\/uploads\/2025\/10\/P35550629D7041633G_px_640_.jpg\" alt=\"photo cette histoire et bien d\u2019autres sont \u00e0 retrouver dans notre hors-s\u00e9rie \u00ab\u00a0les ann\u00e9es 80 en ille-et-vilaine, r\u00e9cit d\u2019une g\u00e9n\u00e9ration branch\u00e9e\u00a0!\u00a0\u00bb  \u00a9  ouest-france\" width=\"640\" title=\" Cette histoire et bien d\u2019autres sont \u00e0 retrouver dans notre hors-s\u00e9rie \u00ab\u00a0Les Ann\u00e9es 80 en Ille-et-Vilaine, r\u00e9cit d\u2019une g\u00e9n\u00e9ration branch\u00e9e\u00a0!\u00a0\u00bb   Ouest-France \"\/><\/p>\n<p class=\"elmt-legende\"> Cette histoire et bien d\u2019autres sont \u00e0 retrouver dans notre hors-s\u00e9rie \u00ab\u00a0Les Ann\u00e9es 80 en Ille-et-Vilaine, r\u00e9cit d\u2019une g\u00e9n\u00e9ration branch\u00e9e\u00a0!\u00a0\u00bb   Ouest-France <\/p>\n<p>Retrouvez notre hors-s\u00e9rie Les Ann\u00e9es 80 en Ille-et-Vilaine, r\u00e9cit d\u2019une g\u00e9n\u00e9ration branch\u00e9e, dans tous les points de vente habituels et <a href=\"https:\/\/boutique.ouest-france.fr\/les-annees-80-en-ille-et-vilaine-hors-serie.html\" target=\"_blank\" rel=\"noopener\">sur le site des \u00e9ditions <\/a>  <a href=\"https:\/\/boutique.ouest-france.fr\/\" target=\"_blank\" rel=\"noopener\">Ouest-France<\/a>  (64\u00a0pages, 6,90\u00a0\u20ac).<\/p>\n<p>\u00a0<\/p>\n","protected":false},"excerpt":{"rendered":"Le d\u00e9but du premier mandat pr\u00e9sidentiel de Fran\u00e7ois Mitterrand est marqu\u00e9 par des r\u00e9formes sociales d\u2019envergure.\u00a0Dans un contexte&hellip;\n","protected":false},"author":2,"featured_media":499530,"comment_status":"","ping_status":"","sticky":false,"template":"","format":"standard","meta":{"footnotes":""},"categories":[2821],"tags":[57472,1111,11,7495,829,1777,674,1011,27,848,12,15656,34389,584,25],"class_list":{"0":"post-499529","1":"post","2":"type-post","3":"status-publish","4":"format-standard","5":"has-post-thumbnail","7":"category-rennes","8":"tag-57472","9":"tag-actu","10":"tag-actualites","11":"tag-annees","12":"tag-bretagne","13":"tag-eu","14":"tag-europe","15":"tag-fr","16":"tag-france","17":"tag-ille-et-vilaine","18":"tag-news","19":"tag-plage","20":"tag-reformes","21":"tag-rennes","22":"tag-republique-francaise"},"share_on_mastodon":{"url":"https:\/\/pubeurope.com\/@fr\/115462197378493490","error":""},"_links":{"self":[{"href":"https:\/\/www.europesays.com\/fr\/wp-json\/wp\/v2\/posts\/499529","targetHints":{"allow":["GET"]}}],"collection":[{"href":"https:\/\/www.europesays.com\/fr\/wp-json\/wp\/v2\/posts"}],"about":[{"href":"https:\/\/www.europesays.com\/fr\/wp-json\/wp\/v2\/types\/post"}],"author":[{"embeddable":true,"href":"https:\/\/www.europesays.com\/fr\/wp-json\/wp\/v2\/users\/2"}],"replies":[{"embeddable":true,"href":"https:\/\/www.europesays.com\/fr\/wp-json\/wp\/v2\/comments?post=499529"}],"version-history":[{"count":0,"href":"https:\/\/www.europesays.com\/fr\/wp-json\/wp\/v2\/posts\/499529\/revisions"}],"wp:featuredmedia":[{"embeddable":true,"href":"https:\/\/www.europesays.com\/fr\/wp-json\/wp\/v2\/media\/499530"}],"wp:attachment":[{"href":"https:\/\/www.europesays.com\/fr\/wp-json\/wp\/v2\/media?parent=499529"}],"wp:term":[{"taxonomy":"category","embeddable":true,"href":"https:\/\/www.europesays.com\/fr\/wp-json\/wp\/v2\/categories?post=499529"},{"taxonomy":"post_tag","embeddable":true,"href":"https:\/\/www.europesays.com\/fr\/wp-json\/wp\/v2\/tags?post=499529"}],"curies":[{"name":"wp","href":"https:\/\/api.w.org\/{rel}","templated":true}]}}