{"id":499531,"date":"2025-10-30T08:34:23","date_gmt":"2025-10-30T08:34:23","guid":{"rendered":"https:\/\/www.europesays.com\/fr\/499531\/"},"modified":"2025-10-30T08:34:23","modified_gmt":"2025-10-30T08:34:23","slug":"le-tfc-arrache-le-nul-face-a-rennes-2-2","status":"publish","type":"post","link":"https:\/\/www.europesays.com\/fr\/499531\/","title":{"rendered":"le TFC arrache le nul face \u00e0 Rennes (2-2)"},"content":{"rendered":"<p><img decoding=\"async\" class=\"\" style=\"width:100%\" src=\"https:\/\/www.europesays.com\/fr\/wp-content\/uploads\/2025\/10\/TFC_Rennes1761809675276.jpg\" alt=\"TFC-RENNES\"\/><\/p>\n<p>2 partout pour le match TFC-RENNES au Stadium de Toulouse<\/p>\n<p>Cr\u00e9dit : Facebook TFC<\/p>\n<p>Le TFC a sauv\u00e9 les meubles hier soir (29 octobre 2025) au Stadium pour la 10e journ\u00e9e de Ligue1.<\/p>\n<p>Men\u00e9s 2-0, les Violets ont r\u00e9ussi \u00e0 revenir au score dans les derni\u00e8res minutes face \u00e0 Rennes. Les hommes de Carles Martinez Novell ont \u00e9t\u00e9 r\u00e9compens\u00e9s par une \u00e9galisation obtenue par Aron Donnum sur p\u00e9nalty, apr\u00e8s une faute du jeune Mohamadou Nagida (2-2, 85e). Malgr\u00e9 plusieurs occasions, les Toulousains, qui ratent une opportunit\u00e9 de se rapprocher des places europ\u00e9ennes, n&rsquo;ont pas fait la diff\u00e9rence.Le TFC est 9e au classement.<\/p>\n<p>Dimanche 2 novembre 2025, les Violets affronteront Le Havre \u00e0 17h15.<\/p>\n<p>Par ailleurs, Habib Beye, est toujours menac\u00e9 mais sera bien sur le banc lors du prochain match dimanche.Apr\u00e8s ce sixi\u00e8me match cons\u00e9cutif sans victoire, le pr\u00e9sident breton Arnaud Pouille a indiqu\u00e9 maintenir son entra\u00eeneur en poste en vue de la r\u00e9ception de Strasbourg dimanche au Roazhon Park (15h00).<\/p>\n<p>\u00a0\u00a0<\/p>\n","protected":false},"excerpt":{"rendered":"2 partout pour le match TFC-RENNES au Stadium de Toulouse Cr\u00e9dit : Facebook TFC Le TFC a sauv\u00e9&hellip;\n","protected":false},"author":2,"featured_media":499532,"comment_status":"","ping_status":"","sticky":false,"template":"","format":"standard","meta":{"footnotes":""},"categories":[2821],"tags":[1111,11,829,1777,674,63,1011,27,44487,12,40408,584,25,32915,4450,2312],"class_list":{"0":"post-499531","1":"post","2":"type-post","3":"status-publish","4":"format-standard","5":"has-post-thumbnail","7":"category-rennes","8":"tag-actu","9":"tag-actualites","10":"tag-bretagne","11":"tag-eu","12":"tag-europe","13":"tag-football","14":"tag-fr","15":"tag-france","16":"tag-ligue1","17":"tag-news","18":"tag-nul","19":"tag-rennes","20":"tag-republique-francaise","21":"tag-stadium","22":"tag-tfc","23":"tag-toulouse"},"share_on_mastodon":{"url":"https:\/\/pubeurope.com\/@fr\/115462201182843792","error":""},"_links":{"self":[{"href":"https:\/\/www.europesays.com\/fr\/wp-json\/wp\/v2\/posts\/499531","targetHints":{"allow":["GET"]}}],"collection":[{"href":"https:\/\/www.europesays.com\/fr\/wp-json\/wp\/v2\/posts"}],"about":[{"href":"https:\/\/www.europesays.com\/fr\/wp-json\/wp\/v2\/types\/post"}],"author":[{"embeddable":true,"href":"https:\/\/www.europesays.com\/fr\/wp-json\/wp\/v2\/users\/2"}],"replies":[{"embeddable":true,"href":"https:\/\/www.europesays.com\/fr\/wp-json\/wp\/v2\/comments?post=499531"}],"version-history":[{"count":0,"href":"https:\/\/www.europesays.com\/fr\/wp-json\/wp\/v2\/posts\/499531\/revisions"}],"wp:featuredmedia":[{"embeddable":true,"href":"https:\/\/www.europesays.com\/fr\/wp-json\/wp\/v2\/media\/499532"}],"wp:attachment":[{"href":"https:\/\/www.europesays.com\/fr\/wp-json\/wp\/v2\/media?parent=499531"}],"wp:term":[{"taxonomy":"category","embeddable":true,"href":"https:\/\/www.europesays.com\/fr\/wp-json\/wp\/v2\/categories?post=499531"},{"taxonomy":"post_tag","embeddable":true,"href":"https:\/\/www.europesays.com\/fr\/wp-json\/wp\/v2\/tags?post=499531"}],"curies":[{"name":"wp","href":"https:\/\/api.w.org\/{rel}","templated":true}]}}