{"id":499537,"date":"2025-10-30T08:37:14","date_gmt":"2025-10-30T08:37:14","guid":{"rendered":"https:\/\/www.europesays.com\/fr\/499537\/"},"modified":"2025-10-30T08:37:14","modified_gmt":"2025-10-30T08:37:14","slug":"a-cagnes-sur-mer-le-maire-louis-negre-investit-enfin-les-reseaux-sociaux-a-lapproche-des-municipales","status":"publish","type":"post","link":"https:\/\/www.europesays.com\/fr\/499537\/","title":{"rendered":"\u00c0 Cagnes-sur-Mer, le maire Louis N\u00e8gre investit enfin les r\u00e9seaux sociaux \u00e0 l\u2019approche des municipales"},"content":{"rendered":"<p class=\"fs-5 \">Internet d\u00e9butait laborieusement, en 1995, lorsque Louis N\u00e8gre a \u00e9t\u00e9 \u00e9lu maire de Cagnes-sur-Mer pour la premi\u00e8re fois. \u00c0 l\u2019\u00e9poque, les r\u00e9seaux sociaux n\u2019existaient qu\u2019en serrant des paluches au march\u00e9, sur le bord de mer ou dans les ruelles du vieux bourg. Il \u00e9tait question d\u2019occuper le terrain, en chair et en os. Trois d\u00e9cennies plus tard, c\u2019est d\u00e9sormais dans l\u2019ar\u00e8ne num\u00e9rique que se joue une partie de la course aux \u00e9lections.<\/p>\n<p class=\"fs-5 \">Alors qu\u2019il briguera en mars 2026 un septi\u00e8me mandat, l\u2019\u00e9dile Les R\u00e9publicains a donc d\u00fb se mettre au diapason. \u00ab C\u2019est une \u00e9volution communicationnelle qui est contrainte par l\u2019offensive de ses opposants, tr\u00e8s virulents sur Facebook ou Twitter (actuel X). Il y a Philippe Touzeau-Menoni, conseiller d\u2019opposition, mais aussi et surtout le d\u00e9put\u00e9 (Rassemblement national) Bryan Masson, tous deux candidats. \u00c7a inqui\u00e8te la majorit\u00e9 \u00bb, remarque un observateur de la vie politique cagnoise.<\/p>\n<p>    <img decoding=\"async\" src=\"https:\/\/www.europesays.com\/fr\/wp-content\/uploads\/2025\/10\/2ffab92_upload-from-url-1-fhtan3hjpkrf-data-art-16384789.jpg\" class=\"figure-img img-fluid rounded\" alt=\"A generic square placeholder image with rounded corners in a figure.\"\/><\/p>\n<p class=\"fs-5 \">\u00ab Lors de la pr\u00e9c\u00e9dente mandature, les r\u00e9seaux sociaux n\u2019\u00e9taient pas une priorit\u00e9, poursuit-il. En 2020, les posts ne se sont intensifi\u00e9s qu\u2019\u00e0 l\u2019approche du scrutin. Au printemps, un virage \u00e0 180 degr\u00e9s s\u2019est op\u00e9r\u00e9. Plus d\u2019un an avant l\u2019\u00e9ch\u00e9ance \u00e9lectorale ! \u00bb<\/p>\n<p>                                                                                Une spin doctor pour donner un \u00ab coup de neuf \u00bb ?<\/p>\n<p class=\"fs-5 \">Pour \u00e9laborer cette nouvelle formule, \u00ab une collaboratrice a m\u00eame \u00e9t\u00e9 embauch\u00e9e au cabinet \u00bb, rappelle un proche de la municipalit\u00e9. Une sorte de spin doctor ? \u00ab Elle s\u2019occupe du maire, pas du candidat. Mais comme toujours, \u00e0 l\u2019approche des votes, la fronti\u00e8re peut \u00eatre floue. Concr\u00e8tement, elle donne un coup de neuf \u00e0 l\u2019image de Louis N\u00e8gre. R\u00e9active, elle cr\u00e9e du contenu plut\u00f4t tendance. \u00bb<\/p>\n<p class=\"fs-5 \">En t\u00e9moignent ces vid\u00e9os rythm\u00e9es o\u00f9 l\u2019\u00e9dile est mis en sc\u00e8ne sur un fond musical \u00e0 la mode, ou encore ces publications souhaitant une belle journ\u00e9e aux Cagnoises et Cagnois, photos de dauphins, de cygnes ou de levers de soleil \u00e0 l\u2019appui. \u00ab Vous imaginez le choc pour un briscard du RPR, habitu\u00e9 \u00e0 une posture classique, un brin paternaliste ? \u00bb, note la m\u00eame source. \u00ab Mais finalement, il se pr\u00eate au jeu avec une certaine aisance. \u00bb<\/p>\n<p class=\"fs-5 \">Plus surprenant encore, l\u2019\u00e9lu a post\u00e9 sur Facebook, un GIF (courte vid\u00e9o qui se r\u00e9p\u00e8te en boucle) de lui avec l\u2019un de ses petits-fils. \u00ab Il est tr\u00e8s rare que je d\u00e9voile ma vie priv\u00e9e sur les r\u00e9seaux sociaux, notamment par pudeur et par souci de prot\u00e9ger les miens, \u00e9crit-il. Mais en cette journ\u00e9e c\u00e9l\u00e9brant les grands-p\u00e8res, je voulais partager avec vous cet instant de complicit\u00e9. \u00bb<\/p>\n<p class=\"fs-5 \">Sur un plan plus politique, l\u2019\u00e9lu s\u2019adonne d\u00e9sormais \u00e0 des commentaires, face cam\u00e9ra, sur les actualit\u00e9s nationales et locales, la d\u00e9fense de son bilan ou les attaques de ses d\u00e9tracteurs. Avec le hashtag \u00ab r\u00e9action \u00bb mais aussi \u00ab coup de gueule \u00bb, l\u2019\u00e9dile sort ainsi de \u00ab sa zone de confort, relate-t-on en mairie. Il y avait quelque chose de sage \u00e0 ne pas souffler sur les feux de paille. Mais il est d\u00e9sormais impossible de ne plus se d\u00e9fendre. \u00bb<\/p>\n<p>            <img src=\"https:\/\/www.europesays.com\/fr\/wp-content\/uploads\/2025\/10\/1761813434_876_610a59f_upload-from-url-1-pxot3r80gscw-data-art-16473330.jpg\"   loading=\"lazy\" decoding=\"async\" alt=\"Un contre affichage moqueur sur une affiche de campagne de Bryan Masson, fin octobre, \u00e0 Cagnes-sur-Mer. Photo A.O. \" class=\"img-fluid position-absolute w-100 object-fit-cover rounded-2\" width=\"600\" height=\"400\"\/><\/p>\n<p>                                                                                \u00ab Il disait vouloir rester au-dessus de la m\u00eal\u00e9e des r\u00e9seaux sociaux \u00bb<\/p>\n<p class=\"fs-5 \">Sur les accusations de b\u00e9tonnage intempestif, lanc\u00e9es par le collectif de la Casa du Cros, sur le projet de cr\u00e9ation d\u2019une mosqu\u00e9e, vilipend\u00e9e par le d\u00e9put\u00e9 d\u2019extr\u00eame droite, Louis N\u00e8gre riposte avec parcimonie. \u00ab Du temps o\u00f9 j\u2019\u00e9tais sa premi\u00e8re adjointe (2014-2017), il disait vouloir rester au-dessus de la m\u00eal\u00e9e des r\u00e9seaux sociaux, comme si \u00e7a ne le concernait pas \u00bb, raconte Josiane Piret.<\/p>\n<p class=\"fs-5 \">La conseill\u00e8re d\u2019opposition, soutien de Bryan Masson, tacle ce virage num\u00e9rique : \u00ab Son \u00e9quipe de com\u2019 a d\u00fb \u00e9norm\u00e9ment insister. Mais \u00e7a n\u2019est pas vraiment lui, \u00e7a ne prend pas. \u00bb C\u00f4t\u00e9 mairie, o\u00f9 nos sollicitations sont rest\u00e9es lettres mortes, un proche bondit malgr\u00e9 tout : \u00ab C\u2019est le probl\u00e8me des r\u00e9seaux, quoi que tu fasses, quoi que tu dises, il y aura toujours quelqu\u2019un pour te tomber dessus. \u00bb<\/p>\n","protected":false},"excerpt":{"rendered":"Internet d\u00e9butait laborieusement, en 1995, lorsque Louis N\u00e8gre a \u00e9t\u00e9 \u00e9lu maire de Cagnes-sur-Mer pour la premi\u00e8re fois.&hellip;\n","protected":false},"author":2,"featured_media":499538,"comment_status":"","ping_status":"","sticky":false,"template":"","format":"standard","meta":{"footnotes":""},"categories":[2819],"tags":[1111,11,1777,674,1011,27,3434,12,2401,882,25],"class_list":{"0":"post-499537","1":"post","2":"type-post","3":"status-publish","4":"format-standard","5":"has-post-thumbnail","7":"category-nice","8":"tag-actu","9":"tag-actualites","10":"tag-eu","11":"tag-europe","12":"tag-fr","13":"tag-france","14":"tag-municipales-2026","15":"tag-news","16":"tag-nice","17":"tag-provence-alpes-cote-dazur","18":"tag-republique-francaise"},"share_on_mastodon":{"url":"https:\/\/pubeurope.com\/@fr\/115462213035039942","error":""},"_links":{"self":[{"href":"https:\/\/www.europesays.com\/fr\/wp-json\/wp\/v2\/posts\/499537","targetHints":{"allow":["GET"]}}],"collection":[{"href":"https:\/\/www.europesays.com\/fr\/wp-json\/wp\/v2\/posts"}],"about":[{"href":"https:\/\/www.europesays.com\/fr\/wp-json\/wp\/v2\/types\/post"}],"author":[{"embeddable":true,"href":"https:\/\/www.europesays.com\/fr\/wp-json\/wp\/v2\/users\/2"}],"replies":[{"embeddable":true,"href":"https:\/\/www.europesays.com\/fr\/wp-json\/wp\/v2\/comments?post=499537"}],"version-history":[{"count":0,"href":"https:\/\/www.europesays.com\/fr\/wp-json\/wp\/v2\/posts\/499537\/revisions"}],"wp:featuredmedia":[{"embeddable":true,"href":"https:\/\/www.europesays.com\/fr\/wp-json\/wp\/v2\/media\/499538"}],"wp:attachment":[{"href":"https:\/\/www.europesays.com\/fr\/wp-json\/wp\/v2\/media?parent=499537"}],"wp:term":[{"taxonomy":"category","embeddable":true,"href":"https:\/\/www.europesays.com\/fr\/wp-json\/wp\/v2\/categories?post=499537"},{"taxonomy":"post_tag","embeddable":true,"href":"https:\/\/www.europesays.com\/fr\/wp-json\/wp\/v2\/tags?post=499537"}],"curies":[{"name":"wp","href":"https:\/\/api.w.org\/{rel}","templated":true}]}}