{"id":499541,"date":"2025-10-30T08:39:40","date_gmt":"2025-10-30T08:39:40","guid":{"rendered":"https:\/\/www.europesays.com\/fr\/499541\/"},"modified":"2025-10-30T08:39:40","modified_gmt":"2025-10-30T08:39:40","slug":"yvonne-et-maurice-lamour-par-dela-les-tranchees-un-documentaire-projete-vendredi-a-nantes","status":"publish","type":"post","link":"https:\/\/www.europesays.com\/fr\/499541\/","title":{"rendered":"Yvonne et Maurice, l\u2019amour par-del\u00e0 les tranch\u00e9es : un documentaire projet\u00e9 vendredi \u00e0 Nantes"},"content":{"rendered":"<p>Ils ne pouvaient imaginer comment cette bo\u00eete en bois allait transformer leur vie. \u00c0 l\u2019occasion d\u2019un d\u00e9m\u00e9nagement, les cousins nantais Patrice Retour et Herv\u00e9 Graffe l\u2019ouvrent et d\u00e9couvrent les nombreux courriers que leurs grands-parents, Yvonne et Maurice Retour, s\u2019\u00e9crivaient en 1914. Ils avaient connaissance des lettres que Maurice r\u00e9digeait \u00e0 sa femme depuis le front, mais ont d\u00e9couvert celles qu\u2019Yvonne r\u00e9digeait quotidiennement \u00e0 son mari ch\u00e9ri.<\/p>\n<p>\t<img decoding=\"async\" src=\"https:\/\/www.europesays.com\/fr\/wp-content\/uploads\/2025\/10\/P35550698D7041674G_px_640_.jpg\" alt=\"photo herv\u00e9 graffe et patrice retour, deux des petits-enfants de yvonne et maurice retour, tu\u00e9 au front en 1915.  \u00a9  archives ouest-france\" width=\"640\" title=\" Herv\u00e9 Graffe et Patrice Retour, deux des petits-enfants de Yvonne et Maurice Retour, tu\u00e9 au front en 1915.   Archives Ouest-France \"\/><\/p>\n<p class=\"elmt-legende\"> Herv\u00e9 Graffe et Patrice Retour, deux des petits-enfants de Yvonne et Maurice Retour, tu\u00e9 au front en 1915.   Archives Ouest-France <\/p>\n<p>En 1914, jeunes mari\u00e9s et parents d\u2019un petit Michel, Yvonne et Maurice Retour s\u2019aiment \u00e0 La Fert\u00e9-Mac\u00e9, dans l\u2019Orne. La guerre va fracasser leur vie. Elle emportera Maurice, le 27\u00a0septembre 1915.<\/p>\n<p>\u00c0 Nantes, Patrice Retour s\u2019est donn\u00e9 pour mission, avec son cousin Herv\u00e9 Graffe, de partager l\u2019histoire de ses a\u00efeux qui se sont aim\u00e9s malgr\u00e9 la Grande Guerre.<\/p>\n<p><strong>Retrouvez la correspondance d\u2019Yvonne et Maurice Retour :<\/strong>\u00a0<a href=\"http:\/\/www.nantes.maville.com\/actu\/actudet_-centenaire-de-la-guerre-14-18.-yvonne-et-maurice-l-amour-par-dela-les-tranchees_52716-3573049_actu.Htm\" target=\"_self\" rel=\"noopener\">nous avions choisi de publier des extraits dans Ouest-France, en novembre\u00a02018, \u00e0 l\u2019occasion du centenaire de la Guerre 14-18.<\/a><\/p>\n<p>Patrice Retour a \u00e9galement con\u00e7u un documentaire intitul\u00e9  <a href=\"https:\/\/www.facebook.com\/yvonneetmaurice\" target=\"_self\" rel=\"noopener\">Les nouvelles fian\u00e7ailles,<\/a>  qui sera diffus\u00e9 le <strong>vendredi 31\u00a0octobre<\/strong> \u00e0 17\u00a0h, au passage Sainte-Croix, quartier Bouffay, \u00e0 Nantes, dans le cadre des Go\u00fbters culture. Le go\u00fbter est propos\u00e9 par la boulangerie Eug\u00e9nie. Participation libre.<\/p>\n<p>\u00a0<\/p>\n","protected":false},"excerpt":{"rendered":"Ils ne pouvaient imaginer comment cette bo\u00eete en bois allait transformer leur vie. \u00c0 l\u2019occasion d\u2019un d\u00e9m\u00e9nagement, les&hellip;\n","protected":false},"author":2,"featured_media":499542,"comment_status":"","ping_status":"","sticky":false,"template":"","format":"standard","meta":{"footnotes":""},"categories":[2818],"tags":[1111,11,1376,1190,1777,674,1011,27,62197,766,12,62198,2636,7095,25,62199,6949,62196],"class_list":{"0":"post-499541","1":"post","2":"type-post","3":"status-publish","4":"format-standard","5":"has-post-thumbnail","7":"category-nantes","8":"tag-actu","9":"tag-actualites","10":"tag-amour","11":"tag-documentaire","12":"tag-eu","13":"tag-europe","14":"tag-fr","15":"tag-france","16":"tag-maurice","17":"tag-nantes","18":"tag-news","19":"tag-par-dela","20":"tag-pays-de-la-loire","21":"tag-projete","22":"tag-republique-francaise","23":"tag-tranchees","24":"tag-vendredi","25":"tag-yvonne"},"share_on_mastodon":{"url":"https:\/\/pubeurope.com\/@fr\/115462220833549961","error":""},"_links":{"self":[{"href":"https:\/\/www.europesays.com\/fr\/wp-json\/wp\/v2\/posts\/499541","targetHints":{"allow":["GET"]}}],"collection":[{"href":"https:\/\/www.europesays.com\/fr\/wp-json\/wp\/v2\/posts"}],"about":[{"href":"https:\/\/www.europesays.com\/fr\/wp-json\/wp\/v2\/types\/post"}],"author":[{"embeddable":true,"href":"https:\/\/www.europesays.com\/fr\/wp-json\/wp\/v2\/users\/2"}],"replies":[{"embeddable":true,"href":"https:\/\/www.europesays.com\/fr\/wp-json\/wp\/v2\/comments?post=499541"}],"version-history":[{"count":0,"href":"https:\/\/www.europesays.com\/fr\/wp-json\/wp\/v2\/posts\/499541\/revisions"}],"wp:featuredmedia":[{"embeddable":true,"href":"https:\/\/www.europesays.com\/fr\/wp-json\/wp\/v2\/media\/499542"}],"wp:attachment":[{"href":"https:\/\/www.europesays.com\/fr\/wp-json\/wp\/v2\/media?parent=499541"}],"wp:term":[{"taxonomy":"category","embeddable":true,"href":"https:\/\/www.europesays.com\/fr\/wp-json\/wp\/v2\/categories?post=499541"},{"taxonomy":"post_tag","embeddable":true,"href":"https:\/\/www.europesays.com\/fr\/wp-json\/wp\/v2\/tags?post=499541"}],"curies":[{"name":"wp","href":"https:\/\/api.w.org\/{rel}","templated":true}]}}