{"id":499549,"date":"2025-10-30T08:43:13","date_gmt":"2025-10-30T08:43:13","guid":{"rendered":"https:\/\/www.europesays.com\/fr\/499549\/"},"modified":"2025-10-30T08:43:13","modified_gmt":"2025-10-30T08:43:13","slug":"toulouse-arbres-ombrieres-vegetalisation-cette-place-tres-minerale-va-changer-pour-etre-plus-attractive","status":"publish","type":"post","link":"https:\/\/www.europesays.com\/fr\/499549\/","title":{"rendered":"Toulouse. Arbres, ombri\u00e8res, v\u00e9g\u00e9talisation&#8230; Cette place tr\u00e8s min\u00e9rale va changer pour \u00eatre plus attractive"},"content":{"rendered":"<p>            Par<br \/>\n        <strong><br \/>\n            <a href=\"https:\/\/actu.fr\/auteur\/lucie-2\" title=\"Consulter tous les articles de Lucie Fraisse\" target=\"_blank\" rel=\"noopener\">Lucie Fraisse<\/a><br \/>\n        <\/strong><\/p>\n<p>        Publi\u00e9 le<\/p>\n<p>            30 oct. 2025 \u00e0 6h42        <\/p>\n<p>Depuis quelques jours, une partie du <strong>carr\u00e9 de la Maourine,<\/strong> dans le quartier Borderouge<a href=\"https:\/\/actu.fr\/toulouse\/\" target=\"_blank\" rel=\"noopener\"> \u00e0 Toulouse<\/a>, n\u2019est plus accessible. Les engins de chantier ont pris place et commencent \u00e0 s\u00e9rieusement entamer les am\u00e9nagements r\u00e9alis\u00e9s pr\u00e9c\u00e9demment. Pendant plusieurs mois, cette place situ\u00e9e \u00e0 proximit\u00e9 imm\u00e9diate <strong>du terminus de la ligne B du m\u00e9tro<\/strong> va faire l\u2019objet d\u2019importants travaux. Avec un objectif\u2009: en faire un endroit plus attractif et plus seulement un lieu de passage pour les gens qui empruntent le m\u00e9tro. Voici ce qui est pr\u00e9vu.<\/p>\n<p>Un espace min\u00e9ral qui devrait \u00e9voluer<\/p>\n<p class=\" wall-content\">Si la partie sud du carr\u00e9 de la Maourine est d\u00e9j\u00e0 plant\u00e9e, le reste de la place, du c\u00f4t\u00e9 du boulevard Andr\u00e9 Netwiller, reste tr\u00e8s min\u00e9ral, l\u2019espace ayant \u00e9t\u00e9 pens\u00e9 pour <strong>accueillir un march\u00e9 de plein vent<\/strong> qui se tient d\u2019ailleurs tous les samedis. D\u2019autre part, les actuels espaces verts sont peu accessibles.<\/p>\n<p class=\" wall-content\">Tout cela devrait changer, comme l\u2019expliquait Val\u00e9rie Jacquet-Violleau, maire de quartier, <a href=\"https:\/\/actu.fr\/occitanie\/toulouse_31555\/considere-comme-rate-lors-de-son-lancement-ce-quartier-de-toulouse-va-connaitre-plusieurs-evolutions_61864393.html\" target=\"_blank\" rel=\"noopener\">en novembre dernier<\/a>.<\/p>\n<blockquote class=\"ac-article-quote wall-content\">\n<p> L\u2019esprit du projet \u00e0 venir, c\u2019est de v\u00e9g\u00e9taliser cet espace tout en tenant compte des contraintes techniques avec la pr\u00e9sence de la station de m\u00e9tro dessous et du parking souterrain du centre commercial qui d\u00e9borde sous l\u2019emprise de la place.<\/p>\n<p>    <strong>Val\u00e9rie Jacquet-Violleau<\/strong>\n            <\/p><\/blockquote>\n<p>Arbres plant\u00e9s, sols d\u00e9simperm\u00e9abilis\u00e9s<br \/>\n    <img   decoding=\"async\" loading=\"lazy\" src=\"https:\/\/www.europesays.com\/fr\/wp-content\/uploads\/2025\/10\/place-maourine-toulouse-lf1-960x640.jpg\" alt=\"La place de 5000m\u00b2 va \u00eatre repens\u00e9e.\" width=\"960\" height=\"640\"\/><br \/>\n    La place de 5000m\u00b2 va \u00eatre repens\u00e9e. (\u00a9L.F.\/actu Toulouse)<\/p>\n<p class=\" wall-content\"><strong>54 arbres doivent ainsi \u00eatre plant\u00e9s<\/strong> au carr\u00e9 de la Maourine et 420 m\u00b2 de surfaces vont \u00eatre d\u00e9simperm\u00e9abilis\u00e9s sur cette surface de 5\u2009000 m\u00b2 au total.<\/p>\n<p class=\" wall-content\">L\u00e0 o\u00f9 il y a d\u00e9j\u00e0 des arbres, de nouvelles plantations sont pr\u00e9vues. \u00c0 cet endroit, les cheminements pi\u00e9tons vont \u00e9galement \u00eatre r\u00e9organis\u00e9s.<\/p>\n<p>Votre r\u00e9gion, votre actu !<\/p>\n<p>Recevez chaque jour les infos qui comptent pour vous.<\/p>\n<p>\t<a href=\"https:\/\/actu.fr\/newsletter\" class=\"ac-btn ac-btn--corner ac-btn--medium ac-btn--blue800\" target=\"_blank\" rel=\"noopener\">S&rsquo;incrire<\/a><\/p>\n<p class=\" wall-content\">Des ombri\u00e8res vont \u00eatre install\u00e9es \u00e0 plusieurs endroits du carr\u00e9 de la Maourine. Enfin, du mobilier urbain fait de bois et de m\u00e9tal sera pos\u00e9. Des am\u00e9nagements qui permettront le maintien du march\u00e9 de plein vent chaque semaine.<\/p>\n<p>    <img   decoding=\"async\" loading=\"lazy\" src=\"https:\/\/www.europesays.com\/fr\/wp-content\/uploads\/2025\/10\/place-maourine-toulouse-lf3-960x640.jpg\" alt=\"Les cheminements pi\u00e9tons vont \u00eatre repens\u00e9s.\" width=\"960\" height=\"640\"\/><br \/>\n    Les cheminements pi\u00e9tons vont \u00eatre repens\u00e9s. (\u00a9L.F.\/actu Toulouse)L\u2019ensemble du quartier r\u00e9am\u00e9nag\u00e9<\/p>\n<p class=\" wall-content\">Ces travaux doivent s\u2019achever en f\u00e9vrier prochain. Ils s\u2019inscrivent dans tout un r\u00e9am\u00e9nagement du quartier Borderouge, d\u00e9but\u00e9 \u00e0 l\u2019automne dernier. Avec notamment, la r\u00e9organisation du <strong>boulevard Andr\u00e9-Netwiller<\/strong> pour les mobilit\u00e9s douces avec une nouvelle piste cyclable, partie int\u00e9grante du r\u00e9seau express v\u00e9lo, qui file de<strong> Borderouge au canal du Midi<\/strong>.<\/p>\n<p>    <img   decoding=\"async\" loading=\"lazy\" src=\"https:\/\/www.europesays.com\/fr\/wp-content\/uploads\/2025\/10\/place-maourine-toulouse-lf2-960x640.jpg\" alt=\"De nouvelles plantations sont pr\u00e9vues sur le carr\u00e9 de la maourine.\" width=\"960\" height=\"640\"\/><br \/>\n    De nouvelles plantations sont pr\u00e9vues sur le carr\u00e9 de la maourine. (\u00a9L.F.\/ actu Toulouse)<\/p>\n<p class=\" wall-content\">L\u2019espace a aussi \u00e9t\u00e9 repens\u00e9 pour permettre le passage de la ligne <strong>de bus Lin\u00e9o 12<\/strong> qui circule depuis quelques semaines. <a href=\"https:\/\/actu.fr\/occitanie\/toulouse_31555\/toulouse-le-succes-fou-de-ce-lineo-devenu-en-quelques-semaines-l-un-des-plus-prises-de-l-agglo_63275743.html\" target=\"_blank\" rel=\"noopener\">Une ligne qui relie Borderouge \u00e0 Rangueil<\/a> et qui conna\u00eet un <strong>succ\u00e8s certain<\/strong> depuis son lancement\u2009: le Lin\u00e9o 12 pourrait \u2018tr\u00e8s rapidement devenir le deuxi\u00e8me du r\u00e9seau Lin\u00e9o\u00a0\u00bb, selon les estimations de Jean-Michel Lattes, pr\u00e9sident de Tiss\u00e9o.<\/p>\n<p class=\" wall-content\">Non loin, <a href=\"https:\/\/actu.fr\/occitanie\/toulouse_31555\/toulouse-cet-espace-vert-veritable-oasis-de-verdure-entre-les-immeubles-va-etre-amenage_62383855.html\" target=\"_blank\" rel=\"noopener\">le square Niboul<\/a>, un terrain d\u2019un hectare autour de la ferme du m\u00eame nom, fait lui aussi l\u2019objet d\u2019am\u00e9nagements, via notamment de nouvelles plantations. En face du square, un h\u00f4tel de 105 chambres est actuellement en cours de construction. Il proposera aussi une offre de restauration.<\/p>\n<p class=\" wall-content\">Personnalisez votre actualit\u00e9 en ajoutant vos villes et m\u00e9dias en favori avec <a href=\"https:\/\/moncompte.actu.fr\" title=\"D\u00e9couvez Mon Actu\" rel=\"nofollow noopener\" data-trk=\"{&quot;cta&quot;:{&quot;action&quot;:&quot;https:\\\/\\\/moncompte.actu.fr&quot;,&quot;category&quot;:&quot;mon compte&quot;,&quot;from&quot;:&quot;article footer&quot;,&quot;name&quot;:&quot;Mon actu&quot;,&quot;type&quot;:&quot;cta&quot;}}\" target=\"_blank\">Mon Actu<\/a>.<\/p>\n","protected":false},"excerpt":{"rendered":"Par Lucie Fraisse Publi\u00e9 le 30 oct. 2025 \u00e0 6h42 Depuis quelques jours, une partie du carr\u00e9 de&hellip;\n","protected":false},"author":2,"featured_media":499550,"comment_status":"","ping_status":"","sticky":false,"template":"","format":"standard","meta":{"footnotes":""},"categories":[2816],"tags":[1111,11,1777,674,1011,27,12,2680,25,104,2312,1090,2086,1352],"class_list":{"0":"post-499549","1":"post","2":"type-post","3":"status-publish","4":"format-standard","5":"has-post-thumbnail","7":"category-toulouse","8":"tag-actu","9":"tag-actualites","10":"tag-eu","11":"tag-europe","12":"tag-fr","13":"tag-france","14":"tag-news","15":"tag-occitanie","16":"tag-republique-francaise","17":"tag-societe","18":"tag-toulouse","19":"tag-toulouse-metropole","20":"tag-travaux","21":"tag-urbanisme"},"share_on_mastodon":{"url":"https:\/\/pubeurope.com\/@fr\/115462236699864158","error":""},"_links":{"self":[{"href":"https:\/\/www.europesays.com\/fr\/wp-json\/wp\/v2\/posts\/499549","targetHints":{"allow":["GET"]}}],"collection":[{"href":"https:\/\/www.europesays.com\/fr\/wp-json\/wp\/v2\/posts"}],"about":[{"href":"https:\/\/www.europesays.com\/fr\/wp-json\/wp\/v2\/types\/post"}],"author":[{"embeddable":true,"href":"https:\/\/www.europesays.com\/fr\/wp-json\/wp\/v2\/users\/2"}],"replies":[{"embeddable":true,"href":"https:\/\/www.europesays.com\/fr\/wp-json\/wp\/v2\/comments?post=499549"}],"version-history":[{"count":0,"href":"https:\/\/www.europesays.com\/fr\/wp-json\/wp\/v2\/posts\/499549\/revisions"}],"wp:featuredmedia":[{"embeddable":true,"href":"https:\/\/www.europesays.com\/fr\/wp-json\/wp\/v2\/media\/499550"}],"wp:attachment":[{"href":"https:\/\/www.europesays.com\/fr\/wp-json\/wp\/v2\/media?parent=499549"}],"wp:term":[{"taxonomy":"category","embeddable":true,"href":"https:\/\/www.europesays.com\/fr\/wp-json\/wp\/v2\/categories?post=499549"},{"taxonomy":"post_tag","embeddable":true,"href":"https:\/\/www.europesays.com\/fr\/wp-json\/wp\/v2\/tags?post=499549"}],"curies":[{"name":"wp","href":"https:\/\/api.w.org\/{rel}","templated":true}]}}