{"id":499555,"date":"2025-10-30T08:46:18","date_gmt":"2025-10-30T08:46:18","guid":{"rendered":"https:\/\/www.europesays.com\/fr\/499555\/"},"modified":"2025-10-30T08:46:18","modified_gmt":"2025-10-30T08:46:18","slug":"pragmatisme-choix-tactiques-collectif-comment-logc-nice-a-corrige-lille-2-0","status":"publish","type":"post","link":"https:\/\/www.europesays.com\/fr\/499555\/","title":{"rendered":"Pragmatisme, choix tactiques, collectif&#8230; Comment l\u2019OGC Nice a corrig\u00e9 Lille (2-0)"},"content":{"rendered":"<p class=\"fs-5 \">Les statistiques ne parleront encore une fois pas en sa faveur, dans la possession (21%), le nombre de tirs tent\u00e9s (23 \u00e0 8) ou de ballons touch\u00e9s dans la surface adverse (43 \u00e0 8), mais la recette que sert le Gym \u00e0 ses adversaires depuis le d\u00e9clic mon\u00e9gasque, fait d\u00e9cid\u00e9ment miracle.<\/p>\n<p class=\"fs-5 \">Car elle lui a permis de mettre un troisi\u00e8me gros d\u2019affil\u00e9e \u00e0 son tableau de chasse.<\/p>\n<p>            <img src=\"https:\/\/www.europesays.com\/fr\/wp-content\/uploads\/2025\/10\/1761813976_582_e770b37_upload-from-url-1-koasjfkpa4er-data-art-16506509.jpg\"   loading=\"lazy\" decoding=\"async\" alt=\"\" class=\"img-fluid position-absolute w-100 object-fit-cover rounded-2\" width=\"600\" height=\"400\"\/><\/p>\n<p class=\"fs-5 \">Apr\u00e8s <a href=\"https:\/\/www.nicematin.com\/sports\/football\/ligue-1-l-ogc-nice-confirme-sa-montee-en-puissance-et-construit-un-collectif-solide-apres-son-succes-contre-lyon-10653193\" target=\"_blank\" rel=\"noopener\">Lyon<\/a> et <a href=\"https:\/\/www.nicematin.com\/sports\/football\/ligue-1-comment-l-ogc-nice-a-resiste-aux-assauts-rennais-jusqu-au-bout-10654296\" target=\"_blank\" rel=\"noopener\">Rennes<\/a>, c\u2019est Lille qui a but\u00e9 sur le bloc ni\u00e7ois, aussi bas que compact, et \u00e9t\u00e9 puni ensuite.<\/p>\n<p class=\"fs-5 \">Il aurait fallu bien plus de justesse aux talentueux Igamane et Fernandez-Pardo pour fissurer le mur form\u00e9 par la charni\u00e8re de 20 ans de moyenne d\u2019\u00e2ge Mendy-Bah-<a href=\"https:\/\/www.nicematin.com\/sports\/football\/kojo-peprah-oppong-s-impose-rapidement-comme-pilier-de-l-ogc-nice-10652730\" target=\"_blank\" rel=\"noopener\">Oppong<\/a> et tous les autres autour.<\/p>\n<p>                                                                                Une d\u00e9fense jeune mais redoutable<\/p>\n<p class=\"fs-5 \">Encore sacr\u00e9ment vaillants et intelligents dans leur mani\u00e8re de d\u00e9fendre \u00e0 d\u00e9faut d\u2019\u00eatre brillants avec le ballon, les Aiglons font preuve depuis plusieurs matchs d\u2019une efficacit\u00e9 assez remarquable dans les deux surfaces.<\/p>\n<p class=\"fs-5 \">A l\u2019image d\u2019un Y\u00e9hvann Diouf tr\u00e8s dominant dans les airs et d\u2019un Sofiane Diop, ultra-d\u00e9cisif avec un 6e but en cinq matchs, sur une panenka qui r\u00e9sume assez bien son niveau de confiance.<\/p>\n<p>                                                                                Un brin de r\u00e9ussite pour faire la diff\u00e9rence<\/p>\n<p class=\"fs-5 \">En prime, le Gym est port\u00e9 par une certaine r\u00e9ussite. Il en faut et elle se m\u00e9rite. Arnaud Bodart, qui avait remplac\u00e9 au pied lev\u00e9 le gardien n\u00b01 Berke \u00d6zer malade, lui a par exemple fait un beau cadeau en fauchant Kevin Carlos, sur une action qui n\u2019avait aucune chance d\u2019aller au bout puisque Ngoy prot\u00e9geait le ballon.<\/p>\n<p>            <img src=\"https:\/\/www.europesays.com\/fr\/wp-content\/uploads\/2025\/10\/f249a77_upload-from-url-1-sxjrm39l4ero-data-art-16499779.jpg\"   loading=\"lazy\" decoding=\"async\" alt=\"\" class=\"img-fluid position-absolute w-100 object-fit-cover rounded-2\" width=\"600\" height=\"400\"\/><\/p>\n<p class=\"fs-5 \">Nice, priv\u00e9 de plusieurs \u00e9l\u00e9ments majeurs (Dante, Cho, Clauss&#8230;), n\u2019a pas manqu\u00e9 l\u2019occasion de passer devant et s\u2019il a encore beaucoup subi, il n\u2019a pas particuli\u00e8rement souffert ensuite pour le rester face \u00e0 ce qui \u00e9tait avant le match la meilleure attaque de L1.<\/p>\n<p class=\"fs-5 \">\u00ab\u00a0Si je suis domin\u00e9 tous les week-end comme \u00e7a, \u00e7a me va. Parce que je trouve qu\u2019on n\u2019a pas conc\u00e9d\u00e9 beaucoup de choses. On n\u2019a pas forc\u00e9ment les armes pour se battre pour la possession, surtout contre un adversaire du calibre de Lille. Mais on s\u2019est senti solide\u00a0\u00bb, d\u00e9briefait Haise apr\u00e8s coup.<\/p>\n<p>                                                                                Un banc d\u00e9cisif<\/p>\n<p class=\"fs-5 \">La deuxi\u00e8me mi-temps a quand m\u00eame d\u2019abord un peu trop ressembl\u00e9 aux 30 derni\u00e8res minutes aper\u00e7ues quatre jours plus t\u00f4t en Bretagne avec une \u00e9quipe ni\u00e7oise accul\u00e9e dans son camp et trop impr\u00e9cise techniquement pour en sortir.<\/p>\n<p class=\"fs-5 \">Mais le Losc a \u00e9t\u00e9 brouillon et les changements op\u00e9r\u00e9s par l\u2019entra\u00eeneur ni\u00e7ois payant. Boudaoui et Louchet ont permis de desserrer l\u2019\u00e9treinte. Sanson et Jansson ont, eux, pris une petite revanche personnelle, le premier d\u00e9cevant contre Vigo a offert une superbe passe d\u00e9cisive au second, qui n\u2019avait plus jou\u00e9 depuis un mois et s\u2019est offert son tout premier but sous les couleurs ni\u00e7oises.<\/p>\n<p class=\"fs-5 \">Le moment \u00e9tait bien choisi, sous le c\u0153ur rendant hommage aux victimes de l\u2019attentat de Nice et lors d\u2019une 86e minute qui avait \u00e9t\u00e9 malmen\u00e9e par l\u2019arbitrage 10 jours plus t\u00f4t\u2026<\/p>\n<p>            <img src=\"https:\/\/www.europesays.com\/fr\/wp-content\/uploads\/2025\/10\/1761813978_940_605962e_upload-1-4ois22bc19tg-image-maxnewsspecialtwo048407-small.jpg\"   loading=\"lazy\" decoding=\"async\" alt=\"Sofiane Diop, le facteur X de l\u2019OGC Nice, ici devant le Lillois Benjamin Andr\u00e9 la saison derni\u00e8re.\" class=\"img-fluid position-absolute w-100 object-fit-cover rounded-2\" width=\"600\" height=\"400\"\/><\/p>\n<p class=\"fs-5 \">C\u2019\u00e9tait d\u00e9j\u00e0 un soir de victoire, car le Gym vient d\u2019en encha\u00eener trois en championnat, malgr\u00e9 ses absents (encore 7 hier) et ses limites, auxquelles Franck Haise a eu l\u2019intelligence de s\u2019adapter pour tirer le maximum de son effectif.<\/p>\n<p class=\"fs-5 \">Ce n\u2019est pas flamboyant, et assez loin du football entrevu la saison derni\u00e8re, mais c\u2019est pour le moment diablement efficace \u00e0 un moment de la saison o\u00f9 les Aiglons avaient grandement besoin de confiance.<\/p>\n<p class=\"fs-5 \">Avec 10 points pris sur 12 possible, Nice avance \u00e0 un rythme soutenu qui a surpris tout le monde au vu du programme en haute altitude qui lui \u00e9tait propos\u00e9.<\/p>\n<p class=\"fs-5 \">Paris, qui arrive samedi, est un col hors cat\u00e9gorie, qu\u2019il va sans doute essayer de gravir le souffle court et sur les rotules. Mais sa victoire au Parc l\u2019an dernier avait \u00e9t\u00e9 l\u2019un des sommets de sa saison et ce ne serait pas le premier pronostic d\u00e9jou\u00e9 par le Gym.<\/p>\n","protected":false},"excerpt":{"rendered":"Les statistiques ne parleront encore une fois pas en sa faveur, dans la possession (21%), le nombre de&hellip;\n","protected":false},"author":2,"featured_media":499556,"comment_status":"","ping_status":"","sticky":false,"template":"","format":"standard","meta":{"footnotes":""},"categories":[2815],"tags":[1111,11,1777,674,1011,27,811,1307,12,54521,25],"class_list":{"0":"post-499555","1":"post","2":"type-post","3":"status-publish","4":"format-standard","5":"has-post-thumbnail","7":"category-lille","8":"tag-actu","9":"tag-actualites","10":"tag-eu","11":"tag-europe","12":"tag-fr","13":"tag-france","14":"tag-hauts-de-france","15":"tag-lille","16":"tag-news","17":"tag-ogcnice","18":"tag-republique-francaise"},"share_on_mastodon":{"url":"https:\/\/pubeurope.com\/@fr\/115462248111730634","error":""},"_links":{"self":[{"href":"https:\/\/www.europesays.com\/fr\/wp-json\/wp\/v2\/posts\/499555","targetHints":{"allow":["GET"]}}],"collection":[{"href":"https:\/\/www.europesays.com\/fr\/wp-json\/wp\/v2\/posts"}],"about":[{"href":"https:\/\/www.europesays.com\/fr\/wp-json\/wp\/v2\/types\/post"}],"author":[{"embeddable":true,"href":"https:\/\/www.europesays.com\/fr\/wp-json\/wp\/v2\/users\/2"}],"replies":[{"embeddable":true,"href":"https:\/\/www.europesays.com\/fr\/wp-json\/wp\/v2\/comments?post=499555"}],"version-history":[{"count":0,"href":"https:\/\/www.europesays.com\/fr\/wp-json\/wp\/v2\/posts\/499555\/revisions"}],"wp:featuredmedia":[{"embeddable":true,"href":"https:\/\/www.europesays.com\/fr\/wp-json\/wp\/v2\/media\/499556"}],"wp:attachment":[{"href":"https:\/\/www.europesays.com\/fr\/wp-json\/wp\/v2\/media?parent=499555"}],"wp:term":[{"taxonomy":"category","embeddable":true,"href":"https:\/\/www.europesays.com\/fr\/wp-json\/wp\/v2\/categories?post=499555"},{"taxonomy":"post_tag","embeddable":true,"href":"https:\/\/www.europesays.com\/fr\/wp-json\/wp\/v2\/tags?post=499555"}],"curies":[{"name":"wp","href":"https:\/\/api.w.org\/{rel}","templated":true}]}}