{"id":499559,"date":"2025-10-30T08:48:14","date_gmt":"2025-10-30T08:48:14","guid":{"rendered":"https:\/\/www.europesays.com\/fr\/499559\/"},"modified":"2025-10-30T08:48:14","modified_gmt":"2025-10-30T08:48:14","slug":"aeroport-marseille-provence-cette-habitante-est-epuisee-par-le-bruit-des-avions-je-pete-les-plombs","status":"publish","type":"post","link":"https:\/\/www.europesays.com\/fr\/499559\/","title":{"rendered":"A\u00e9roport Marseille Provence. Cette habitante est \u00e9puis\u00e9e par le bruit des avions : \u00ab\u00a0Je p\u00e8te les plombs\u00a0\u00bb"},"content":{"rendered":"<p>            Par<br \/>\n        <strong><br \/>\n            <a href=\"https:\/\/actu.fr\/auteur\/fabien-binacchi\" title=\"Consulter tous les articles de Fabien Binacchi\" target=\"_blank\" rel=\"noopener\">Fabien Binacchi<\/a><br \/>\n        <\/strong><\/p>\n<p>        Publi\u00e9 le<\/p>\n<p>            30 oct. 2025 \u00e0 9h08        <\/p>\n<p>Chez elle, de jour comme de nuit, Anne* n\u2019arrive plus \u00e0 penser \u00e0 autre chose\u2009: <strong>\u00ab\u2009Je suis en train de p\u00e9ter les plombs\u2009\u00bb.<\/strong> Le bruit des r\u00e9acteurs lui tape sur le syst\u00e8me. Cette habitante de <a href=\"https:\/\/actu.fr\/provence-alpes-cote-d-azur\/gignac-la-nerthe_13043\" target=\"_blank\" rel=\"noopener\">Gignac-la-Nerthe<\/a> (<a href=\"https:\/\/actu.fr\/provence-alpes-cote-d-azur\/bouches-du-rhone_13\" target=\"_blank\" rel=\"noopener\">Bouches-du-Rh\u00f4ne<\/a>), qui vit \u00e0 3,5\u00a0km \u00e0 vol d\u2019oiseau des pistes de <a href=\"https:\/\/actu.fr\/tag\/aeroport-de-marseille-provence\" target=\"_blank\" rel=\"noopener\">l\u2019a\u00e9roport Marseille Provence,<\/a> compte les avions qui minent son quotidien et son sommeil. Alors que neuf maires, dont celui de <a href=\"https:\/\/actu.fr\/marseille\/\" target=\"_blank\" rel=\"noopener\">la cit\u00e9 phoc\u00e9enne,<\/a> s\u2019unissent pour r\u00e9clamer \u00ab\u2009un couvre-feu total\u2009\u00bb afin de stopper le trafic a\u00e9rien de 23h \u00e0 6h, la riveraine t\u00e9moigne aupr\u00e8s d\u2019actu Marseille des lourds impacts sur sant\u00e9 physique et mentale.<\/p>\n<p>\u00ab\u2009J\u2019ai perdu ma joie de vivre\u2009\u00bb<\/p>\n<p class=\" wall-content\">Avant, elle ne les entendait pas. Elle ne les remarquait m\u00eame pas. Puis, un jour, tout a chang\u00e9. \u00ab\u2009Les trajectoires des avions ont \u00e9t\u00e9 modifi\u00e9es. \u00c7a fait sans doute moins de bruit pour d\u2019autres riverains et tant mieux pour eux. Mais, moi, <strong>je n\u2019en peux plus.<\/strong>\u2009\u00bb<\/p>\n<p class=\" wall-content\">Anne, 56\u00a0ans, est \u00e0 bout. \u00ab\u2009Quand je me regarde dans un miroir, en moins de deux ans, j\u2019ai l\u2019impression d\u2019en avoir pris <strong>dix ans dans la vue<\/strong>, explique cette comptable. J\u2019ai aussi pris 13\u00a0kg et j\u2019ai surtout perdu ma joie de vivre.\u2009\u00bb L\u2019habitante de Gignac-La-Nerthe, au Sud de l\u2019a\u00e9roport Marseille Provence, voit et entend les avions passer \u00e0 2km de sa maison.<\/p>\n<blockquote class=\"ac-article-quote wall-content\">\n<p>\u00c7a m&rsquo;obs\u00e8de. Quand je suis chez moi, je vais constamment voir le programme des vols sur Internet pour savoir quand j&rsquo;aurais un peu de r\u00e9pit. Je ne vis plus. \u00c7a me tape sur le syst\u00e8me. De jour, comme de nuit.<\/p>\n<p>    <strong>Anne<\/strong>\n            <\/p><\/blockquote>\n<p class=\" wall-content\">Elle \u00e9voque le manque de sommeil qui \u00ab\u2009l\u2019\u00e9puise\u2009\u00bb. \u00ab\u2009Mon mari a grandi pr\u00e8s de l\u2019a\u00e9roport alors il a peut-\u00eatre plus l\u2019habitude et il en souffre moins. Mais, moi, le bruit d\u2019un seul avion et je peux me r\u00e9veiller. <strong>J\u2019en arrive parfois \u00e0 dormir moins de 3h par nuit,<\/strong> explique la quinquag\u00e9naire. Au lit, je suis oblig\u00e9e de mettre un casque qui passe des bruits blancs ou des conversations qui me permettent de focaliser mon attention sur autre chose.\u2009\u00bb<\/p>\n<p>\u00ab\u2009Un probl\u00e8me majeur de sant\u00e9 publique\u2009\u00bb<\/p>\n<p class=\" wall-content\">Cette habitante n\u2019est pas seule. Les maires de neuf communes (Marseille, Les Pennes-Mirabeau, Sept\u00e8mes-les-Vallons, Le Rove, Berre-l\u2019\u00c9tang, Saint-Victoret, Vitrolles, Cabri\u00e8s et Marignane) viennent de monter au cr\u00e9neau pour leurs administr\u00e9s.<\/p>\n<p class=\" wall-content\">Ils d\u00e9noncent, dans un courrier adress\u00e9 au pr\u00e9fet des Bouches-du-Rh\u00f4ne, \u00ab\u2009les nuisances sonores g\u00e9n\u00e9r\u00e9es par le trafic a\u00e9rien nocturne\u2009\u00bb qui \u00ab\u2009constituent aujourd\u2019hui un probl\u00e8me majeur de sant\u00e9 publique\u2009\u00bb. \u00ab\u2009<strong>Le sommeil interrompu, les troubles physiologiques et psychologiques li\u00e9s au bruit,<\/strong> ainsi que la d\u00e9gradation durable de la qualit\u00e9 de vie [des habitants], ne peuvent plus \u00eatre tol\u00e9r\u00e9s\u2009\u00bb, \u00e9crivent-ils.<\/p>\n<p>Votre r\u00e9gion, votre actu !<\/p>\n<p>Recevez chaque jour les infos qui comptent pour vous.<\/p>\n<p>\t<a href=\"https:\/\/actu.fr\/newsletter\" class=\"ac-btn ac-btn--corner ac-btn--medium ac-btn--blue800\" target=\"_blank\" rel=\"noopener\">S&rsquo;incrire<\/a><\/p>\n<p>    <a href=\"https:\/\/www.facebook.com\/plugins\/post.php?href=https%3A%2F%2Fwww.facebook.com%2Flerove%2Fposts%2Fpfbid0pCa7DtP6Lm2MicRB5kdgBvnASYtJBossGGuXbZAhy2gXzRJxVwrZBQ48vd8j1kASl&amp;show_text=true&amp;width=350\" title=\"Ouvrie le lien\" target=\"_blank\" rel=\"noopener\">Cliquez ici pour visualiser le contenu<\/a><\/p>\n<p class=\" wall-content\">Ils r\u00e9clament au repr\u00e9sentant des services de l\u2019\u00c9tat une mesure radicale\u2009: \u00ab\u2009un couvre-feu total entre 23\u2009h et 6\u2009h du matin, <strong>seule garantie d\u2019une v\u00e9ritable protection des populations<\/strong> riveraines contre des atteintes \u00e0 la sant\u00e9 d\u00e9sormais inacceptables\u2009\u00bb.<\/p>\n<p>\u00ab\u2009Nous sommes tr\u00e8s impact\u00e9s par le bruit\u2009\u00bb<\/p>\n<p class=\" wall-content\">Une solution que d\u00e9fend \u00e9galement Christian Amiraty, le maire d\u00e9missionnaire de Gignac-la-Nerthe, dans les colonnes de <a href=\"https:\/\/www.laprovence.com\/article\/societe\/556664058501914\/neuf-maires-s-unissent-pour-exiger-un-couvre-feu-total-entre-23h-et-6h-a-l-aeroport-marseille-provence\" target=\"_blank\" rel=\"noopener\">La Provence.<\/a> M\u00eame s\u2019il n\u2019a pas sign\u00e9 la lettre, affirmant avoir \u00e9t\u00e9 \u00ab\u2009oubli\u00e9\u2009\u00bb, l\u2019\u00e9dile est \u00ab\u2009totalement pour l\u2019instauration de ce couvre-feu\u2009\u00bb. \u00ab\u2009Une \u00e9tude de la M\u00e9tropole montre bien que nous sommes tr\u00e8s impact\u00e9s par le bruit\u2009\u00bb, dit-il.<\/p>\n<p>    <img   decoding=\"async\" loading=\"lazy\" src=\"https:\/\/www.europesays.com\/fr\/wp-content\/uploads\/2025\/10\/cumuls-vols-amp-201025-960x640.jpg\" alt=\"Les mouvements d'avions \u00e0 l'a\u00e9roport Marseille Provence en 24 heures, ici le 20 octobre 2025\" width=\"960\" height=\"640\"\/><br \/>\n    Les mouvements d\u2019avions \u00e0 l\u2019a\u00e9roport Marseille Provence en 24\u00a0heures, ici le 20\u00a0octobre 2025. (\u00a9Document remis \u00e0 actu Marseille)<\/p>\n<p class=\" wall-content\">Anne est l\u00e0, parmi d\u2019autres, pour en t\u00e9moigner. Son administr\u00e9e, qui vit \u00ab\u2009\u00e0 10\u00a0m\u00e8tres\u2009\u00bb d\u2019<strong>une des six stations install\u00e9s par l\u2019a\u00e9roport pour mesurer l\u2019impact sonore<\/strong> de ses avions, consulte tous les mois <a href=\"https:\/\/www.marseille.aeroport.fr\/societe\/transitions\/mesures-evenements-bruit\" target=\"_blank\" rel=\"noopener\">les rapports qui en d\u00e9coulent.<\/a> \u00ab\u2009On n\u2019a pas les nuisances les plus hautes, mais elles sont bien l\u00e0.\u2009\u00bb Les donn\u00e9es font \u00e9tat de pics \u00e0 plus de <strong>75dB<\/strong> en journ\u00e9e et d\u2019un niveau de bruit \u00ab\u2009a\u00e9ronautique\u2009\u00bb \u00e0 pr\u00e8s de <strong>45dB<\/strong> la nuit.<\/p>\n<p>\u00ab\u2009On n\u2019invite plus personne\u2009\u00bb<\/p>\n<p class=\" wall-content\">\u00ab\u2009Le couvre-feu est la solution qui prot\u00e9gera l\u2019ensemble des populations, des plus impact\u00e9es \u00e0 celles des communes oubli\u00e9es car plus \u00e9loign\u00e9es de l\u2019a\u00e9roport, avance Anne. Mais il ne r\u00e9glera pas tout. <strong>De jour aussi, \u00e7a reste un probl\u00e8me.<\/strong> Nous, on n\u2019invite plus personne. Le jardin, c\u2019\u00e9tait un lieu de vie mais, maintenant, je ne fais m\u00eame plus venir mes filles.\u2009\u00bb<\/p>\n<p class=\" wall-content\">La quinquag\u00e9naire s\u2019inqui\u00e8te \u00e9galement pour <strong>la revente de sa maison,<\/strong> achet\u00e9e en l\u2019an 2000. \u00ab\u2009Avec mon mari, quand on doit faire des travaux, on regarde vraiment \u00e0 la d\u00e9pense car on ne sait pas combien on pourra obtenir d\u2019un acheteur.\u2009\u00bb<\/p>\n<p class=\" wall-content\">Elle craint aussi une croissance du trafic.<\/p>\n<p>\u00ab\u2009\u00c9chapper aux sc\u00e9narios extr\u00e9mistes\u2009\u00bb<\/p>\n<p class=\" wall-content\">Le nombre de passagers \u00e0 l\u2019a\u00e9roport Marseille Provence, <strong>11\u2009167\u2009485 en 2024,<\/strong> a augment\u00e9 de 3,3\u2009% en un an, mais avec <strong>moins de mouvements d\u2019avions<\/strong> (88178 contre 96809). La plateforme, quatri\u00e8me de France apr\u00e8s celles de Paris-Charles-de-Gaulle, Paris-Orly et Nice-C\u00f4te d\u2019Azur, a assur\u00e9 \u00e0 France 3 avoir d\u00e9j\u00e0 r\u00e9alis\u00e9 des \u00ab\u2009efforts non n\u00e9gligeables\u2009\u00bb en r\u00e9duisant \u00ab\u2009drastiquement les vols entre minuit et 6h\u2009\u00bb.<\/p>\n<p class=\" wall-content\">Pour elle, un couvre-feu total serait une tr\u00e8s mauvaise nouvelle, certaines compagnies pouvant se d\u00e9tourner de la destination. <strong>\u00ab\u2009Nous esp\u00e9rons une solution \u00e9quilibr\u00e9e\u2009\u00bb<\/strong> et \u00ab\u2009\u00e9chapper aux sc\u00e9narios extr\u00e9mistes\u2009\u00bb, tranche un porte-parole. Les autorit\u00e9s, appel\u00e9es \u00e0 arbitrer, vont devoir jongler entre l\u2019activit\u00e9 \u00e9conomique de l\u2019a\u00e9roport et son impact sur les habitants. Anne, comme beaucoup d\u2019autres, esp\u00e8re bien pouvoir \u00eatre entendue.<\/p>\n<p class=\" wall-content\">*La personne interrog\u00e9e n\u2019a pas souhait\u00e9 que son nom de famille soit publi\u00e9.<\/p>\n<p class=\" wall-content\">Personnalisez votre actualit\u00e9 en ajoutant vos villes et m\u00e9dias en favori avec <a href=\"https:\/\/moncompte.actu.fr\" title=\"D\u00e9couvez Mon Actu\" rel=\"nofollow noopener\" data-trk=\"{&quot;cta&quot;:{&quot;action&quot;:&quot;https:\\\/\\\/moncompte.actu.fr&quot;,&quot;category&quot;:&quot;mon compte&quot;,&quot;from&quot;:&quot;article footer&quot;,&quot;name&quot;:&quot;Mon actu&quot;,&quot;type&quot;:&quot;cta&quot;}}\" target=\"_blank\">Mon Actu<\/a>.<\/p>\n","protected":false},"excerpt":{"rendered":"Par Fabien Binacchi Publi\u00e9 le 30 oct. 2025 \u00e0 9h08 Chez elle, de jour comme de nuit, Anne*&hellip;\n","protected":false},"author":2,"featured_media":499560,"comment_status":"","ping_status":"","sticky":false,"template":"","format":"standard","meta":{"footnotes":""},"categories":[2814],"tags":[1111,11,9404,1777,674,1011,27,884,12,882,25,71,104],"class_list":{"0":"post-499559","1":"post","2":"type-post","3":"status-publish","4":"format-standard","5":"has-post-thumbnail","7":"category-marseille","8":"tag-actu","9":"tag-actualites","10":"tag-aeroport-de-marseille-provence","11":"tag-eu","12":"tag-europe","13":"tag-fr","14":"tag-france","15":"tag-marseille","16":"tag-news","17":"tag-provence-alpes-cote-dazur","18":"tag-republique-francaise","19":"tag-sante","20":"tag-societe"},"share_on_mastodon":{"url":"https:\/\/pubeurope.com\/@fr\/115462256635926610","error":""},"_links":{"self":[{"href":"https:\/\/www.europesays.com\/fr\/wp-json\/wp\/v2\/posts\/499559","targetHints":{"allow":["GET"]}}],"collection":[{"href":"https:\/\/www.europesays.com\/fr\/wp-json\/wp\/v2\/posts"}],"about":[{"href":"https:\/\/www.europesays.com\/fr\/wp-json\/wp\/v2\/types\/post"}],"author":[{"embeddable":true,"href":"https:\/\/www.europesays.com\/fr\/wp-json\/wp\/v2\/users\/2"}],"replies":[{"embeddable":true,"href":"https:\/\/www.europesays.com\/fr\/wp-json\/wp\/v2\/comments?post=499559"}],"version-history":[{"count":0,"href":"https:\/\/www.europesays.com\/fr\/wp-json\/wp\/v2\/posts\/499559\/revisions"}],"wp:featuredmedia":[{"embeddable":true,"href":"https:\/\/www.europesays.com\/fr\/wp-json\/wp\/v2\/media\/499560"}],"wp:attachment":[{"href":"https:\/\/www.europesays.com\/fr\/wp-json\/wp\/v2\/media?parent=499559"}],"wp:term":[{"taxonomy":"category","embeddable":true,"href":"https:\/\/www.europesays.com\/fr\/wp-json\/wp\/v2\/categories?post=499559"},{"taxonomy":"post_tag","embeddable":true,"href":"https:\/\/www.europesays.com\/fr\/wp-json\/wp\/v2\/tags?post=499559"}],"curies":[{"name":"wp","href":"https:\/\/api.w.org\/{rel}","templated":true}]}}