{"id":499563,"date":"2025-10-30T08:52:10","date_gmt":"2025-10-30T08:52:10","guid":{"rendered":"https:\/\/www.europesays.com\/fr\/499563\/"},"modified":"2025-10-30T08:52:10","modified_gmt":"2025-10-30T08:52:10","slug":"lile-de-noirmoutier-obtient-un-label-premiere-ile-etoilee-de-france","status":"publish","type":"post","link":"https:\/\/www.europesays.com\/fr\/499563\/","title":{"rendered":"L&rsquo;\u00eele de Noirmoutier obtient un label premi\u00e8re \u00eele \u00e9toil\u00e9e de France"},"content":{"rendered":"<p>            Par<br \/>\n        <strong><br \/>\n            <a href=\"https:\/\/actu.fr\/auteur\/journaliste-cv\" title=\"Consulter tous les articles de R\u00e9daction Challans\" target=\"_blank\" rel=\"noopener\">R\u00e9daction Challans<\/a><br \/>\n        <\/strong><\/p>\n<p>        Publi\u00e9 le<\/p>\n<p>            30 oct. 2025 \u00e0 9h25        <\/p>\n<p>Pr\u00e8s de 40 labellisations diff\u00e9rentes sont attribu\u00e9es aux 34 955 communes de France. Parmi elles, le label <a href=\"https:\/\/www.anpcen.fr\/?id_rub=19\" target=\"_blank\" rel=\"noopener\">Villes et Villages \u00e9toil\u00e9s<\/a> r\u00e9compense les collectivit\u00e9s engag\u00e9es dans une d\u00e9marche d\u2019am\u00e9lioration de l\u2019environnement nocturne. <b><a href=\"https:\/\/actu.fr\/tag\/ile-de-noirmoutier\" target=\"_blank\" rel=\"noopener\">L\u2019\u00eele de Noirmoutier<\/a> (Vend\u00e9e) <\/b>vient d\u2019\u00eatre r\u00e9compens\u00e9e, et vient d\u2019obtenir \u2013 parmi <b>13 autres territoires fran\u00e7ais<\/b> \u2013 un pr\u00e9cieux label.\u00a0<\/p>\n<p class=\" wall-content\">Depuis 2009, l\u2019Association nationale de la protection du ciel et de l\u2019environnement nocturne d\u00e9cerne le label Villes et Villages \u00e9toil\u00e9s. Au total, sur l\u2019\u00e9dition 2024-2025, 759 communes ont \u00e9t\u00e9 labellis\u00e9es.<\/p>\n<blockquote class=\"ac-article-quote wall-content\">\n<p>\u00ab L\u2019obtention de ce label est le r\u00e9sultat de l\u2019engagement de trois communes de l\u2019\u00eele candidate qui ont \u0153uvr\u00e9 avec la Communaut\u00e9 de communes pour r\u00e9pondre aux crit\u00e8res de ce label \u00bb<\/p>\n<p>Fabien Gaborit, pr\u00e9sident de la Communaut\u00e9 de communes.<\/p><\/blockquote>\n<p>La lutte contre la pollution lumineuse<\/p>\n<p class=\" wall-content\">Ce label, dans sa premi\u00e8re phase, r\u00e9compense les communes ayant lutt\u00e9 contre la pollution lumineuse. Il incite \u00e0 mieux g\u00e9rer les \u00e9clairages ext\u00e9rieurs et ainsi \u00e0 r\u00e9duire leur pollution lumineuse, permettant des \u00e9conomies d\u2019\u00e9nergie. \u00ab La <b>quantit\u00e9 de lumi\u00e8re fournie par l\u2019\u00e9clairage public a augment\u00e9 de 94 % en 25\u00a0ans<\/b>, avec des lumi\u00e8res trop blanches, disproportionn\u00e9es, mal orient\u00e9es \u00bb, constate l\u2019Association nationale pour la protection du ciel et de l\u2019environnement nocturnes.<\/p>\n<p>Trois communes engag\u00e9es<\/p>\n<p class=\" wall-content\">Les mesures requises pour l\u2019obtention de ce label vont permettre des \u00e9conomies sur les budgets des trois communes engag\u00e9es : Barb\u00e2tre, la Gu\u00e9rini\u00e8re et Noirmoutier-en-l\u2019Ile. Elles permettent aussi de maintenir la s\u00e9curit\u00e9 des biens et des personnes et d\u2019am\u00e9liorer la s\u00e9curit\u00e9 routi\u00e8re.<\/p>\n<p>Vid\u00e9os : en ce moment sur ActuUn impact sur la faune et la flore<\/p>\n<p class=\" wall-content\">Un impact important est constat\u00e9 sur la faune et la flore \u00e0 cause de la pollution lumineuse : diminution de diff\u00e9rentes populations, perturbations des rythmes biologiques des esp\u00e8ces nocturnes et diurnes, baisse de f\u00e9condit\u00e9. \u00ab La pollution lumineuse est la deuxi\u00e8me c<b>ause d\u2019extinction des insectes apr\u00e8s les pesticides<\/b> \u00bb, pr\u00e9vient l\u2019association.<\/p>\n<p>Votre r\u00e9gion, votre actu !<\/p>\n<p>Recevez chaque jour les infos qui comptent pour vous.<\/p>\n<p>\t<a href=\"https:\/\/actu.fr\/newsletter\" class=\"ac-btn ac-btn--corner ac-btn--medium ac-btn--blue800\" target=\"_blank\" rel=\"noopener\">S&rsquo;incrire<\/a><\/p>\n<p class=\" wall-content\">Sur la flore, la pollution lumineuse a aussi des cons\u00e9quences : trouble de la photosynth\u00e8se, production d\u2019oxyg\u00e8ne en baisse, perturbation de la pollinisation et par cons\u00e9quent de la fructification.<\/p>\n<p>Dans la continuit\u00e9 du Plan climat eau \u00e9nergie<\/p>\n<p class=\" wall-content\">\u00ab Ce label et les mesures qu\u2019il entra\u00eene font partie des actions du programme Plan climat eau \u00e9nergie territorial de l\u2019\u00eele de Noirmoutier port\u00e9 par la Communaut\u00e9 de communes pour parvenir \u00e0 la neutralit\u00e9 carbone. Il nous reste encore des efforts \u00e0 r\u00e9aliser dans ce domaine pour obtenir des \u00e9toiles suppl\u00e9mentaires \u00e0 ce label. Nous sommes tr\u00e8s fiers d\u2019\u00eatre parmi les 793\u00a0communes laur\u00e9ates la seule \u00eele\u00a0fran\u00e7aise \u00e0 obtenir ce label, et surtout de contribuer pour les habitants \u00e0 prot\u00e9ger la vision du ciel \u00e9toil\u00e9 de notre \u00eele \u00bb, conclut Fabien Gaborit.<\/p>\n<p class=\" wall-content\">Personnalisez votre actualit\u00e9 en ajoutant vos villes et m\u00e9dias en favori avec <a href=\"https:\/\/moncompte.actu.fr\" title=\"D\u00e9couvez Mon Actu\" rel=\"nofollow noopener\" data-trk=\"{&quot;cta&quot;:{&quot;action&quot;:&quot;https:\\\/\\\/moncompte.actu.fr&quot;,&quot;category&quot;:&quot;mon compte&quot;,&quot;from&quot;:&quot;article footer&quot;,&quot;name&quot;:&quot;Mon actu&quot;,&quot;type&quot;:&quot;cta&quot;}}\" target=\"_blank\">Mon Actu<\/a>.<\/p>\n","protected":false},"excerpt":{"rendered":"Par R\u00e9daction Challans Publi\u00e9 le 30 oct. 2025 \u00e0 9h25 Pr\u00e8s de 40 labellisations diff\u00e9rentes sont attribu\u00e9es aux&hellip;\n","protected":false},"author":2,"featured_media":499564,"comment_status":"","ping_status":"","sticky":false,"template":"","format":"standard","meta":{"footnotes":""},"categories":[1592],"tags":[1111,11,436,1777,674,1011,27,42736,662,12,626,25,104],"class_list":{"0":"post-499563","1":"post","2":"type-post","3":"status-publish","4":"format-standard","5":"has-post-thumbnail","7":"category-ile-de-france","8":"tag-actu","9":"tag-actualites","10":"tag-environnement","11":"tag-eu","12":"tag-europe","13":"tag-fr","14":"tag-france","15":"tag-ile-de-noirmoutier","16":"tag-ile-de-france","17":"tag-news","18":"tag-paris","19":"tag-republique-francaise","20":"tag-societe"},"share_on_mastodon":{"url":"https:\/\/pubeurope.com\/@fr\/115462271407538652","error":""},"_links":{"self":[{"href":"https:\/\/www.europesays.com\/fr\/wp-json\/wp\/v2\/posts\/499563","targetHints":{"allow":["GET"]}}],"collection":[{"href":"https:\/\/www.europesays.com\/fr\/wp-json\/wp\/v2\/posts"}],"about":[{"href":"https:\/\/www.europesays.com\/fr\/wp-json\/wp\/v2\/types\/post"}],"author":[{"embeddable":true,"href":"https:\/\/www.europesays.com\/fr\/wp-json\/wp\/v2\/users\/2"}],"replies":[{"embeddable":true,"href":"https:\/\/www.europesays.com\/fr\/wp-json\/wp\/v2\/comments?post=499563"}],"version-history":[{"count":0,"href":"https:\/\/www.europesays.com\/fr\/wp-json\/wp\/v2\/posts\/499563\/revisions"}],"wp:featuredmedia":[{"embeddable":true,"href":"https:\/\/www.europesays.com\/fr\/wp-json\/wp\/v2\/media\/499564"}],"wp:attachment":[{"href":"https:\/\/www.europesays.com\/fr\/wp-json\/wp\/v2\/media?parent=499563"}],"wp:term":[{"taxonomy":"category","embeddable":true,"href":"https:\/\/www.europesays.com\/fr\/wp-json\/wp\/v2\/categories?post=499563"},{"taxonomy":"post_tag","embeddable":true,"href":"https:\/\/www.europesays.com\/fr\/wp-json\/wp\/v2\/tags?post=499563"}],"curies":[{"name":"wp","href":"https:\/\/api.w.org\/{rel}","templated":true}]}}