{"id":499580,"date":"2025-10-30T09:01:12","date_gmt":"2025-10-30T09:01:12","guid":{"rendered":"https:\/\/www.europesays.com\/fr\/499580\/"},"modified":"2025-10-30T09:01:12","modified_gmt":"2025-10-30T09:01:12","slug":"terreur-russe-en-allemagne-poutine-utilise-des-methodes-dislamistes","status":"publish","type":"post","link":"https:\/\/www.europesays.com\/fr\/499580\/","title":{"rendered":"Terreur russe en Allemagne : Poutine utilise des m\u00e9thodes d&rsquo;islamistes"},"content":{"rendered":"<p>Dans sa guerre hybride contre l&rsquo;Occident, la Russie a parfois recours \u00e0 ce qu&rsquo;on appelle des \u00ab\u00a0agents jetables\u00a0\u00bb. Il s&rsquo;agit de civils qui se font recruter &#8211; le plus souvent via les m\u00e9dias sociaux &#8211; et qui se livrent ensuite \u00e0 des actes d&rsquo;espionnage et de sabotage relativement mineurs.<\/p>\n<p>Il s&rsquo;agit par exemple d&rsquo;incendies criminels, de prises de photos et de vid\u00e9os d&rsquo;infrastructures militaires ou critiques ou encore de l&rsquo;envoi de colis pi\u00e9g\u00e9s. L&rsquo;objectif est toujours le m\u00eame : attiser le chaos et l&rsquo;ins\u00e9curit\u00e9 au sein de la population.<\/p>\n<p>Lors de sa d\u00e9claration gouvernementale en octobre, le chancelier Friedrich Merz (CDU) a accus\u00e9 la Russie de mener <strong>une guerre hybride contre l&rsquo;Occident.<\/strong><\/p>\n<p>On entend par l\u00e0 une combinaison de moyens militaires, politiques, \u00e9conomiques et cybern\u00e9tiques qui brouillent les fronti\u00e8res entre la guerre et la paix. L&rsquo;IS est \u00e9galement accus\u00e9 de mener une sorte de guerre hybride contre l&rsquo;Occident en radicalisant et en semant l&rsquo;ins\u00e9curit\u00e9 via Internet.<\/p>\n<p>\u00ab\u00a0Il y a cette id\u00e9e que la guerre hybride, c&rsquo;est soit des petits hommes verts, comme en 2014, soit de la d\u00e9sinformation\u00a0\u00bb, explique Kacper R\u0119kawek, chercheur principal et directeur de programme au Centre international de lutte contre le terrorisme (ICCT), interrog\u00e9 par Euronews. \u00ab\u00a0Alors qu&rsquo;il y a tant d&rsquo;autres aspects, comme la criminalit\u00e9 par exemple\u00a0\u00bb.<\/p>\n<p>\u00ab\u00a0Si vous regardez la doctrine militaire de la Russie, le terrorisme inter\u00e9tatique &#8211; c&rsquo;est-\u00e0-dire \u00c9tat contre \u00c9tat, ils sont assez conscients du fait que la guerre hybride est un instrument qu&rsquo;ils aiment utiliser comme option\u00a0\u00bb, ajoute R\u0119kawek, qui explique que dans ce cas, c&rsquo;est toujours comme avant : les personnes moralement douteuses sont approch\u00e9es et utilis\u00e9es, car elles sont peut-\u00eatre plus dociles et plus achetables. \u00ab\u00a0Ce sont les alli\u00e9s naturels de la Russie\u00a0\u00bb, poursuit R\u0119kawek.<\/p>\n<p>De cette mani\u00e8re, la Russie peut mener u<strong>ne guerre hybride et utiliser des criminels comme suppl\u00e9tifs en Europe &#8211; comme l&rsquo;a fait auparavant le groupe terroriste \u00ab\u00a0\u00c9tat islamique\u00a0\u00bb (EI), qui recrutait des criminels europ\u00e9ens pour des actions violentes<\/strong>.<\/p>\n<p>Les experts y voient des parall\u00e8les : les m\u00e9thodes de recrutement et d&rsquo;intervention des services secrets russes ressemblent \u00e0 celles de l&rsquo;EI qui, depuis sa cr\u00e9ation en avril 2013, vise \u00e0 instaurer un \u00c9tat totalitaire r\u00e9gi par la charia &#8211; un syst\u00e8me de r\u00e8gles religieuses, morales et juridiques bas\u00e9 sur le Coran et la sunna.<\/p>\n<p>L&rsquo;IS se caract\u00e9rise donc par un mode op\u00e9ratoire particuli\u00e8rement brutal et mis en sc\u00e8ne par les m\u00e9dias contre tous les \u00ab\u00a0infid\u00e8les\u00a0\u00bb. Selon le Verfassungsschutz, les auteurs isol\u00e9s ou les petits groupes inspir\u00e9s par la propagande repr\u00e9sentent le plus grand danger.<\/p>\n<p>\u00ab\u00a0La terreur secr\u00e8te de Poutine en Allemagne\u00a0\u00bb : les trois premiers articles de la s\u00e9rie<\/p>\n<p><strong>Entre foi et influence<\/strong><\/p>\n<p>La Russie et l&rsquo;EI diffusent tous deux une propagande charg\u00e9e d&rsquo;id\u00e9ologie.<\/p>\n<p>L&rsquo;EI s&rsquo;adressait surtout aux jeunes musulmans du monde entier, souvent marginalis\u00e9s &#8211; les hommes tout comme de plus en plus de femmes &#8211; et leur promettait communaut\u00e9 et sens.<\/p>\n<p>Entre 2012 et 2017, de plus en plus de combattants ont \u00e9t\u00e9 recrut\u00e9s dans des mosqu\u00e9es en Allemagne, comme par exemple la mosqu\u00e9e Fussilet-33 \u00e0 Berlin Moabit. Selon une <a href=\"https:\/\/www.kas.de\/documents\/252038\/16166715\/Jihadist%2Bterrorism%2Bin%2BEurope.%2BJihadism%2Bin%2BGermany.pdf\/c7220494-8108-c265-09d0-5836a6e6f5ec?version=1.1\" target=\"_blank\" rel=\"noreferrer noopener\">\u00e9tude<\/a> de la Konrad-Adenauer Stiftung, des pr\u00e9dicateurs y ont diffus\u00e9 des enseignements salafistes et \u00e9tabli des contacts avec des combattants en Syrie. Au d\u00e9but, ils appelaient \u00e0 rejoindre des groupes islamo-djihadistes comme Jun\u016bd ash-Sh\u0101m, puis ils ont soutenu le soi-disant \u00c9tat islamique. R\u00e9trospectivement, la mosqu\u00e9e est consid\u00e9r\u00e9e comme le principal centre de recrutement de l&rsquo;EI en Allemagne.<\/p>\n<p>Tout comme l&rsquo;EI a mobilis\u00e9 des groupes cibl\u00e9s entre 2013 et 2019, la Russie utilise des messages id\u00e9ologiquement adapt\u00e9s &#8211; religieux ou nationalistes &#8211; pour susciter la loyaut\u00e9 et l&rsquo;engagement.<\/p>\n<p><strong>La Russie recrute-t-elle aussi dans les communaut\u00e9s orthodoxes russes en Allemagne ?<\/strong><\/p>\n<p>De son c\u00f4t\u00e9, la Russie s&rsquo;adresse non seulement aux nationalistes, mais aussi aux marginaux de la soci\u00e9t\u00e9.<\/p>\n<p>L'\u00a0\u00bbagent jetable\u00a0\u00bb id\u00e9al est alors soit motiv\u00e9 id\u00e9ologiquement, soit en qu\u00eate de s\u00e9curit\u00e9 financi\u00e8re, explique le Dr Hans Jakob Schindler, directeur du Counter Extremism Project (CEP). Contrairement aux groupes extr\u00e9mistes classiques, ces \u00ab\u00a0agents de bas niveau\u00a0\u00bb s&rsquo;engagent rarement par id\u00e9ologie uniquement, car les incitations financi\u00e8res jouent presque toujours un r\u00f4le, selon Schindler. \u00ab\u00a0Des conditions \u00e9conomiques pr\u00e9caires plus une proximit\u00e9 id\u00e9ologique, c&rsquo;est pratiquement le package id\u00e9al\u00a0\u00bb.<\/p>\n<p>La Russie recrute activement des personnes socialement marginalis\u00e9es, souvent russophones, en Europe, pour qu&rsquo;elles agissent comme des suppl\u00e9tifs dans des op\u00e9rations de guerre hybrides. La vuln\u00e9rabilit\u00e9 de certains groupes de population est ainsi exploit\u00e9e pour les objectifs g\u00e9opolitiques de la Russie, selon le <a href=\"https:\/\/icct.nl\/sites\/default\/files\/2025-09\/Russia%20Crime%20Terror%20Nexus%5FCriminality%20as%20a%20Tool.pdf\" target=\"_blank\" rel=\"noreferrer noopener\">rapport<\/a> de l&rsquo;International Centre for Counter-Terrorism (ICCT).<\/p>\n<p>Les observateurs estiment qu&rsquo;il est possible que la Russie puisse \u00e9galement recruter dans les communaut\u00e9s russophones en Allemagne. Ce sont surtout les paroisses orthodoxes russes qui sont sous surveillance en raison de leur proximit\u00e9 avec l&rsquo;Eglise m\u00e8re orthodoxe en Russie.<\/p>\n<p>\u00ab\u00a0L&rsquo;Eglise orthodoxe russe est tr\u00e8s proche du Kremlin et soutient les guerres d&rsquo;agression de la Russie depuis 2014 et \u00e0 nouveau en 2022\u00a0\u00bb, note Schindler, qui souligne toutefois qu&rsquo;il ne qualifierait pas l&rsquo;Eglise de \u00ab\u00a0particuli\u00e8rement vuln\u00e9rable\u00a0\u00bb.<\/p>\n<p>Un eccl\u00e9siastique orthodoxe, qui a souhait\u00e9 garder l&rsquo;anonymat pour sa propre s\u00e9curit\u00e9, a expliqu\u00e9 \u00e0 Euronews que le r\u00e9cit des Russes \u00e9tait devenu entre-temps \u00ab\u00a0un peu plus prudent\u00a0\u00bb. \u00ab\u00a0Leurs dioc\u00e8ses disent par exemple &#8211; et c&rsquo;\u00e9tait bien s\u00fbr la directive du si\u00e8ge moscovite du patriarcat russe &#8211; &lsquo;nous ne nous m\u00ealons pas de la discussion politique, nous sommes ici uniquement pour servir les besoins religieux, les gens sur place&rsquo;. Il faut remettre cela en question\u00a0\u00bb, estime-t-il.<\/p>\n<p>L&rsquo;Eglise fait office de soutien id\u00e9ologique du Kremlin et mobilise la population en l\u00e9gitimant religieusement la guerre par le patriarche Cyrille Ier et d&rsquo;autres dirigeants de l&rsquo;Eglise et en l&rsquo;instrumentalisant comme protection des valeurs orthodoxes contre les influences occidentales.<\/p>\n<p>En mars dernier, l&rsquo;Eglise orthodoxe russe a annonc\u00e9 par <a href=\"https:\/\/www.patriarchia.ru\/article\/105523\" target=\"_blank\" rel=\"noreferrer noopener\">d\u00e9cret<\/a> que la guerre d&rsquo;agression russe contre l&rsquo;Ukraine \u00e9tait une \u00ab\u00a0guerre sainte\u00a0\u00bb ayant pour but d&rsquo;\u00e9liminer l&rsquo;ind\u00e9pendance ukrainienne et d&rsquo;\u00e9tablir la domination russe. En outre, on pouvait lire : \u00ab\u00a0Prot\u00e9ger le monde de l&rsquo;assaut du mondialisme et de la victoire de l&rsquo;Occident, qui est tomb\u00e9 dans le satanisme\u00a0\u00bb.<\/p>\n<p>Selon le pr\u00eatre orthodoxe, certaines paroisses orthodoxes russes v\u00e9hiculent une vision du monde tr\u00e8s particuli\u00e8re, o\u00f9 les \u00e9v\u00eaques ont par exemple une tr\u00e8s grande autorit\u00e9. \u00ab\u00a0Lorsque le service religieux est termin\u00e9, il est tr\u00e8s difficile de remettre en question les positions de ces \u00e9v\u00eaques. Ils sont l\u00e0-bas comme des dieux, ils revendiquent une certaine autorit\u00e9\u00a0\u00bb, explique-t-il.<\/p>\n<p><strong>Comment la propagande et la peur frappent les soci\u00e9t\u00e9s<\/strong><\/p>\n<p>Sabotage, d\u00e9sinformation, d\u00e9stabilisation : dans les deux cas, on constate l&rsquo;utilisation d&rsquo;une guerre hybride. La Russie et l&rsquo;EI ont tous deux recours \u00e0 la propagande et \u00e0 la d\u00e9sinformation cibl\u00e9es pour d\u00e9stabiliser les soci\u00e9t\u00e9s. Dans l&rsquo;ensemble, les strat\u00e9gies des deux parties se ressemblent, car elles combinent la violence conventionnelle avec des mesures de subversion subtiles.<\/p>\n<p>En revanche, les r\u00e9actions diff\u00e8rent gravement. \u00ab\u00a0Nous \u00e9tions tous d&rsquo;accord pour dire que l&rsquo;EI est m\u00e9chant\u00a0\u00bb, explique R\u0119kawek, qui ajoute que ce n&rsquo;est pas le cas de la Russie, raison pour laquelle la r\u00e9action \u00e0 la guerre hybride de la Russie n&rsquo;est pas aussi d\u00e9finie que celle de l&rsquo;EI. \u00ab\u00a0On pense \u00e0 certains groupes cibles et on appelle \u00e7a du sabotage, on appelle \u00e7a de la diversion, mais on ne veut pas mettre \u00e7a dans le m\u00eame panier. En fait, m\u00eame de nombreux experts, de nombreux politiciens et de nombreux d\u00e9cideurs en Occident sont d&rsquo;accord avec le terme de &lsquo;guerre hybride&rsquo; ou de &lsquo;campagne hybride&rsquo; parce qu&rsquo;il est encore \u00e0 des kilom\u00e8tres du terrorisme dans l&rsquo;esprit du public\u00a0\u00bb, explique l&rsquo;expert en terrorisme.<\/p>\n<p>Selon l&rsquo;expert en d\u00e9sinformation et en renseignement directeur du Cyber Intelligence Institute, le Dr Christopher Nehring, le principal point d&rsquo;influence des attaques hybrides est la psych\u00e9 de la soci\u00e9t\u00e9. \u00ab\u00a0Bien s\u00fbr, il est probl\u00e9matique que des personnes soient bless\u00e9es &#8211; par exemple dans le cas d&rsquo;incendies criminels perp\u00e9tr\u00e9s par des agents jetables &#8211; mais strat\u00e9giquement, pour l&rsquo;\u00c9tat dans son ensemble, cela n&rsquo;a pas d&rsquo;importance\u00a0\u00bb, explique Nehring.<\/p>\n<p>\u00ab\u00a0La s\u00e9curit\u00e9 de chacun doit certes \u00eatre prot\u00e9g\u00e9e le mieux possible, mais on ne doit pas se laisser guider strat\u00e9giquement par cela. Dans le cas des organisations terroristes &#8211; par exemple la RAF ou l&rsquo;\u00c9tat islamique &#8211; cela a toujours fait partie de la strat\u00e9gie de communication : la terreur est grave, mais nous ne nous laissons pas influencer par elle. Il en va de m\u00eame pour la Russie : nous ne nous laissons pas effrayer par des broutilles. En m\u00eame temps, nous devons construire et communiquer une r\u00e9silience psychologique\u00a0\u00bb, explique Nehring, ajoutant qu&rsquo;il est clair que l&rsquo;\u00e9tat de protection actuel \u00ab\u00a0n&rsquo;est pas encore suffisant\u00a0\u00bb.<\/p>\n<p><strong>Comment prot\u00e9ger une soci\u00e9t\u00e9 contre la guerre hybride ? Vous le saurez dans le cinqui\u00e8me volet de la s\u00e9rie euronews sur \u00ab\u00a0La terreur secr\u00e8te de Poutine en Allemagne\u00a0\u00bb.<\/strong><\/p>\n","protected":false},"excerpt":{"rendered":"Dans sa guerre hybride contre l&rsquo;Occident, la Russie a parfois recours \u00e0 ce qu&rsquo;on appelle des \u00ab\u00a0agents jetables\u00a0\u00bb.&hellip;\n","protected":false},"author":2,"featured_media":499581,"comment_status":"","ping_status":"","sticky":false,"template":"","format":"standard","meta":{"footnotes":""},"categories":[1587],"tags":[11,672,1804,1805,1803,4777,1777,674,1801,62204,12,1802,132,1254],"class_list":{"0":"post-499580","1":"post","2":"type-post","3":"status-publish","4":"format-standard","5":"has-post-thumbnail","7":"category-allemagne","8":"tag-actualites","9":"tag-allemagne","10":"tag-bundesrepublik-deutschland","11":"tag-de","12":"tag-deutschland","13":"tag-espionnage","14":"tag-eu","15":"tag-europe","16":"tag-germany","17":"tag-groupe-etat-islamique","18":"tag-news","19":"tag-republique-federale-dallemagne","20":"tag-russie","21":"tag-terrorisme"},"share_on_mastodon":{"url":"https:\/\/pubeurope.com\/@fr\/115462306936260994","error":""},"_links":{"self":[{"href":"https:\/\/www.europesays.com\/fr\/wp-json\/wp\/v2\/posts\/499580","targetHints":{"allow":["GET"]}}],"collection":[{"href":"https:\/\/www.europesays.com\/fr\/wp-json\/wp\/v2\/posts"}],"about":[{"href":"https:\/\/www.europesays.com\/fr\/wp-json\/wp\/v2\/types\/post"}],"author":[{"embeddable":true,"href":"https:\/\/www.europesays.com\/fr\/wp-json\/wp\/v2\/users\/2"}],"replies":[{"embeddable":true,"href":"https:\/\/www.europesays.com\/fr\/wp-json\/wp\/v2\/comments?post=499580"}],"version-history":[{"count":0,"href":"https:\/\/www.europesays.com\/fr\/wp-json\/wp\/v2\/posts\/499580\/revisions"}],"wp:featuredmedia":[{"embeddable":true,"href":"https:\/\/www.europesays.com\/fr\/wp-json\/wp\/v2\/media\/499581"}],"wp:attachment":[{"href":"https:\/\/www.europesays.com\/fr\/wp-json\/wp\/v2\/media?parent=499580"}],"wp:term":[{"taxonomy":"category","embeddable":true,"href":"https:\/\/www.europesays.com\/fr\/wp-json\/wp\/v2\/categories?post=499580"},{"taxonomy":"post_tag","embeddable":true,"href":"https:\/\/www.europesays.com\/fr\/wp-json\/wp\/v2\/tags?post=499580"}],"curies":[{"name":"wp","href":"https:\/\/api.w.org\/{rel}","templated":true}]}}