{"id":499584,"date":"2025-10-30T09:03:14","date_gmt":"2025-10-30T09:03:14","guid":{"rendered":"https:\/\/www.europesays.com\/fr\/499584\/"},"modified":"2025-10-30T09:03:14","modified_gmt":"2025-10-30T09:03:14","slug":"ue-chine-laffaire-nexperia-tourne-au-bras-de-fer-bruxelles-pekin","status":"publish","type":"post","link":"https:\/\/www.europesays.com\/fr\/499584\/","title":{"rendered":"UE \u2013 Chine : L\u2019affaire Nexperia tourne au bras de fer Bruxelles-P\u00e9kin"},"content":{"rendered":"<p>La Chine a r\u00e9pliqu\u00e9 \u00e0 la prise de contr\u00f4le du fabricant de semi-conducteurs Nexperia par le gouvernement n\u00e9erlandais par une suspension des exportations de puces destin\u00e9es \u00e0 l\u2019industriel. Les industriels europ\u00e9ens clients s\u2019inqui\u00e8tent. Revue de d\u00e9tail dans cet article propos\u00e9 par notre partenaire notre partenaire\u00a0La newsletter BLOCS. \u00ab\u00a0Alors que le diff\u00e9rend politique \u00e0 l&rsquo;origine de [\u2026]<\/p>\n","protected":false},"excerpt":{"rendered":"La Chine a r\u00e9pliqu\u00e9 \u00e0 la prise de contr\u00f4le du fabricant de semi-conducteurs Nexperia par le gouvernement n\u00e9erlandais&hellip;\n","protected":false},"author":2,"featured_media":499585,"comment_status":"","ping_status":"","sticky":false,"template":"","format":"standard","meta":{"footnotes":""},"categories":[1586],"tags":[11,309,1777,674,1779,1011,27,12,62205,14082,25,11869,1778,364,62206],"class_list":{"0":"post-499584","1":"post","2":"type-post","3":"status-publish","4":"format-standard","5":"has-post-thumbnail","7":"category-europe","8":"tag-actualites","9":"tag-chine","10":"tag-eu","11":"tag-europe","12":"tag-european-union","13":"tag-fr","14":"tag-france","15":"tag-news","16":"tag-nexperia","17":"tag-puces","18":"tag-republique-francaise","19":"tag-semi-conducteurs","20":"tag-ue","21":"tag-union-europeenne","22":"tag-unions-europeenne"},"share_on_mastodon":{"url":"https:\/\/pubeurope.com\/@fr\/115462314863708669","error":""},"_links":{"self":[{"href":"https:\/\/www.europesays.com\/fr\/wp-json\/wp\/v2\/posts\/499584","targetHints":{"allow":["GET"]}}],"collection":[{"href":"https:\/\/www.europesays.com\/fr\/wp-json\/wp\/v2\/posts"}],"about":[{"href":"https:\/\/www.europesays.com\/fr\/wp-json\/wp\/v2\/types\/post"}],"author":[{"embeddable":true,"href":"https:\/\/www.europesays.com\/fr\/wp-json\/wp\/v2\/users\/2"}],"replies":[{"embeddable":true,"href":"https:\/\/www.europesays.com\/fr\/wp-json\/wp\/v2\/comments?post=499584"}],"version-history":[{"count":0,"href":"https:\/\/www.europesays.com\/fr\/wp-json\/wp\/v2\/posts\/499584\/revisions"}],"wp:featuredmedia":[{"embeddable":true,"href":"https:\/\/www.europesays.com\/fr\/wp-json\/wp\/v2\/media\/499585"}],"wp:attachment":[{"href":"https:\/\/www.europesays.com\/fr\/wp-json\/wp\/v2\/media?parent=499584"}],"wp:term":[{"taxonomy":"category","embeddable":true,"href":"https:\/\/www.europesays.com\/fr\/wp-json\/wp\/v2\/categories?post=499584"},{"taxonomy":"post_tag","embeddable":true,"href":"https:\/\/www.europesays.com\/fr\/wp-json\/wp\/v2\/tags?post=499584"}],"curies":[{"name":"wp","href":"https:\/\/api.w.org\/{rel}","templated":true}]}}