{"id":49959,"date":"2025-04-24T19:50:09","date_gmt":"2025-04-24T19:50:09","guid":{"rendered":"https:\/\/www.europesays.com\/fr\/49959\/"},"modified":"2025-04-24T19:50:09","modified_gmt":"2025-04-24T19:50:09","slug":"cette-oeuvre-dandy-warhol-a-probablement-fini-a-la-poubelle-aux-pays-bas","status":"publish","type":"post","link":"https:\/\/www.europesays.com\/fr\/49959\/","title":{"rendered":"Cette \u0153uvre d\u2019Andy Warhol a \u00ab\u00a0probablement\u00a0\u00bb fini \u00e0 la poubelle aux Pays-Bas"},"content":{"rendered":"<p>        <img decoding=\"async\" loading=\"lazy\" src=\"https:\/\/www.europesays.com\/fr\/wp-content\/uploads\/2025\/04\/4674ebc_sirius-fs-upload-1-5muqf6emkiju-1745506437784-adobe-express-file.jpg\"  width=\"728\" height=\"409\" alt=\"La princesse Beatrix des Pays-Bas devant son portrait r\u00e9alis\u00e9 par Andy Warhol.\"\/>  <\/p>\n<p>NICK GAMMON \/ AFP<\/p>\n<p>La princesse Beatrix des Pays-Bas devant son portrait r\u00e9alis\u00e9 par Andy Warhol.<\/p>\n<p class=\"asset asset-text\">ART &#8211; <a href=\"https:\/\/www.huffingtonpost.fr\/culture\/article\/des-uvres-d-andy-warhol-volees-dans-une-galerie-aux-pays-bas_241673.html\" target=\"_blank\" rel=\"noopener\">Une \u0153uvre d\u2019Andy Warhol disparue<\/a> dans une commune du sud-est des <a href=\"https:\/\/www.huffingtonpost.fr\/culture\/article\/miss-france-l-equivalent-du-concours-aux-pays-bas-s-arrete-car-les-temps-ont-change_243488.html\" target=\"_blank\" rel=\"noopener\">Pays-Bas<\/a> fin 2024 a probablement \u00e9t\u00e9 jet\u00e9e \u00e0 la poubelle, a indiqu\u00e9 ce jeudi 24\u00a0avril la municipalit\u00e9, dans un communiqu\u00e9 relayant les r\u00e9sultats d\u2019une enqu\u00eate ind\u00e9pendante.<\/p>\n<p class=\"asset asset-text\">Le tableau de l\u2019artiste \u00e0 l\u2019origine du <a href=\"https:\/\/www.huffingtonpost.fr\/culture\/article\/un-portrait-de-marilyn-monroe-par-warhol-vendu-195-millions-de-dollars-aux-encheres_196067.html\" target=\"_blank\" rel=\"noopener\">mouvement Pop Art<\/a> avait disparu \u00e0 la fin de l\u2019ann\u00e9e derni\u00e8re lors des r\u00e9novations de l\u2019h\u00f4tel de ville de la commune d\u2019Uden, dans un contexte de r\u00e9organisation territoriale. \u00ab\u00a0Il est tr\u00e8s probable que les \u0153uvres d\u2019art manquantes de la municipalit\u00e9 aient \u00e9t\u00e9 accidentellement jet\u00e9es avec les d\u00e9chets encombrants\u00a0\u00bb, a d\u00e9clar\u00e9 la municipalit\u00e9 de Maashorst (Brabant-Septentrional).<\/p>\n<p class=\"asset asset-text\">La municipalit\u00e9 a indiqu\u00e9 avoir commissionn\u00e9 l\u2019agence de recherche externe BING entre novembre\u00a02024 et mars\u00a02025 pour mener l\u2019enqu\u00eate sur la disparition de 46 \u0153uvres d\u2019art, dont un exemplaire d\u2019une s\u00e9rigraphie d\u2019Andy Warhol repr\u00e9sentant Beatrix, reine-m\u00e8re des Pays-Bas qui a commenc\u00e9 son r\u00e8gne en 1980\u00a0avant d\u2019abdiquer en 2013. \u00ab\u00a0L\u2019enqu\u00eate a consist\u00e9 principalement en des entretiens avec des fonctionnaires et des administrateurs impliqu\u00e9s\u00a0\u00bb, a pr\u00e9cis\u00e9 la municipalit\u00e9.<\/p>\n<p>    Des manquements dans la pr\u00e9servation des \u0153uvres    <\/p>\n<p class=\"asset asset-text\">BING a conclu que des insuffisances \u00e9taient \u00e0 l\u2019origine de la disparition. \u00ab\u00a0Par exemple, la propri\u00e9t\u00e9 n\u2019a pas \u00e9t\u00e9 correctement attribu\u00e9e, il n\u2019y a pas eu de politiques et de proc\u00e9dures \u00e9tablies autour de la r\u00e9novation, et il n\u2019y a pas eu d\u2019action rapide lorsque les \u0153uvres d\u2019art se sont av\u00e9r\u00e9es manquantes\u00a0\u00bb.<\/p>\n<p class=\"asset asset-text\">\u00ab\u00a0Il n\u2019y avait pas non plus de lignes directrices pour l\u2019enregistrement, le stockage, la conservation et la s\u00e9curit\u00e9 des \u0153uvres\u00a0\u00bb, a r\u00e9v\u00e9l\u00e9 l\u2019enqu\u00eate. Le m\u00e9dia n\u00e9erlandais <a href=\"https:\/\/www.omroepbrabant.nl\/nieuws\/4680817\/gemeente-raakte-46-kunstwerken-kwijt-ze-liggen-bij-het-grofvuil\" target=\"_blank\" rel=\"noopener\" title=\"Nouvelle fen\u00eatre\">Omroep Brabant<\/a> pr\u00e9cise qu\u2019elles n\u2019ont pas \u00e9t\u00e9 trait\u00e9es avec soin puisqu\u2019elles \u00e9taient stock\u00e9es au sous-sol tout en \u00e9tant expos\u00e9es \u00e0 la poussi\u00e8re et \u00e0 l\u2019humidit\u00e9. \u00ab\u00a0Ce n\u2019est pas ainsi que l\u2019on s\u2019occupe des objets de valeur. Mais c\u2019est arriv\u00e9. Nous le regrettons\u00a0\u00bb, a d\u00e9clar\u00e9 le maire de la ville comme le rapporte Omroep Brabant.<\/p>\n<p class=\"asset asset-text\">\u00c0 la fin de sa vie, Andy Warhol a produit deux \u00e9ditions de cette s\u00e9rie repr\u00e9sentant quatre reines. Une \u00e9dition normale de 40 exemplaires et une \u00ab\u00a0\u00e9dition royale\u00a0\u00bb de lithographies \u00e0 l\u2019effet scintillant. Avec le portrait de Beatrix des Pays-Bas, il y a \u00e9galement ceux d\u2019\u00c9lisabeth II du Royaume-Uni, de Marguerite II du Danemark et de Ntfombi Tfwala d\u2019Eswatini.<\/p>\n<p class=\"asset asset-text\"><strong>\u00c0 voir \u00e9galement sur\u00a0Le HuffPost\u00a0:<\/strong><\/p>\n<p> La lecture de ce contenu est susceptible d\u2019entra\u00eener un d\u00e9p\u00f4t de cookies de la part de l\u2019op\u00e9rateur tiers qui l\u2019h\u00e9berge. Compte-tenu des choix que vous avez exprim\u00e9s en mati\u00e8re de d\u00e9p\u00f4t de cookies, nous avons bloqu\u00e9 l\u2019affichage de ce contenu. Si vous souhaitez y acc\u00e9der, vous devez accepter la cat\u00e9gorie de cookies \u201cContenus tiers\u201d en cliquant sur le bouton ci-dessous. <\/p>\n<p> Lire la Vid\u00e9o                    <\/p>\n","protected":false},"excerpt":{"rendered":"NICK GAMMON \/ AFP La princesse Beatrix des Pays-Bas devant son portrait r\u00e9alis\u00e9 par Andy Warhol. ART &#8211;&hellip;\n","protected":false},"author":2,"featured_media":49960,"comment_status":"","ping_status":"","sticky":false,"template":"","format":"standard","meta":{"footnotes":""},"categories":[1358],"tags":[14114,3734,1348,1384,1385,251,1386,58,59,1011,27,1757],"class_list":{"0":"post-49959","1":"post","2":"type-post","3":"status-publish","4":"format-standard","5":"has-post-thumbnail","7":"category-arts-et-design","8":"tag-andy-warhol","9":"tag-art","10":"tag-arts","11":"tag-arts-and-design","12":"tag-arts-et-design","13":"tag-culture","14":"tag-design","15":"tag-divertissement","16":"tag-entertainment","17":"tag-fr","18":"tag-france","19":"tag-insolite"},"share_on_mastodon":{"url":"https:\/\/pubeurope.com\/@fr\/114394682251402940","error":""},"_links":{"self":[{"href":"https:\/\/www.europesays.com\/fr\/wp-json\/wp\/v2\/posts\/49959","targetHints":{"allow":["GET"]}}],"collection":[{"href":"https:\/\/www.europesays.com\/fr\/wp-json\/wp\/v2\/posts"}],"about":[{"href":"https:\/\/www.europesays.com\/fr\/wp-json\/wp\/v2\/types\/post"}],"author":[{"embeddable":true,"href":"https:\/\/www.europesays.com\/fr\/wp-json\/wp\/v2\/users\/2"}],"replies":[{"embeddable":true,"href":"https:\/\/www.europesays.com\/fr\/wp-json\/wp\/v2\/comments?post=49959"}],"version-history":[{"count":0,"href":"https:\/\/www.europesays.com\/fr\/wp-json\/wp\/v2\/posts\/49959\/revisions"}],"wp:featuredmedia":[{"embeddable":true,"href":"https:\/\/www.europesays.com\/fr\/wp-json\/wp\/v2\/media\/49960"}],"wp:attachment":[{"href":"https:\/\/www.europesays.com\/fr\/wp-json\/wp\/v2\/media?parent=49959"}],"wp:term":[{"taxonomy":"category","embeddable":true,"href":"https:\/\/www.europesays.com\/fr\/wp-json\/wp\/v2\/categories?post=49959"},{"taxonomy":"post_tag","embeddable":true,"href":"https:\/\/www.europesays.com\/fr\/wp-json\/wp\/v2\/tags?post=49959"}],"curies":[{"name":"wp","href":"https:\/\/api.w.org\/{rel}","templated":true}]}}