{"id":499592,"date":"2025-10-30T09:07:15","date_gmt":"2025-10-30T09:07:15","guid":{"rendered":"https:\/\/www.europesays.com\/fr\/499592\/"},"modified":"2025-10-30T09:07:15","modified_gmt":"2025-10-30T09:07:15","slug":"un-celebre-consultant-tv-americain-imagine-deja-michael-brennan-a-la-ryder-cup-2027","status":"publish","type":"post","link":"https:\/\/www.europesays.com\/fr\/499592\/","title":{"rendered":"Un c\u00e9l\u00e8bre consultant TV am\u00e9ricain imagine d\u00e9j\u00e0 Michael Brennan \u00e0 la Ryder Cup 2027"},"content":{"rendered":"<p>\t\t\t\t\t\t<img width=\"770\" height=\"557\" src=\"https:\/\/www.europesays.com\/fr\/wp-content\/uploads\/2025\/10\/michaelbrennantrophy-770x557.jpg\" class=\"img-responsive wp-post-image\" alt=\"\" decoding=\"async\" fetchpriority=\"high\"  \/>\t\t\t\t\t<\/p>\n<p>\t\t\t\t\t\t Partager cet article <\/p>\n<p class=\"screen-reader-text juiz_sps_maybe_hidden_text\">Partager la publication \u00ab\u00a0Un c\u00e9l\u00e8bre consultant TV am\u00e9ricain imagine d\u00e9j\u00e0 Michael Brennan \u00e0 la Ryder Cup 2027\u00a0\u00bb<\/p>\n<p><strong>Vainqueur surprise du Bank of Utah Championship \u00e0 son 3e d\u00e9part sur le PGA Tour, le premier en tant que professionnel, Michael Brennan est d\u00e9j\u00e0 pr\u00e9sent\u00e9 comme un r\u00e9el espoir pour l\u2019\u00e9quipe US de Ryder Cup, battue fin septembre \u00e0 Bethpage Black. Rien que \u00e7a\u00a0!<\/strong><\/p>\n<p>\t\t\t\t\t<a id=\"186378\" href=\"https:\/\/www.garmin.com\/fr-FR\/c\/sports-fitness\/golf-gps-devices-smartwatches\/\" target=\"_blank\" rel=\"sponsorised nofollow noopener\"><img decoding=\"async\" src=\"data:image\/svg+xml,%3Csvg%20xmlns=\" http:=\"\" class=\"img-responsive\" alt=\"\" data-lazy-src=\"https:\/\/www.europesays.com\/fr\/wp-content\/uploads\/2025\/06\/garmin-e01-serie-approach-1170x275-1.jpeg\"\/><\/a><\/p>\n<p><a href=\"https:\/\/www.golfplanete.com\/actualites\/la-sensation-michael-brennan-simpose-perez-limite-la-casse\/\" target=\"_blank\" rel=\"noopener nofollow\">Le succ\u00e8s aussi soudain qu\u2019improbable<\/a> de <strong>Michael Brennan<\/strong> au <strong>Bank of Utah Championship<\/strong>, tournoi des<strong> Falls Series du PGA Tour<\/strong>, a clairement enthousiasm\u00e9 la plan\u00e8te golf. Et notamment les m\u00e9dias am\u00e9ricains qui ont salu\u00e9 la pr\u00e9cocit\u00e9 du Virginien, 23 ans seulement, triple laur\u00e9at jusque-l\u00e0 sur le <strong>PGA Tour Americas<\/strong>, la 3e division US.<\/p>\n<p>Carte en poche sur le PGA Tour pour 2026, Brennan est \u00e9galement qualifi\u00e9 pour disputer le <strong>Players Championship<\/strong>, le <strong>RBC Heritage<\/strong>, l\u2019un des neuf <strong>Signature Event<\/strong> de la prochaine saison, et le <strong>PGA Championship<\/strong>, le 2e Majeur au calendrier international.<\/p>\n<p>Le d\u00e9but d\u2019une grande histoire ?<\/p>\n<p>Consultant vedette sur Golf Channel depuis plusieurs ann\u00e9es maintenant, <strong>Johnson Wagner<\/strong>, ancien triple vainqueur sur le PGA Tour, ne tarit pas d\u2019\u00e9loges sur <a href=\"https:\/\/www.golfplanete.com\/actualites\/lascension-fulgurante-de-michael-brennan-nouvelle-pepite-made-in-usa\/\" target=\"_blank\" rel=\"noopener nofollow\">la nouvelle p\u00e9pite am\u00e9ricaine<\/a>. Pour lui, nous ne sommes qu\u2019au d\u00e9but d\u2019une \u00ab grande histoire \u00bb qui pourrait se poursuivre jusqu\u2019en\u2026 <strong>Ryder Cup<\/strong>. Carr\u00e9ment !<\/p>\n<p>\u00ab Je ne cherche pas \u00e0 \u00eatre ridicule, a d\u00e9clar\u00e9 Wagner sur\u00a0SiriusXM PGA Tour Radio. Mais on pourrait tout \u00e0 fait imaginer Michael Brennan jouer dans l\u2019\u00e9quipe de la Ryder Cup en 2027 (\u00e0 <strong>Adare Manor<\/strong>, en Irlande). Il a ce genre de talent. Il frappe la balle tr\u00e8s loin, il a un toucher exceptionnel autour des greens, son putting est magnifique. Et ce n\u2019\u00e9tait que sa troisi\u00e8me participation au PGA Tour. \u00bb<\/p>\n<blockquote><p>&#13;<br \/>\nQui d\u2019autre a connu un d\u00e9but de carri\u00e8re aussi fulgurant ? Tiger Woods ?&#13;<br \/>\n&#13;<br \/>\nJohnson Wagner<\/p><\/blockquote>\n<p>N\u2019est-ce pas aller un peu vite en besogne, au risque de compromettre une carri\u00e8re qui d\u00e9bute, certes, clairement sur les chapeaux de roues\u00a0? Pour Wagner, ce n\u2019est pas le cas.<\/p>\n<p>\u00ab Ses deux pr\u00e9c\u00e9dentes apparitions devant le grand public ont \u00e9t\u00e9 le <strong>Genesis Invitational<\/strong> (en 2022) et l\u2019<strong>U.S. Open<\/strong> en 2023, ajoute Johnson Wagner. Il vient de remporter son premier tournoi sur le PGA Tour en tant que professionnel, et quand on y pense, qui d\u2019autre a connu un d\u00e9but de carri\u00e8re aussi fulgurant ? <strong>Tiger Woods<\/strong> ? \u00bb<\/p>\n<p>Vu sous cet angle\u2026<\/p>\n<p>\t\t\t\t\t<a id=\"187759\" href=\"https:\/\/leclub-golf.com\/fr\/private-card\/offre-15-mois-carte-classic?utm_source=golf+planete&amp;utm_medium=referral&amp;utm_campaign=15+mois+offerts+classic&amp;utm_id=15+mois+offerts+classic__golf+planete_referral_banner\" target=\"_blank\" rel=\"sponsorised nofollow noopener\"><img decoding=\"async\" src=\"data:image\/svg+xml,%3Csvg%20xmlns=\" http:=\"\" class=\"img-responsive\" alt=\"\" data-lazy-src=\"https:\/\/www.europesays.com\/fr\/wp-content\/uploads\/2025\/09\/leclubgolf-e12-douceur-automne-1170x275-1.jpg\"\/><\/a><\/p>\n<p>Photo : Mike Mulholland \/ GETTY IMAGES NORTH AMERICA \/ Getty Images via AFP<\/p>\n","protected":false},"excerpt":{"rendered":"Partager cet article Partager la publication \u00ab\u00a0Un c\u00e9l\u00e8bre consultant TV am\u00e9ricain imagine d\u00e9j\u00e0 Michael Brennan \u00e0 la Ryder&hellip;\n","protected":false},"author":2,"featured_media":499593,"comment_status":"","ping_status":"","sticky":false,"template":"","format":"standard","meta":{"footnotes":""},"categories":[1418],"tags":[1011,27,1472,60],"class_list":{"0":"post-499592","1":"post","2":"type-post","3":"status-publish","4":"format-standard","5":"has-post-thumbnail","7":"category-golf","8":"tag-fr","9":"tag-france","10":"tag-golf","11":"tag-sports"},"share_on_mastodon":{"url":"https:\/\/pubeurope.com\/@fr\/115462330364078932","error":""},"_links":{"self":[{"href":"https:\/\/www.europesays.com\/fr\/wp-json\/wp\/v2\/posts\/499592","targetHints":{"allow":["GET"]}}],"collection":[{"href":"https:\/\/www.europesays.com\/fr\/wp-json\/wp\/v2\/posts"}],"about":[{"href":"https:\/\/www.europesays.com\/fr\/wp-json\/wp\/v2\/types\/post"}],"author":[{"embeddable":true,"href":"https:\/\/www.europesays.com\/fr\/wp-json\/wp\/v2\/users\/2"}],"replies":[{"embeddable":true,"href":"https:\/\/www.europesays.com\/fr\/wp-json\/wp\/v2\/comments?post=499592"}],"version-history":[{"count":0,"href":"https:\/\/www.europesays.com\/fr\/wp-json\/wp\/v2\/posts\/499592\/revisions"}],"wp:featuredmedia":[{"embeddable":true,"href":"https:\/\/www.europesays.com\/fr\/wp-json\/wp\/v2\/media\/499593"}],"wp:attachment":[{"href":"https:\/\/www.europesays.com\/fr\/wp-json\/wp\/v2\/media?parent=499592"}],"wp:term":[{"taxonomy":"category","embeddable":true,"href":"https:\/\/www.europesays.com\/fr\/wp-json\/wp\/v2\/categories?post=499592"},{"taxonomy":"post_tag","embeddable":true,"href":"https:\/\/www.europesays.com\/fr\/wp-json\/wp\/v2\/tags?post=499592"}],"curies":[{"name":"wp","href":"https:\/\/api.w.org\/{rel}","templated":true}]}}