{"id":499594,"date":"2025-10-30T09:09:12","date_gmt":"2025-10-30T09:09:12","guid":{"rendered":"https:\/\/www.europesays.com\/fr\/499594\/"},"modified":"2025-10-30T09:09:12","modified_gmt":"2025-10-30T09:09:12","slug":"mateo-garcia-pret-a-prendre-les-commandes-du-rct","status":"publish","type":"post","link":"https:\/\/www.europesays.com\/fr\/499594\/","title":{"rendered":"Mateo Garcia pr\u00eat \u00e0 prendre les commandes du RCT"},"content":{"rendered":"<p class=\"fs-5 \"><strong>S\u2019int\u00e9grer dans un nouveau collectif<\/strong> n\u2019est jamais chose facile lorsqu\u2019on est <strong>ouvreur<\/strong>. Ce poste, si particulier, si expos\u00e9, exige une <strong>connaissance pointue du syst\u00e8me de jeu<\/strong> de l\u2019\u00e9quipe. Car, au sein de celui-ci, le r\u00f4le d\u2019un <strong>num\u00e9ro 10<\/strong> est absolument charni\u00e8re. Alors, imaginez lorsque vous vous blessez avant m\u00eame que la saison de <strong>Top 14<\/strong> n\u2019ait commenc\u00e9\u2026<\/p>\n<p class=\"fs-5 \">C\u2019est le <strong>triste sort<\/strong> qu\u2019a connu, le 29 ao\u00fbt dernier, le <strong>jeune demi d\u2019ouverture toulonnais Mateo Garcia<\/strong>. Lors du match amical disput\u00e9 contre Clermont \u00e0 Issoire, l\u2019ancien Bordelo-B\u00e9glais (23 ans) avait contract\u00e9 une <strong>entorse du ligament lat\u00e9ral interne<\/strong> \u00e0 un genou. Et, par l\u00e0 m\u00eame, un <strong>r\u00e9el sentiment de d\u00e9ception<\/strong>.<\/p>\n<p class=\"fs-5 \">\u00ab\u00a0Forc\u00e9ment, \u00e7a n\u2019a pas \u00e9t\u00e9 facile mentalement, surtout au d\u00e9but, confie aujourd\u2019hui le natif de Bayonne. Heureusement, ici, \u00e0 Toulon, on a la chance d\u2019avoir un <strong>staff m\u00e9dical tr\u00e8s pr\u00e9sent<\/strong>, que ce soit au niveau du physique ou de l\u2019humain. J\u2019ai donc pris mon mal en patience pour revenir le plus vite possible \u00e0 la comp\u00e9tition.\u00a0\u00bb<\/p>\n<p>                                                                                <strong>De l\u2019\u00e9nergie \u00e0 revendre<\/strong><\/p>\n<p class=\"fs-5 \">Apr\u00e8s quasiment un mois de frigo, <a href=\"https:\/\/www.nicematin.com\/sports\/rct-pau-retours-d-ollivon-et-sinckler-premiere-pour-garcia-10650617\" target=\"_blank\" rel=\"noopener\">on retrouvait ainsi l\u2019ex-jeune <strong>champion de France de pelote basque<\/strong> \u00e0 Mayol, contre Pau, pour sa <strong>premi\u00e8re officielle en rouge et noir<\/strong><\/a>. \u00ab\u00a0J\u2019ai en plus eu la chance d\u2019entrer en jeu avec <strong>Ma\u2019a Nonu<\/strong>. Moi, je suis tout frais et, lui, c\u2019est la l\u00e9gende, le savoir-faire. C\u2019\u00e9tait quelque chose de fantastique. \u00a0\u00bb<\/p>\n<p class=\"fs-5 \">Suivaient, respectivement, une titularisation et un banc de touche \u00e0 l\u2019ext\u00e9rieur, sur les pelouses de <strong>Clermont<\/strong> et <strong>Toulouse<\/strong>, avec, au final, <strong>deux naufrages collectifs<\/strong>. Pas vraiment le contexte id\u00e9al pour une recrue \u00e0 l\u2019ouverture.<\/p>\n<p class=\"fs-5 \">Pourtant, le <strong>gamin d\u2019Hendaye<\/strong> a bel et bien <strong>de l\u2019\u00e9nergie \u00e0 revendre<\/strong>. \u00ab\u00a0Pendant ma convalescence, j\u2019ai accumul\u00e9, je ne dirais pas de la frustration, mais plus de l\u2019impatience, appuie l\u2019int\u00e9ress\u00e9. J\u2019ai <strong>l\u2019envie de jouer<\/strong>, l\u2019envie de <strong>montrer mes qualit\u00e9s<\/strong>.\u00a0\u00bb<\/p>\n<p>                                                                                <strong>Garbisi en s\u00e9lection, Domon bless\u00e9, Herv\u00e9 parti \u00e0 Castres<\/strong><\/p>\n<p class=\"fs-5 \">Les semaines \u00e0 venir devraient lui en donner l\u2019occasion. Cantonn\u00e9 pour l\u2019heure \u00e0 <strong>114 minutes de jeu<\/strong>, l\u2019ancien international fran\u00e7ais de <strong>rugby \u00e0 7<\/strong> va se retrouver, pendant les <strong>doublons de la fen\u00eatre internationale d\u2019automne<\/strong>, <strong>seul ouvreur de m\u00e9tier<\/strong> du club varois. Avec <strong>Paolo Garbisi<\/strong> en s\u00e9lection italienne, <a href=\"https:\/\/www.nicematin.com\/sports\/le-demi-d-ouverture-de-toulon-enzo-herve-prete-a-castres-10649876\" target=\"_blank\" rel=\"noopener\"><strong>Enzo Herv\u00e9<\/strong> parti pr\u00e9matur\u00e9ment \u00e0 <strong>Castres<\/strong><\/a> et<a href=\"https:\/\/www.nicematin.com\/sports\/suspicion-de-fracture-a-une-main-pour-l-arriere-ou-ouvreur-de-toulon-marius-domon-sorti-blesse-face-a-toulouse-10654227\" target=\"_blank\" rel=\"noopener\"> <strong>Marius Domon<\/strong> bless\u00e9 \u00e0 une main<\/a>, Garcia devrait, en cons\u00e9quence, devenir le <strong>commandant de la ligne arri\u00e8re<\/strong> pour les matchs face \u00e0 <strong>La Rochelle (le 8 novembre)<\/strong> et au <strong>Stade fran\u00e7ais (le 23 novembre)<\/strong>.<\/p>\n<p>            <img src=\"https:\/\/www.europesays.com\/fr\/wp-content\/uploads\/2025\/10\/8707f0d_upload-from-url-1-2seutc95dok7-data-art-16078855-azbezcwd.jpg\"   loading=\"lazy\" decoding=\"async\" alt=\"L\u2019ouvreur a appr\u00e9ci\u00e9 sa r\u00e9cente exp\u00e9rience \u00e0 VII.  \" class=\"img-fluid position-absolute w-100 object-fit-cover rounded-2\" width=\"600\" height=\"400\"\/><\/p>\n<p class=\"fs-5 \">Une <strong>belle occasion<\/strong> de v\u00e9ritablement <strong>lancer sa nouvelle aventure toulonnaise<\/strong>.<br \/>\u00ab\u00a0C\u2019est certain que je vais avoir plus d\u2019opportunit\u00e9s de jouer. Et donc, de donner le meilleur de moi-m\u00eame pour le <strong>RCT<\/strong>. Je m\u2019entra\u00eene tous les jours pour \u00eatre propuls\u00e9 sur le devant de la sc\u00e8ne. Et que ce soit en p\u00e9riode de doublons ou hors doublons, ce que je veux, c\u2019est <strong>matcher le plus possible<\/strong>. La saison est longue. J\u2019aurai les opportunit\u00e9s.\u00a0\u00bb<\/p>\n<p>                                                                                <strong>\u00ab\u00a0J\u2019aimerais bien amener ce qui me repr\u00e9sente\u00a0\u00bb<\/strong><\/p>\n<p class=\"fs-5 \">\u00c0 lui de les saisir. Et de faire valoir les <strong>atouts<\/strong> qui l\u2019avaient, \u00e0 plusieurs reprises, fait performer avec l\u2019<strong>UBB<\/strong>. <strong>Folie, vitesse, envie de jouer\u2026<\/strong> C\u2019est ce qui revient souvent lorsqu\u2019on \u00e9voque le style de ce joueur biberonn\u00e9 \u00e0 l\u2019<strong>Aviron bayonnais<\/strong>, aujourd\u2019hui de retour <strong>\u00ab\u00a0\u00e0 100 %\u00a0\u00bb<\/strong> physiquement.<\/p>\n<p class=\"fs-5 \">\u00ab\u00a0C\u2019est vrai qu\u2019on a des profils un peu diff\u00e9rents avec <strong>Paolo (Garbisi)<\/strong>. J\u2019aimerais bien amener <strong>ce qui me repr\u00e9sente<\/strong> et ce que j\u2019aime faire sur le terrain. Mais il ne faut pas non plus tomber dans quelque chose de trop foufou et que \u00e7a devienne n\u2019importe quoi. [&#8230;] Avec <strong>Pierre (Mignoni)<\/strong>, on \u00e9change beaucoup \u00e0 ce sujet. Lui aime ce c\u00f4t\u00e9 <strong>folie<\/strong>, mais en gardant la <strong>ma\u00eetrise<\/strong> qui est importante \u00e0 mon poste aujourd\u2019hui. Je dois amener de la <strong>s\u00e9r\u00e9nit\u00e9 \u00e0 l\u2019\u00e9quipe tout en restant moi-m\u00eame<\/strong>. \u00a0\u00bb<\/p>\n<p class=\"fs-5 \">Avec tout de m\u00eame la <strong>pression de se retrouver seul ma\u00eetre \u00e0 bord<\/strong> pour conduire la ligne de trois-quarts toulonnaise\u00a0? \u00ab\u00a0J\u2019y suis pr\u00e9par\u00e9, donc je le prends surtout comme une chance. \u00a0\u00bb Et sans aucun doute comme <strong>une ouverture pour la suite de sa saison<\/strong>.<\/p>\n","protected":false},"excerpt":{"rendered":"S\u2019int\u00e9grer dans un nouveau collectif n\u2019est jamais chose facile lorsqu\u2019on est ouvreur. Ce poste, si particulier, si expos\u00e9,&hellip;\n","protected":false},"author":2,"featured_media":499595,"comment_status":"","ping_status":"","sticky":false,"template":"","format":"standard","meta":{"footnotes":""},"categories":[1416],"tags":[1011,27,3461,479,1468,60],"class_list":{"0":"post-499594","1":"post","2":"type-post","3":"status-publish","4":"format-standard","5":"has-post-thumbnail","7":"category-rugby","8":"tag-fr","9":"tag-france","10":"tag-rct","11":"tag-rugby","12":"tag-rugby-football","13":"tag-sports"},"share_on_mastodon":{"url":"https:\/\/pubeurope.com\/@fr\/115462339270479750","error":""},"_links":{"self":[{"href":"https:\/\/www.europesays.com\/fr\/wp-json\/wp\/v2\/posts\/499594","targetHints":{"allow":["GET"]}}],"collection":[{"href":"https:\/\/www.europesays.com\/fr\/wp-json\/wp\/v2\/posts"}],"about":[{"href":"https:\/\/www.europesays.com\/fr\/wp-json\/wp\/v2\/types\/post"}],"author":[{"embeddable":true,"href":"https:\/\/www.europesays.com\/fr\/wp-json\/wp\/v2\/users\/2"}],"replies":[{"embeddable":true,"href":"https:\/\/www.europesays.com\/fr\/wp-json\/wp\/v2\/comments?post=499594"}],"version-history":[{"count":0,"href":"https:\/\/www.europesays.com\/fr\/wp-json\/wp\/v2\/posts\/499594\/revisions"}],"wp:featuredmedia":[{"embeddable":true,"href":"https:\/\/www.europesays.com\/fr\/wp-json\/wp\/v2\/media\/499595"}],"wp:attachment":[{"href":"https:\/\/www.europesays.com\/fr\/wp-json\/wp\/v2\/media?parent=499594"}],"wp:term":[{"taxonomy":"category","embeddable":true,"href":"https:\/\/www.europesays.com\/fr\/wp-json\/wp\/v2\/categories?post=499594"},{"taxonomy":"post_tag","embeddable":true,"href":"https:\/\/www.europesays.com\/fr\/wp-json\/wp\/v2\/tags?post=499594"}],"curies":[{"name":"wp","href":"https:\/\/api.w.org\/{rel}","templated":true}]}}