{"id":499598,"date":"2025-10-30T09:14:11","date_gmt":"2025-10-30T09:14:11","guid":{"rendered":"https:\/\/www.europesays.com\/fr\/499598\/"},"modified":"2025-10-30T09:14:11","modified_gmt":"2025-10-30T09:14:11","slug":"encore-deux-arrivees-au-team-cote-de-granit-rose-actualite","status":"publish","type":"post","link":"https:\/\/www.europesays.com\/fr\/499598\/","title":{"rendered":"Encore deux arriv\u00e9es au Team C\u00f4te de Granit Rose &#8211; Actualit\u00e9"},"content":{"rendered":"<p style=\"text-align: justify;\">Le Team C\u00f4te de Granit Rose annonce l&rsquo;arriv\u00e9e de deux nouveaux coureurs pour 2026. Axel Rom\u00e9 (Dinan Sport Cycling) et Quentin Plusquellec (Team Adris-La Cr\u00eape de Broc\u00e9liande-BLC) rejoignent le club de N3.<\/p>\n<p>Quentin Plusquellec, 22 ans, compte 7 Top 5 en 2025. M\u00e9daill\u00e9 de bronze au Championnat de Bretagne, il a termin\u00e9 2e du Grand Prix des Filets Bleus \u00e0 Concarneau et de la manche de Saint-Jacques en Guiclan de la Ronde Finist\u00e9rienne, 3e de Plaintel-Plaintel et du Grand Prix de Saint-Philibert \u00e0 Tr\u00e9gunc et 5e de l&rsquo;\u00e9tape de Kernou\u00ebs de la Ronde Finist\u00e9rienne et du Grand Prix du Launay.<\/p>\n<p>Axel Rom\u00e9 -notre photo-, 24 ans, a termin\u00e9 cette saison 9e du Grand Prix de la Pentec\u00f4te \u00e0 Moncontour, 10e du Tour du Pays de Lesneven ou encore 15e du Circuit des Remparts \u00e0 Saint-L\u00f4.<\/p>\n<p>Suivez toutes les mutations de l&rsquo;hiver <a href=\"https:\/\/www.directvelo.com\/mutations\/2026\" target=\"_blank\" rel=\"noopener\"><strong>en cliquant ici<\/strong><\/a>.\u00a0<\/p>\n","protected":false},"excerpt":{"rendered":"Le Team C\u00f4te de Granit Rose annonce l&rsquo;arriv\u00e9e de deux nouveaux coureurs pour 2026. Axel Rom\u00e9 (Dinan Sport&hellip;\n","protected":false},"author":2,"featured_media":499599,"comment_status":"","ping_status":"","sticky":false,"template":"","format":"standard","meta":{"footnotes":""},"categories":[1411],"tags":[834,828,836,829,837,827,83,826,824,823,1154,207,814,817,815,816,822,821,832,211,839,1011,27,820,818,819,835,831,830,833,838,60,212,208,825],"class_list":{"0":"post-499598","1":"post","2":"type-post","3":"status-publish","4":"format-standard","5":"has-post-thumbnail","7":"category-cyclisme","8":"tag-attaque","9":"tag-belgique","10":"tag-braquet","11":"tag-bretagne","12":"tag-chute","13":"tag-competition","14":"tag-coupe-de-france","15":"tag-coureur","16":"tag-course-cyclisme","17":"tag-course-cycliste","18":"tag-cycling","19":"tag-cyclisme","20":"tag-direct","21":"tag-direct-velo","22":"tag-directvelo","23":"tag-directvelo-com","24":"tag-epreuve","25":"tag-epreuve-cycliste","26":"tag-federation-francaise-de-cyclisme","27":"tag-ffc","28":"tag-flandres","29":"tag-fr","30":"tag-france","31":"tag-live","32":"tag-live-course","33":"tag-live-epreuve","34":"tag-peloton","35":"tag-radio-peloton","36":"tag-radio-tour","37":"tag-ravitaillement","38":"tag-relance","39":"tag-sports","40":"tag-uci","41":"tag-velo","42":"tag-velos"},"share_on_mastodon":{"url":"https:\/\/pubeurope.com\/@fr\/115462357957301531","error":""},"_links":{"self":[{"href":"https:\/\/www.europesays.com\/fr\/wp-json\/wp\/v2\/posts\/499598","targetHints":{"allow":["GET"]}}],"collection":[{"href":"https:\/\/www.europesays.com\/fr\/wp-json\/wp\/v2\/posts"}],"about":[{"href":"https:\/\/www.europesays.com\/fr\/wp-json\/wp\/v2\/types\/post"}],"author":[{"embeddable":true,"href":"https:\/\/www.europesays.com\/fr\/wp-json\/wp\/v2\/users\/2"}],"replies":[{"embeddable":true,"href":"https:\/\/www.europesays.com\/fr\/wp-json\/wp\/v2\/comments?post=499598"}],"version-history":[{"count":0,"href":"https:\/\/www.europesays.com\/fr\/wp-json\/wp\/v2\/posts\/499598\/revisions"}],"wp:featuredmedia":[{"embeddable":true,"href":"https:\/\/www.europesays.com\/fr\/wp-json\/wp\/v2\/media\/499599"}],"wp:attachment":[{"href":"https:\/\/www.europesays.com\/fr\/wp-json\/wp\/v2\/media?parent=499598"}],"wp:term":[{"taxonomy":"category","embeddable":true,"href":"https:\/\/www.europesays.com\/fr\/wp-json\/wp\/v2\/categories?post=499598"},{"taxonomy":"post_tag","embeddable":true,"href":"https:\/\/www.europesays.com\/fr\/wp-json\/wp\/v2\/tags?post=499598"}],"curies":[{"name":"wp","href":"https:\/\/api.w.org\/{rel}","templated":true}]}}