{"id":499608,"date":"2025-10-30T09:20:12","date_gmt":"2025-10-30T09:20:12","guid":{"rendered":"https:\/\/www.europesays.com\/fr\/499608\/"},"modified":"2025-10-30T09:20:12","modified_gmt":"2025-10-30T09:20:12","slug":"un-tribunal-coreen-interdit-au-groupe-de-k-pop-newjeans-de-quitter-son-label","status":"publish","type":"post","link":"https:\/\/www.europesays.com\/fr\/499608\/","title":{"rendered":"Un tribunal cor\u00e9en interdit au groupe de K-pop NewJeans de quitter son label"},"content":{"rendered":"<p>\n    En guerre ouverte avec son agence depuis plus d\u2019un an, la populaire et lucrative formation de musiciennes a \u00e9t\u00e9 d\u00e9bout\u00e9e par la justice.<\/p>\n<p class=\"fig-paragraph\">Un tribunal sud-cor\u00e9en a redonn\u00e9 raison jeudi au label ADOR dans le litige qui l\u2019oppose au groupe f\u00e9minin de\u00a0<a href=\"http:\/\/www.lefigaro.fr\/cinema\/box-office-nord-americain-la-sensation-k-pop-demon-hunters-envoute-les-salles-20250825\" target=\"_blank\" data-fig-type=\"NewsFlash\" rel=\"noopener nofollow\" data-gtm-custom-categorie=\"navigation\" data-gtm-custom-action=\"crossclick\" data-gtm-custom-label=\"Contextuel\" data-gtm-event=\"customEventSPE\" data-fig-domain=\"LEFIGARO\">K-pop<\/a>\u00a0NewJeans, dont les cinq membres avaient cherch\u00e9 \u00e0 le quitter en d\u00e9non\u00e7ant des \u00ab\u00a0mauvais traitements\u00a0\u00bb. NewJeans fait partie, avec\u00a0<a href=\"http:\/\/www.lefigaro.fr\/musique\/soupconnee-de-fraude-l-agence-du-groupe-de-k-pop-bts-perquisitionnee-20250724\" target=\"_blank\" data-fig-type=\"NewsFlash\" rel=\"noopener nofollow\" data-gtm-custom-categorie=\"navigation\" data-gtm-custom-action=\"crossclick\" data-gtm-custom-label=\"Contextuel\" data-gtm-event=\"customEventSPE\" data-fig-domain=\"LEFIGARO\">BTS<\/a>, des groupes \u00e0 succ\u00e8s de l\u2019agence HYBE, soci\u00e9t\u00e9-m\u00e8re d\u2019ADOR.<\/p>\n<p class=\"fig-paragraph\">\u00ab\u00a0Il est difficile de conclure que la confiance mutuelle entre les parties contractantes a \u00e9t\u00e9 rompue\u00a0\u00bb, a d\u00e9clar\u00e9 le tribunal dans son jugement, rapport\u00e9 par l&rsquo;agence de presse Yonhap. \u00ab\u00a0Le niveau de confiance entre ADOR et NewJeans ne peut \u00eatre consid\u00e9r\u00e9 comme suffisamment compromis pour justifier la r\u00e9siliation du contrat d&rsquo;exclusivit\u00e9\u00a0\u00bb, a-t-il ajout\u00e9.<\/p>\n<p>                                    <a class=\"fig-a11y-skip a11y-hidden\" href=\"#fig-a11y-skip-main-inarticle\"><br \/>\n        Passer la publicit\u00e9<br \/>\n    <\/a><\/p>\n<p class=\"fig-paragraph\">Le label a salu\u00e9 la d\u00e9cision et a exhort\u00e9 les membres du groupe \u00e0 reprendre le travail avec lui. \u00ab\u00a0Nous esp\u00e9rons sinc\u00e8rement que le jugement rendu aujourd&rsquo;hui (&#8230;) sera l&rsquo;occasion pour les artistes de r\u00e9fl\u00e9chir sereinement \u00e0 cette question\u00a0\u00bb, a-t-il d\u00e9clar\u00e9.<\/p>\n<p>\u00abMalentendus\u00bb et \u00abmanipulations\u00bb<\/p>\n<p class=\"fig-paragraph\">En mars, la justice avait d\u00e9j\u00e0 donn\u00e9 raison \u00e0 ADOR, en d\u00e9cidant que le groupe, qui se pr\u00e9sente d\u00e9sormais sous le nom de NJZ, ne devait pas poursuivre d&rsquo;activit\u00e9s ind\u00e9pendantes.<\/p>\n<p class=\"fig-paragraph\">Leur conflit remonte \u00e0 avril 2024, lorsque HYBE a tent\u00e9 de pousser sa PDG et productrice Min Hee-jin vers la sortie. Par solidarit\u00e9, le groupe a adress\u00e9 un ultimatum \u00e0\u00a0<a href=\"http:\/\/www.lefigaro.fr\/flash-eco\/hybe-label-de-bts-devient-le-premier-actionnaire-de-sm-son-rival-dans-la-k-pop-20230222\" target=\"_blank\" data-fig-type=\"NewsFlash\" rel=\"noopener nofollow\" data-gtm-custom-categorie=\"navigation\" data-gtm-custom-action=\"crossclick\" data-gtm-custom-label=\"Contextuel\" data-gtm-event=\"customEventSPE\" data-fig-domain=\"LEFIGARO\">HYBE<\/a>, lui demandant entre autres de r\u00e9int\u00e9grer Mme Min, ce que la soci\u00e9t\u00e9 a refus\u00e9.<\/p>\n<p class=\"fig-body-link\">\n            \u00c0 lire aussi<br \/>\n        <a class=\"fig-body-link__link\" href=\"http:\/\/www.lefigaro.fr\/musique\/un-groupe-de-k-pop-accueille-parmi-ses-membres-deux-refugies-nord-coreens-20250804\" target=\"_blank\" data-fig-type=\"Article\" rel=\"noopener nofollow\" data-gtm-custom-categorie=\"navigation\" data-gtm-custom-action=\"crossclick\" data-gtm-custom-label=\"Contextuel\" data-gtm-event=\"customEventSPE\" data-fig-domain=\"LEFIGARO\"><\/p>\n<p>        Un groupe de K-Pop accueille parmi ses membres deux r\u00e9fugi\u00e9s nord-cor\u00e9ens<br \/>\n    <\/a>\n<\/p>\n<p class=\"fig-paragraph\">En r\u00e9ponse, les musiciennes ont rendu publique leur querelle, accusant le label d&rsquo;avoir intentionnellement sabot\u00e9 leur carri\u00e8re. La chanteuse Hanni, l\u2019une des membres de la formation, a soutenu que le groupe avait \u00e9t\u00e9 victime de harc\u00e8lement au travail, par des \u00ab\u00a0malentendus d\u00e9lib\u00e9r\u00e9s et des manipulations\u00a0\u00bb.<\/p>\n","protected":false},"excerpt":{"rendered":"En guerre ouverte avec son agence depuis plus d\u2019un an, la populaire et lucrative formation de musiciennes a&hellip;\n","protected":false},"author":2,"featured_media":499609,"comment_status":"","ping_status":"","sticky":false,"template":"","format":"standard","meta":{"footnotes":""},"categories":[1355],"tags":[58,59,1011,27,303,7594,1361,873],"class_list":{"0":"post-499608","1":"post","2":"type-post","3":"status-publish","4":"format-standard","5":"has-post-thumbnail","7":"category-musique","8":"tag-divertissement","9":"tag-entertainment","10":"tag-fr","11":"tag-france","12":"tag-justice","13":"tag-k-pop","14":"tag-music","15":"tag-musique"},"share_on_mastodon":{"url":"https:\/\/pubeurope.com\/@fr\/115462381561807156","error":""},"_links":{"self":[{"href":"https:\/\/www.europesays.com\/fr\/wp-json\/wp\/v2\/posts\/499608","targetHints":{"allow":["GET"]}}],"collection":[{"href":"https:\/\/www.europesays.com\/fr\/wp-json\/wp\/v2\/posts"}],"about":[{"href":"https:\/\/www.europesays.com\/fr\/wp-json\/wp\/v2\/types\/post"}],"author":[{"embeddable":true,"href":"https:\/\/www.europesays.com\/fr\/wp-json\/wp\/v2\/users\/2"}],"replies":[{"embeddable":true,"href":"https:\/\/www.europesays.com\/fr\/wp-json\/wp\/v2\/comments?post=499608"}],"version-history":[{"count":0,"href":"https:\/\/www.europesays.com\/fr\/wp-json\/wp\/v2\/posts\/499608\/revisions"}],"wp:featuredmedia":[{"embeddable":true,"href":"https:\/\/www.europesays.com\/fr\/wp-json\/wp\/v2\/media\/499609"}],"wp:attachment":[{"href":"https:\/\/www.europesays.com\/fr\/wp-json\/wp\/v2\/media?parent=499608"}],"wp:term":[{"taxonomy":"category","embeddable":true,"href":"https:\/\/www.europesays.com\/fr\/wp-json\/wp\/v2\/categories?post=499608"},{"taxonomy":"post_tag","embeddable":true,"href":"https:\/\/www.europesays.com\/fr\/wp-json\/wp\/v2\/tags?post=499608"}],"curies":[{"name":"wp","href":"https:\/\/api.w.org\/{rel}","templated":true}]}}