{"id":499612,"date":"2025-10-30T09:22:14","date_gmt":"2025-10-30T09:22:14","guid":{"rendered":"https:\/\/www.europesays.com\/fr\/499612\/"},"modified":"2025-10-30T09:22:14","modified_gmt":"2025-10-30T09:22:14","slug":"sante-existe-t-il-un-surrisque-davc-apres-un-shampooing-chez-le-coiffeur","status":"publish","type":"post","link":"https:\/\/www.europesays.com\/fr\/499612\/","title":{"rendered":"Sant\u00e9. Existe-t-il un surrisque d&rsquo;AVC apr\u00e8s un shampooing chez le coiffeur ?"},"content":{"rendered":"<p>Qui aurait imagin\u00e9 qu\u2019un simple shampooing chez le coiffeur puisse, dans de rares cas, \u00eatre \u00e0 l\u2019origine d\u2019un accident vasculaire c\u00e9r\u00e9bral (AVC) ? Ce syndrome, identifi\u00e9 pour la premi\u00e8re fois en 1992 par le neurologue am\u00e9ricain Michael Weintraub, survient lorsque la t\u00eate est trop bascul\u00e9e en arri\u00e8re pendant le lavage des cheveux.<\/p>\n<p>\u00ab\u00a0Cette position peut \u00e9tirer ou comprimer les art\u00e8res du cou, et dans de rares cas, provoquer une dissection art\u00e9rielle, \u00e0 l\u2019origine d\u2019un AVC \u00bb, explique Julien, 39 ans qui a partag\u00e9 son exp\u00e9rience sur Instagram (julien.avc).<\/p>\n<p>  Une pression sur la nuque<\/p>\n<p>Rappelons qu\u2019un accident vasculaire c\u00e9r\u00e9bral est une attaque caus\u00e9e par une r\u00e9duction soudaine du flux sanguin vers le cerveau. Il r\u00e9sulte g\u00e9n\u00e9ralement d\u2019un blocage par un caillot ou de la d\u00e9chirure d\u2019un vaisseau sanguin majeur dans le cerveau, ce qui r\u00e9duit l\u2019apport en oxyg\u00e8ne, endommageant ainsi les cellules c\u00e9r\u00e9brales.<\/p>\n<p>Comme l\u2019explique le Dr Arun L Naik, neurochirurgien en Inde,\u00a0\u00ab\u00a0le syndrome du coiffeur peut survenir lorsque le cou est en hyperextension ou en position inconfortable (comme c\u2019est le cas au moment du shampooing, ndlr), ce qui comprime ou endommage les art\u00e8res cervicales qui traversent le cou et irriguent le cerveau. Cette perturbation du flux sanguin peut entra\u00eener des sympt\u00f4mes tels que des \u00e9tourdissements, une vision floue, des engourdissements, des troubles de l\u2019\u00e9locution, voire un AVC complet \u00bb.<\/p>\n<p>Bien entendu, et heureusement, la grande majorit\u00e9 des shampooings se d\u00e9roulent sans incident. Cependant, la connaissance de ce syndrome permet d\u2019adopter des pr\u00e9cautions simples qui peuvent \u00e9viter des complications rares mais potentiellement graves.<\/p>\n<p>De quelles pr\u00e9cautions parle-t-on\u00a0?<\/p>\n<ul>\n<li>demandez au coiffeur ou \u00e0 la coiffeuse d\u2019ajuster le fauteuil afin que votre nuque ne soit pas trop \u00e9tir\u00e9e vers l\u2019arri\u00e8re\u00a0;<\/li>\n<li>si vous restez assis(e) longtemps dans une position inconfortable, faites des pauses ou changez de position pour soulager les tensions dans votre nuque\u00a0;<\/li>\n<li>si vous commencez \u00e0 ressentir des \u00e9tourdissements, des vertiges ou des sympt\u00f4mes inhabituels pendant ou apr\u00e8s votre lavage de cheveux, pr\u00e9venez le coiffeur et consultez imm\u00e9diatement un m\u00e9decin.<\/li>\n<\/ul>\n<p>\u00a0<\/p>\n<p>Cette vigilance s\u2019applique particuli\u00e8rement aux personnes \u00e2g\u00e9es, aux personnes souffrant d\u2019arthrose cervicale ou ayant des ant\u00e9c\u00e9dents de probl\u00e8mes vasculaires, qui pr\u00e9sentent un risque l\u00e9g\u00e8rement plus \u00e9lev\u00e9.<\/p>\n","protected":false},"excerpt":{"rendered":"Qui aurait imagin\u00e9 qu\u2019un simple shampooing chez le coiffeur puisse, dans de rares cas, \u00eatre \u00e0 l\u2019origine d\u2019un&hellip;\n","protected":false},"author":2,"featured_media":499613,"comment_status":"","ping_status":"","sticky":false,"template":"","format":"standard","meta":{"footnotes":""},"categories":[10],"tags":[107,1011,27,72,1031,5362,71],"class_list":{"0":"post-499612","1":"post","2":"type-post","3":"status-publish","4":"format-standard","5":"has-post-thumbnail","7":"category-sante","8":"tag-fil-info","9":"tag-fr","10":"tag-france","11":"tag-health","12":"tag-magazine","13":"tag-magazine-sante","14":"tag-sante"},"share_on_mastodon":{"url":"https:\/\/pubeurope.com\/@fr\/115462389427761513","error":""},"_links":{"self":[{"href":"https:\/\/www.europesays.com\/fr\/wp-json\/wp\/v2\/posts\/499612","targetHints":{"allow":["GET"]}}],"collection":[{"href":"https:\/\/www.europesays.com\/fr\/wp-json\/wp\/v2\/posts"}],"about":[{"href":"https:\/\/www.europesays.com\/fr\/wp-json\/wp\/v2\/types\/post"}],"author":[{"embeddable":true,"href":"https:\/\/www.europesays.com\/fr\/wp-json\/wp\/v2\/users\/2"}],"replies":[{"embeddable":true,"href":"https:\/\/www.europesays.com\/fr\/wp-json\/wp\/v2\/comments?post=499612"}],"version-history":[{"count":0,"href":"https:\/\/www.europesays.com\/fr\/wp-json\/wp\/v2\/posts\/499612\/revisions"}],"wp:featuredmedia":[{"embeddable":true,"href":"https:\/\/www.europesays.com\/fr\/wp-json\/wp\/v2\/media\/499613"}],"wp:attachment":[{"href":"https:\/\/www.europesays.com\/fr\/wp-json\/wp\/v2\/media?parent=499612"}],"wp:term":[{"taxonomy":"category","embeddable":true,"href":"https:\/\/www.europesays.com\/fr\/wp-json\/wp\/v2\/categories?post=499612"},{"taxonomy":"post_tag","embeddable":true,"href":"https:\/\/www.europesays.com\/fr\/wp-json\/wp\/v2\/tags?post=499612"}],"curies":[{"name":"wp","href":"https:\/\/api.w.org\/{rel}","templated":true}]}}