{"id":499624,"date":"2025-10-30T09:28:11","date_gmt":"2025-10-30T09:28:11","guid":{"rendered":"https:\/\/www.europesays.com\/fr\/499624\/"},"modified":"2025-10-30T09:28:11","modified_gmt":"2025-10-30T09:28:11","slug":"drome-un-homme-et-une-femme-portes-disparus-apres-la-montee-dune-riviere-a-nyons-le-dauphine-libere","status":"publish","type":"post","link":"https:\/\/www.europesays.com\/fr\/499624\/","title":{"rendered":"Dr\u00f4me. Un homme et une femme port\u00e9s disparus apr\u00e8s la mont\u00e9e d&#039;une rivi\u00e8re \u00e0 Nyons &#8211; Le Dauphin\u00e9 Lib\u00e9r\u00e9"},"content":{"rendered":"<ol>\n<li><a href=\"https:\/\/news.google.com\/rss\/articles\/CBMiyAFBVV95cUxOOTRlb1QxWHVwSmJuYVBobDY3SDFZeWZtTFIwZDBNb3kwZGlfYk5vUVNQSWQ1cEtkdFptLTNISzV6U0ZXRGJkWHZTTXFVcUFvMVJNcTVyWDdGVWZoWDlZSnBvUk5wQ0lSLUdLWkNaZm9WQUJKQlV1RGxfZ0hCdDBLaUxqRkFfMHl1cEczN1JRMzB0dXJ0UWFWLU0tN1p2aFUybHctRXBlYURHbVRBYUtMVVZkdGdtc04yOEdqSThLN0w4cHhoVjVNbQ?oc=5\" target=\"_blank\" rel=\"noopener\">Dr\u00f4me. Un homme et une femme port\u00e9s disparus apr\u00e8s la mont\u00e9e d&rsquo;une rivi\u00e8re \u00e0 Nyons<\/a>&nbsp;&nbsp;Le Dauphin\u00e9 Lib\u00e9r\u00e9<\/li>\n<li><a href=\"https:\/\/news.google.com\/rss\/articles\/CBMi7gFBVV95cUxNMHlqUEo2TUVMTG1iN05PN05jUUlrUVJVQ25NWXo3WlMyMG9KQWl3NTRCNG1fbUU5N01ZLTMwUHd4US1HOG0wcXhHVVJhTXFtVk1ET3hNdjl4Yk1WdFBSU2pYb2F2Qm1FZkhnYVF2WU45N2R6UU1BU0lkY0t5Sl9RcnRpNDNBVHpZUmFSeERzR1ozQ201Yk8xOG5xTXdkb0lwelZkOVFrbEFZeVlDd1kyUTBCT2tIbGlXS19oeWxoYlIxc3ZxaWE0akd0X1QyRUo3ek9nX1BlZnRjYXU1MC1WajhXUzVkcnpWaGxiU3pB?oc=5\" target=\"_blank\" rel=\"noopener\">Pluies en Ard\u00e8che : les pompiers mobilis\u00e9s pour des automobilistes coinc\u00e9s sur des routes inond\u00e9es<\/a>&nbsp;&nbsp;francebleu.fr<\/li>\n<li><a href=\"https:\/\/news.google.com\/rss\/articles\/CBMiqwJBVV95cUxNbVk5NERDbGdkcUhzemxKTHU5VENYV3QwVTBFd2tEUEN4aWttdS1lZnQtWDIxaHRCT01KRWw3UU1sQmRnU1dLelVqaEhFblRyRmxQSnFSMFhOd3RqVHJYdktaUkhJc09iZUJrRTJtU0lCemlmWGZHQmFPTnQ4MHp2Qm0yU3NfOTJIVkJZWEdpQlBUV1FIUmhMdmZ1emZkQ0R5a0U1SG5MR1RnTGNPdmtHY2NRN0lFdno4empLbnk4ZXpYY1lxaUJBS1A4ZFFFdnpBQURkM2xGeVdEcmlGelVwQWFyRTJ1SG5vR2U4aG4xR290bE9LaEpvbWFpSllrTnVZNkxRWlpPWTZleU9tcFFYc1hiN0tPR3hsWVhFbFFJRTlXOGxpSkJSOWhVRQ?oc=5\" target=\"_blank\" rel=\"noopener\">Apr\u00e8s de fortes pluies dans le Sud-Est, deux personnes port\u00e9es disparues \u00e0 Nyons, dans la Dr\u00f4me<\/a>&nbsp;&nbsp;Franceinfo<\/li>\n<li><a href=\"https:\/\/news.google.com\/rss\/articles\/CBMirgFBVV95cUxOZUMtbmx1SW5kY08tYm9ZcXhJQnNwcFExMG10VzlZOEtuVU5SYUprMHZKTW1wVFNWU2wzZ0JFb1dJemNrZ1NyYW5UZlc0d3QzSml5YlBKQXVraUo5YVA4YjYxMVk3dWowdkZvc1AzRHFMQjVkR1M0bkY1OGJLTWp6ci1ldlRveGQ1Tk1UTHNGV3pNYkJDSEtjZjFuaGJfMHg4STV5SlgxSER3VGtYYnc?oc=5\" target=\"_blank\" rel=\"noopener\">Intemp\u00e9ries dans le Sud-Dr\u00f4me : deux automobilistes port\u00e9s disparus \u00e0 Nyons<\/a>&nbsp;&nbsp;francebleu.fr<\/li>\n<li><a href=\"https:\/\/news.google.com\/rss\/articles\/CBMi2wFBVV95cUxOcXZDaERJcFFzcGFXc3ZiMS1GOEY5M000V3d6aThIa2ozd2RBUkwzNHAwRm9xY1hMWjFUTnVvUUVjOElyR084S2l2MnVXMmNEZXNrb3ZuQkxCNkFOdXZSdVpqLXdBVUNDUTF1SmNCOC1zTTBha0VteFBfQThqa2Nyb3ppQzJvSlpoNGlCVnpIYlhSRTdPZnhjclNMU0dTRzZ3TllobkRmU09KRjU5TU5yRGNfTTJKY3hXcE5iM081VWpNZmlaSDViVUJnNjdyamlBUjJCZWVCVl9la1U?oc=5\" target=\"_blank\" rel=\"noopener\">Ard\u00e8che . Les sapeurs-pompiers \u00e9vacuent des personnes surprises par les eaux dans leur voiture<\/a>&nbsp;&nbsp;Le Dauphin\u00e9 Lib\u00e9r\u00e9<\/li>\n<\/ol>\n","protected":false},"excerpt":{"rendered":"Dr\u00f4me. Un homme et une femme port\u00e9s disparus apr\u00e8s la mont\u00e9e d&rsquo;une rivi\u00e8re \u00e0 Nyons&nbsp;&nbsp;Le Dauphin\u00e9 Lib\u00e9r\u00e9 Pluies&hellip;\n","protected":false},"author":2,"featured_media":499625,"comment_status":"","ping_status":"","sticky":false,"template":"","format":"standard","meta":{"footnotes":""},"categories":[4],"tags":[11,3676,2730,6436,274,107,1011,27,12,36309,36310,25],"class_list":{"0":"post-499624","1":"post","2":"type-post","3":"status-publish","4":"format-standard","5":"has-post-thumbnail","7":"category-france","8":"tag-actualites","9":"tag-disparition-inquietante","10":"tag-drome","11":"tag-edition-montelimar-drome-provencale","12":"tag-faits-divers-justice","13":"tag-fil-info","14":"tag-fr","15":"tag-france","16":"tag-news","17":"tag-nyons","18":"tag-nyons-bassin","19":"tag-republique-francaise"},"share_on_mastodon":{"url":"https:\/\/pubeurope.com\/@fr\/115462413001789353","error":""},"_links":{"self":[{"href":"https:\/\/www.europesays.com\/fr\/wp-json\/wp\/v2\/posts\/499624","targetHints":{"allow":["GET"]}}],"collection":[{"href":"https:\/\/www.europesays.com\/fr\/wp-json\/wp\/v2\/posts"}],"about":[{"href":"https:\/\/www.europesays.com\/fr\/wp-json\/wp\/v2\/types\/post"}],"author":[{"embeddable":true,"href":"https:\/\/www.europesays.com\/fr\/wp-json\/wp\/v2\/users\/2"}],"replies":[{"embeddable":true,"href":"https:\/\/www.europesays.com\/fr\/wp-json\/wp\/v2\/comments?post=499624"}],"version-history":[{"count":0,"href":"https:\/\/www.europesays.com\/fr\/wp-json\/wp\/v2\/posts\/499624\/revisions"}],"wp:featuredmedia":[{"embeddable":true,"href":"https:\/\/www.europesays.com\/fr\/wp-json\/wp\/v2\/media\/499625"}],"wp:attachment":[{"href":"https:\/\/www.europesays.com\/fr\/wp-json\/wp\/v2\/media?parent=499624"}],"wp:term":[{"taxonomy":"category","embeddable":true,"href":"https:\/\/www.europesays.com\/fr\/wp-json\/wp\/v2\/categories?post=499624"},{"taxonomy":"post_tag","embeddable":true,"href":"https:\/\/www.europesays.com\/fr\/wp-json\/wp\/v2\/tags?post=499624"}],"curies":[{"name":"wp","href":"https:\/\/api.w.org\/{rel}","templated":true}]}}