{"id":499638,"date":"2025-10-30T09:35:18","date_gmt":"2025-10-30T09:35:18","guid":{"rendered":"https:\/\/www.europesays.com\/fr\/499638\/"},"modified":"2025-10-30T09:35:18","modified_gmt":"2025-10-30T09:35:18","slug":"lbe-un-nouvel-investisseur-serait-pret-a-aider-le-toulon-var-handball","status":"publish","type":"post","link":"https:\/\/www.europesays.com\/fr\/499638\/","title":{"rendered":"LBE | Un nouvel investisseur serait pr\u00eat \u00e0 aider le Toulon Var Handball"},"content":{"rendered":"<p>                <img loading=\"lazy\" decoding=\"async\" class=\"size-large wp-image-328670\" src=\"https:\/\/www.europesays.com\/fr\/wp-content\/uploads\/2025\/10\/72A5963-1024x683.jpg\" alt=\"\" width=\"1024\" height=\"683\"\/>Jessy KRAMER &#8211; Toulon M\u00e9tropole Var Handball &#8211; Cr\u00e9dit : Aur\u00e9lien SCHELLHAAS<\/p>\n<p style=\"text-align: justify;\"><strong>Le club toulonnais pourrait bient\u00f4t respirer. Selon BFM Toulon Var, un nouvel actionnaire serait pr\u00eat \u00e0 injecter jusqu\u2019\u00e0 110 000 euros dans les prochaines semaines pour stabiliser la situation financi\u00e8re du Toulon Var Handball. Mais malgr\u00e9 cette bouff\u00e9e d\u2019air, il manque encore 250\u00a0000 euros pour \u00e9viter la faillite.<\/strong><\/p>\n<p style=\"text-align: justify;\" data-start=\"140\" data-end=\"709\">Selon les informations de nos confr\u00e8res de BFM Toulon Var, un nouvel actionnaire serait pr\u00eat \u00e0 investir \u00e0 court et moyen terme dans le club de Toulon, afin de lui permettre de <a href=\"https:\/\/handnews.fr\/2025\/lbe-toulon-dans-la-tourmente-nouveau-coup-de-froid-pour-le-handball-feminin-francais\/\" target=\"_blank\" rel=\"noopener\">terminer l\u2019ann\u00e9e sportive sereinement<\/a>. Cet actionnaire, encore anonyme, serait d\u00e9j\u00e0 impliqu\u00e9 dans le sport f\u00e9minin dans la r\u00e9gion.<br data-start=\"450\" data-end=\"453\"\/>L\u2019apport se ferait en deux temps : un premier versement imm\u00e9diat de <strong data-start=\"521\" data-end=\"537\">60 000 euros<\/strong>, avant de porter cette somme \u00e0 <strong data-start=\"569\" data-end=\"586\">110 000 euros<\/strong> le mois prochain. Ce nouvel investisseur serait \u00e9galement pr\u00eat \u00e0 reprendre les r\u00eanes du club d\u00e8s le mois de janvier.<\/p>\n<p style=\"text-align: justify;\" data-start=\"711\" data-end=\"1011\">Cependant, m\u00eame avec cet apport, les co\u00e9quipi\u00e8res de <strong data-start=\"764\" data-end=\"784\">Kristy Zimmerman<\/strong>, <strong data-start=\"786\" data-end=\"809\">Mari Finstad Bergum<\/strong> ou encore <strong data-start=\"820\" data-end=\"834\">Sofia Deen<\/strong> ne peuvent pas encore jouer sereinement. D\u2019ici le 15 novembre, le club doit trouver non pas 110 000, mais <strong data-start=\"945\" data-end=\"962\">400 000 euros<\/strong>, afin d\u2019\u00e9viter de mettre la cl\u00e9 sous la porte.<\/p>\n<p><strong>Les collectivit\u00e9s locales sous pression pour combler la dette<\/strong><\/p>\n<p style=\"text-align: justify;\" data-start=\"1013\" data-end=\"1776\">Dans son <a href=\"https:\/\/tmvhandball.fr\/communique-officiel-toulon-metropole-var-handball\/\" target=\"_blank\" rel=\"noopener\">communiqu\u00e9 du 20 octobre<\/a>, la pr\u00e9sidente par int\u00e9rim <strong data-start=\"1078\" data-end=\"1094\">Perrine Paul<\/strong> assurait que \u00ab nos partenaires publics et priv\u00e9s nous ont imm\u00e9diatement assur\u00e9 \u00eatre \u00e0 nos c\u00f4t\u00e9s \u00bb. Mais c\u2019est du c\u00f4t\u00e9 des financements publics que la situation se compliquerait. Toujours selon BFM Toulon Var, trois des quatre collectivit\u00e9s (la R\u00e9gion Sud, le D\u00e9partement du Var et la Ville de Toulon) seraient pr\u00eates \u00e0 combler la dette, estim\u00e9e \u00e0 <strong data-start=\"1450\" data-end=\"1467\">250 000 euros<\/strong>.<\/p>\n<p style=\"text-align: justify;\" data-start=\"1013\" data-end=\"1776\">C\u2019est du c\u00f4t\u00e9 de la <strong data-start=\"1491\" data-end=\"1533\">M\u00e9tropole Toulon<\/strong>\u00a0que le dossier bloquerait encore. Les autres financeurs publics attendent son feu vert pour verser leur part et combler le reste de la dette, ce qui permettrait enfin \u00e0 l\u2019\u00e9quipe de <strong data-start=\"1715\" data-end=\"1732\">R\u00e9mi Faug\u00e8res<\/strong> de se concentrer uniquement sur le sportif\u2026<\/p>\n<p style=\"text-align: justify;\" data-start=\"1013\" data-end=\"1776\">\u00a0 \u00a0 \u00a0 \u00a0 \u00a0 \u00a0 \u00a0 \u00a0 \u00a0 \u00a0 \u00a0 \u00a0 \u00a0 \u00a0 \u00a0 \u00a0 \u00a0 \u00a0 \u00a0 \u00a0 \u00a0 \u00a0 \u00a0 \u00a0 \u00a0 \u00a0 \u00a0 \u00a0 \u00a0 \u00a0 \u00a0 \u00a0 \u00a0 \u00a0 \u00a0 \u00a0 \u00a0 \u00a0 \u00a0 \u00a0 \u00a0 \u00a0 \u00a0 \u00a0 \u00a0 \u00a0 \u00a0 \u00a0 \u00a0 \u00a0 \u00a0 \u00a0 \u00a0 \u00a0 \u00a0 \u00a0 \u00a0 \u00a0 \u00a0 \u00a0 \u00a0 \u00a0 Ilann Thuel<\/p>\n","protected":false},"excerpt":{"rendered":"Jessy KRAMER &#8211; Toulon M\u00e9tropole Var Handball &#8211; Cr\u00e9dit : Aur\u00e9lien SCHELLHAAS Le club toulonnais pourrait bient\u00f4t respirer.&hellip;\n","protected":false},"author":2,"featured_media":499639,"comment_status":"","ping_status":"","sticky":false,"template":"","format":"standard","meta":{"footnotes":""},"categories":[9619],"tags":[1111,11,1777,674,1011,27,62207,12895,62208,12,62209,882,62210,25,62211,2310,60067],"class_list":{"0":"post-499638","1":"post","2":"type-post","3":"status-publish","4":"format-standard","5":"has-post-thumbnail","7":"category-toulon","8":"tag-actu","9":"tag-actualites","10":"tag-eu","11":"tag-europe","12":"tag-fr","13":"tag-france","14":"tag-kristy-zimmerman","15":"tag-ligue-butagaz-energie","16":"tag-mari-finstad-bergum","17":"tag-news","18":"tag-perrine-paul","19":"tag-provence-alpes-cote-dazur","20":"tag-remi-faugeres","21":"tag-republique-francaise","22":"tag-sofia-deen","23":"tag-toulon","24":"tag-toulon-metropole-var-handball"},"share_on_mastodon":{"url":"https:\/\/pubeurope.com\/@fr\/115462441136491255","error":""},"_links":{"self":[{"href":"https:\/\/www.europesays.com\/fr\/wp-json\/wp\/v2\/posts\/499638","targetHints":{"allow":["GET"]}}],"collection":[{"href":"https:\/\/www.europesays.com\/fr\/wp-json\/wp\/v2\/posts"}],"about":[{"href":"https:\/\/www.europesays.com\/fr\/wp-json\/wp\/v2\/types\/post"}],"author":[{"embeddable":true,"href":"https:\/\/www.europesays.com\/fr\/wp-json\/wp\/v2\/users\/2"}],"replies":[{"embeddable":true,"href":"https:\/\/www.europesays.com\/fr\/wp-json\/wp\/v2\/comments?post=499638"}],"version-history":[{"count":0,"href":"https:\/\/www.europesays.com\/fr\/wp-json\/wp\/v2\/posts\/499638\/revisions"}],"wp:featuredmedia":[{"embeddable":true,"href":"https:\/\/www.europesays.com\/fr\/wp-json\/wp\/v2\/media\/499639"}],"wp:attachment":[{"href":"https:\/\/www.europesays.com\/fr\/wp-json\/wp\/v2\/media?parent=499638"}],"wp:term":[{"taxonomy":"category","embeddable":true,"href":"https:\/\/www.europesays.com\/fr\/wp-json\/wp\/v2\/categories?post=499638"},{"taxonomy":"post_tag","embeddable":true,"href":"https:\/\/www.europesays.com\/fr\/wp-json\/wp\/v2\/tags?post=499638"}],"curies":[{"name":"wp","href":"https:\/\/api.w.org\/{rel}","templated":true}]}}