{"id":499644,"date":"2025-10-30T09:38:16","date_gmt":"2025-10-30T09:38:16","guid":{"rendered":"https:\/\/www.europesays.com\/fr\/499644\/"},"modified":"2025-10-30T09:38:16","modified_gmt":"2025-10-30T09:38:16","slug":"hucency-une-nouvelle-identite-pour-une-ambition-europeenne","status":"publish","type":"post","link":"https:\/\/www.europesays.com\/fr\/499644\/","title":{"rendered":"Hucency : une nouvelle identit\u00e9 pour une ambition europ\u00e9enne"},"content":{"rendered":"<p>\n                    La soci\u00e9t\u00e9 normande Avant de Cliquer, sp\u00e9cialis\u00e9e dans la sensibilisation \u00e0 la cybers\u00e9curit\u00e9, change de nom et devient Hucency \u2013 pour HUman CENtered CYbersecurity. Un nouveau nom qui refl\u00e8te une ambition \u00e9largie : devenir un acteur europ\u00e9en de r\u00e9f\u00e9rence en cybers\u00e9curit\u00e9 centr\u00e9e sur l\u2019humain.                <\/p>\n<p>Fond\u00e9e en 2017 et aujourd\u2019hui install\u00e9e sur la commune de Saint-Martin-du-Vivier (76), aux portes de Rouen, l\u2019entreprise est sp\u00e9cialis\u00e9e dans la sensibilisation aux enjeux de la cybers\u00e9curit\u00e9, mais aussi dans la formation afin de mieux d\u00e9jouer les tentatives dont peuvent \u00eatre victimes les entreprises et les collectivit\u00e9s. \u00ab Dans les entit\u00e9s sensibilis\u00e9es, le risque de cyberattaque est divis\u00e9 par 10 \u00bb, explique Carl Hernandez, cofondateur de l\u2019entreprise.<\/p>\n<p>\u00ab Le mode d\u2019acquisition est universel, et le savoir-faire d\u2019Avant de Cliquer peut s\u2019exporter. Mais \u201cAvant de Cliquer\u201d, cela ne se traduit pas toujours tr\u00e8s bien ; il nous fallait donc une nouvelle identit\u00e9, plus universelle \u00bb, explique le responsable. C\u2019est ainsi que les valeurs de l\u2019entreprise, \u00e0 savoir l\u2019humain centr\u00e9 sur la cybers\u00e9curit\u00e9, sont devenues sa nouvelle identit\u00e9 : Hucency \u2013 pour HUman CENtered CYbersecurity\u2026<\/p>\n<p>Et si, \u00e0 ses d\u00e9buts, les actions de sensibilisation de l\u2019entreprise normande \u00e9taient majoritairement tourn\u00e9es vers les aspects du phishing, celle-ci a su d\u00e9velopper et \u00e9tendre son expertise \u00e0 tous les types d\u2019attaques ext\u00e9rieures dont les professionnels peuvent faire l\u2019objet : attaques combin\u00e9es, r\u00e9seaux sociaux \/ mail, SMS \/ courrier\u2026 ainsi que les bonnes pratiques internes n\u00e9cessaires \u00e0 l\u2019acquisition de ce que le fondateur de l\u2019entreprise appelle une bonne \u00ab hygi\u00e8ne de cybers\u00e9curit\u00e9 \u00bb.<\/p>\n<p>\u00ab Nous avons \u00e9galement int\u00e9gr\u00e9 \u00e0 nos modules tout ce qui a trait \u00e0 l\u2019exfiltration de donn\u00e9es et qui ne rel\u00e8ve pas n\u00e9cessairement d\u2019une attaque \u00e0 proprement parler, mais plut\u00f4t d\u2019une mauvaise utilisation des outils internes mis \u00e0 la disposition des collaborateurs. Pour ce faire, nous disposons d\u2019un RSSI virtuel (responsable de la s\u00e9curit\u00e9 des syst\u00e8mes d\u2019information) pour \u00e9duquer l\u2019utilisateur sur son propre poste de travail en l\u2019invitant \u00e0 corriger ses pratiques. \u00bb<\/p>\n<p>D\u00e9sormais implant\u00e9e \u00e0 Lille, Lisieux et Rouen, l\u2019entreprise compte une soixantaine de collaborateurs et ambitionne d\u2019atteindre la centaine pour accompagner son d\u00e9veloppement \u00e0 l\u2019international.<\/p>\n<p>Certifi\u00e9e <a href=\"http:\/\/Certification ISO 27001\" target=\"_blank\" rel=\"noopener nofollow\">ISO\/IEC 27001<\/a> et labellis\u00e9e <a href=\"http:\/\/Le Label France Cybersecurity - Accueil\" target=\"_blank\" rel=\"noopener nofollow\">France Cybersecurity 2025<\/a>, Hucency \u00ab poursuivra sa croissance via une solution qui demeurera souveraine \u00bb, revendique Carl Hernandez, dont les \u00e9quipes se sont \u00e9galement rapproch\u00e9es de la Team France Export afin d\u2019identifier les prochains salons internationaux les plus \u00e0 m\u00eame de servir les ambitions internationales de l\u2019entreprise.<\/p>\n","protected":false},"excerpt":{"rendered":"La soci\u00e9t\u00e9 normande Avant de Cliquer, sp\u00e9cialis\u00e9e dans la sensibilisation \u00e0 la cybers\u00e9curit\u00e9, change de nom et devient&hellip;\n","protected":false},"author":2,"featured_media":499645,"comment_status":"","ping_status":"","sticky":false,"template":"","format":"standard","meta":{"footnotes":""},"categories":[9587],"tags":[1111,11,62212,1075,1777,674,1011,27,62213,12,5161,25,9590],"class_list":{"0":"post-499644","1":"post","2":"type-post","3":"status-publish","4":"format-standard","5":"has-post-thumbnail","7":"category-rouen","8":"tag-actu","9":"tag-actualites","10":"tag-avant-de-cliquer","11":"tag-cybersecurite","12":"tag-eu","13":"tag-europe","14":"tag-fr","15":"tag-france","16":"tag-hucency","17":"tag-news","18":"tag-normandie","19":"tag-republique-francaise","20":"tag-rouen"},"share_on_mastodon":{"url":"https:\/\/pubeurope.com\/@fr\/115462452262232174","error":""},"_links":{"self":[{"href":"https:\/\/www.europesays.com\/fr\/wp-json\/wp\/v2\/posts\/499644","targetHints":{"allow":["GET"]}}],"collection":[{"href":"https:\/\/www.europesays.com\/fr\/wp-json\/wp\/v2\/posts"}],"about":[{"href":"https:\/\/www.europesays.com\/fr\/wp-json\/wp\/v2\/types\/post"}],"author":[{"embeddable":true,"href":"https:\/\/www.europesays.com\/fr\/wp-json\/wp\/v2\/users\/2"}],"replies":[{"embeddable":true,"href":"https:\/\/www.europesays.com\/fr\/wp-json\/wp\/v2\/comments?post=499644"}],"version-history":[{"count":0,"href":"https:\/\/www.europesays.com\/fr\/wp-json\/wp\/v2\/posts\/499644\/revisions"}],"wp:featuredmedia":[{"embeddable":true,"href":"https:\/\/www.europesays.com\/fr\/wp-json\/wp\/v2\/media\/499645"}],"wp:attachment":[{"href":"https:\/\/www.europesays.com\/fr\/wp-json\/wp\/v2\/media?parent=499644"}],"wp:term":[{"taxonomy":"category","embeddable":true,"href":"https:\/\/www.europesays.com\/fr\/wp-json\/wp\/v2\/categories?post=499644"},{"taxonomy":"post_tag","embeddable":true,"href":"https:\/\/www.europesays.com\/fr\/wp-json\/wp\/v2\/tags?post=499644"}],"curies":[{"name":"wp","href":"https:\/\/api.w.org\/{rel}","templated":true}]}}