{"id":499646,"date":"2025-10-30T09:39:11","date_gmt":"2025-10-30T09:39:11","guid":{"rendered":"https:\/\/www.europesays.com\/fr\/499646\/"},"modified":"2025-10-30T09:39:11","modified_gmt":"2025-10-30T09:39:11","slug":"lhormadi-anglet-a-la-relance-face-a-amiens","status":"publish","type":"post","link":"https:\/\/www.europesays.com\/fr\/499646\/","title":{"rendered":"l\u2019Hormadi Anglet \u00e0 la relance face \u00e0 Amiens"},"content":{"rendered":"<p>La claque re\u00e7ue \u00e0 Rouen (6-1) n&rsquo;a pas plong\u00e9 les Angloys dans la sinistrose mais a marqu\u00e9 un coup d\u2019arr\u00eat \u00e0 la belle dynamique des Basques, invaincus jusqu\u2019alors depuis quatre rencontres, toutes comp\u00e9titions confondues. \u00ab\u00a0C\u2019\u00e9tait difficile, souffle Fabien Kazarine, auteur du seul but angloy chez les Dragons. On savait que l\u00e0-bas, ce serait compliqu\u00e9. C\u2019est l\u2019une des meilleures \u00e9quipes de France.\u00a0\u00bb Apr\u00e8s quatre matchs en six jours, les joueurs de St\u00e9phane Barin ont subi les contrecoups des longs d\u00e9placements en bus \u00e0 Gap puis Rouen. \u00ab\u00a0On a un peu p\u00each\u00e9 physiquement, poursuit l\u2019attaquant. Et quand c\u2019est le cas \u00e0 Rouen, tu le payes cash.\u00a0\u00bb<\/p>\n<p>Malgr\u00e9 le score, le message du coach a \u00e9t\u00e9 clair. \u00ab\u00a0Il nous a dit de garder la t\u00eate haute, qu\u2019on avait un gros match qui nous attendait contre Amiens, poursuit Fabien Kazarine. On est sur une bonne dynamique. On venait de battre deux fois Gap. On ne va pas s\u2019enterrer parce qu\u2019on a pris une fois 6-1 \u00e0 Rouen.\u00a0\u00bb Le groupe s\u2019est vite tourn\u00e9 vers le prochain rendez-vous, Amiens, un concurrent direct au classement. Les Gothiques (6e, 19 pts), \u00e0 deux points de l\u2019Hormadi au classement (8e, 17 pts), s\u2019\u00e9taient impos\u00e9s 2 \u00e0 0 en Picardie mi-octobre. \u00ab\u00a0Amiens est une \u00e9quipe agressive, physique, bien en place tactiquement, d\u00e9taille l\u2019attaquant. Ils ont un powerplay dangereux. Si on veut faire un r\u00e9sultat, il faudra \u00eatre pr\u00eat physiquement.\u00a0\u00bb<\/p>\n<p>Course aux play-offs<\/p>\n<p>La cl\u00e9 r\u00e9sidera autant dans la discipline que dans la capacit\u00e9 \u00e0 r\u00e9pondre au d\u00e9fi physique. \u00ab\u00a0On est \u00e0 la maison, souligne Fabien Kazarine. Peu importe l\u2019adversaire, notre objectif, c\u2019est d\u2019encha\u00eener. D\u2019autant plus qu\u2019au classement, on est juste derri\u00e8re eux. C\u2019est l\u2019opportunit\u00e9 de recoller.\u00a0\u00bb Avant ce vendredi soir, Anglet pointe dans le top 8, synonyme de play-off, une position rare ces derni\u00e8res ann\u00e9es. \u00ab\u00a0Oui, \u00e7a fait plaisir, mais ce n\u2019est pas une fin en soi, conclut l\u2019attaquant. On est \u00e0 un quart de la saison. Ce qui comptera, c\u2019est la 44e journ\u00e9e. Mais cette ann\u00e9e, on est vraiment dans la course. Il ne faut surtout pas s\u2019enflammer, continuer de travailler et prendre le plus de points possible.\u00a0\u00bb<\/p>\n<p>    Anglet (8e\u00a0\/\u00a017 pts)<br \/>\nAmiens (6e\u00a0\/\u00a019 pts)<br \/>\n<strong>Lieu<\/strong> Anglet (La Barre) <strong>Horaire<\/strong> Ce vendredi \u00e0 20\u00a0h\u00a030<\/p>\n<p><strong>Anglet<\/strong> Le groupe\u00a0: Duerr, Faure (cap), Jevpalovs, Polodyan, Munoz, Esipov, Baron, Kazarine, Rousseau, Suire, Manciot, Fleuret, Khovanov, Sredl, Caron, Maso, Eyre, Quattrone, Polcs, Vasilyev<\/p>\n","protected":false},"excerpt":{"rendered":"La claque re\u00e7ue \u00e0 Rouen (6-1) n&rsquo;a pas plong\u00e9 les Angloys dans la sinistrose mais a marqu\u00e9 un&hellip;\n","protected":false},"author":2,"featured_media":499647,"comment_status":"","ping_status":"","sticky":false,"template":"","format":"standard","meta":{"footnotes":""},"categories":[9587],"tags":[1111,11,1777,674,1011,27,12,5161,25,9590],"class_list":{"0":"post-499646","1":"post","2":"type-post","3":"status-publish","4":"format-standard","5":"has-post-thumbnail","7":"category-rouen","8":"tag-actu","9":"tag-actualites","10":"tag-eu","11":"tag-europe","12":"tag-fr","13":"tag-france","14":"tag-news","15":"tag-normandie","16":"tag-republique-francaise","17":"tag-rouen"},"share_on_mastodon":{"url":"https:\/\/pubeurope.com\/@fr\/115462456299052006","error":""},"_links":{"self":[{"href":"https:\/\/www.europesays.com\/fr\/wp-json\/wp\/v2\/posts\/499646","targetHints":{"allow":["GET"]}}],"collection":[{"href":"https:\/\/www.europesays.com\/fr\/wp-json\/wp\/v2\/posts"}],"about":[{"href":"https:\/\/www.europesays.com\/fr\/wp-json\/wp\/v2\/types\/post"}],"author":[{"embeddable":true,"href":"https:\/\/www.europesays.com\/fr\/wp-json\/wp\/v2\/users\/2"}],"replies":[{"embeddable":true,"href":"https:\/\/www.europesays.com\/fr\/wp-json\/wp\/v2\/comments?post=499646"}],"version-history":[{"count":0,"href":"https:\/\/www.europesays.com\/fr\/wp-json\/wp\/v2\/posts\/499646\/revisions"}],"wp:featuredmedia":[{"embeddable":true,"href":"https:\/\/www.europesays.com\/fr\/wp-json\/wp\/v2\/media\/499647"}],"wp:attachment":[{"href":"https:\/\/www.europesays.com\/fr\/wp-json\/wp\/v2\/media?parent=499646"}],"wp:term":[{"taxonomy":"category","embeddable":true,"href":"https:\/\/www.europesays.com\/fr\/wp-json\/wp\/v2\/categories?post=499646"},{"taxonomy":"post_tag","embeddable":true,"href":"https:\/\/www.europesays.com\/fr\/wp-json\/wp\/v2\/tags?post=499646"}],"curies":[{"name":"wp","href":"https:\/\/api.w.org\/{rel}","templated":true}]}}