{"id":499648,"date":"2025-10-30T09:40:12","date_gmt":"2025-10-30T09:40:12","guid":{"rendered":"https:\/\/www.europesays.com\/fr\/499648\/"},"modified":"2025-10-30T09:40:12","modified_gmt":"2025-10-30T09:40:12","slug":"metropole-de-grenoble-une-balle-traverse-la-carrosserie-de-sa-voiture-alors-quelle-est-arretee-au-feu","status":"publish","type":"post","link":"https:\/\/www.europesays.com\/fr\/499648\/","title":{"rendered":"M\u00e9tropole de Grenoble. Une balle traverse la carrosserie de sa voiture alors qu\u2019elle est arr\u00eat\u00e9e au feu"},"content":{"rendered":"<p>Une automobiliste a eu tr\u00e8s peur, ce mardi 28\u00a0octobre. Vers 23\u00a0h\u00a030, alors qu\u2019elle \u00e9tait arr\u00eat\u00e9e \u00e0 un feu rouge dans le quartier des Iles de Mars au Pont-de-Claix, elle a entendu une d\u00e9tonation suivie d\u2019un bruit sec et m\u00e9tallique.<\/p>\n<p>Elle a red\u00e9marr\u00e9 et poursuivi sa route pour constater, en arrivant chez elle, la pr\u00e9sence d\u2019un trou dans sa carrosserie \u00e0 c\u00f4t\u00e9 du r\u00e9servoir.<\/p>\n<p>Alert\u00e9s, les gendarmes de la compagnie de Grenoble ont confirm\u00e9 qu\u2019il s\u2019agissait d\u2019un impact de balle et ont ouvert une enqu\u00eate.<\/p>\n<p>Ce contenu est bloqu\u00e9 car vous n&rsquo;avez pas accept\u00e9 les cookies et autres traceurs.<\/p>\n<p>En cliquant sur \u00ab J\u2019accepte \u00bb, les cookies et autres traceurs seront d\u00e9pos\u00e9s et vous pourrez visualiser les contenus  (<a href=\"\" class=\"consentModule_policy\" target=\"_blank\" title=\"Consulter la politique de protection des donn\u00e9es du fournisseur\">plus d&rsquo;informations<\/a>).<\/p>\n<p>En cliquant sur \u00ab J\u2019accepte tous les cookies \u00bb, vous autorisez des d\u00e9p\u00f4ts de cookies et autres traceurs pour le stockage de vos donn\u00e9es sur nos sites et applications \u00e0 des fins de personnalisation et de ciblage publicitaire.<\/p>\n<p class=\"consentModule_secondaryText\">Vous gardez la possibilit\u00e9 de retirer votre consentement \u00e0 tout moment en consultant notre <a href=\"https:\/\/www.ledauphine.com\/protection-des-donnees\" target=\"_blank\" title=\"Consulter notre politique de protection des donn\u00e9es\" rel=\"noopener\">politique de protection des donn\u00e9es<\/a>. <br \/>&#13;<br \/>\n            <a href=\"https:\/\/www.ledauphine.com\/faits-divers-justice\/2025\/10\/30\/javascript:Didomi.notice.show()\" class=\"consentModule_cmp\" target=\"_blank\" rel=\"noopener\">G\u00e9rer mes choix<\/a>&#13;\n        <\/p>\n<p>&#13;<br \/>\n                        J&rsquo;accepte&#13;<br \/>\n            J&rsquo;accepte tous les cookies&#13;\n        <\/p>\n<p>  Des coups de feu en l\u2019air, un peu plus t\u00f4t \u00e0 \u00c9chirolles<\/p>\n<p>Un peu plus t\u00f4t ce m\u00eame soir, ce sont les policiers de l\u2019h\u00f4tel de police de Grenoble qui avaient \u00e9t\u00e9 appel\u00e9s par plusieurs habitants de la rue du Tremblay \u00e0 \u00c9chirolles \u2013 une rue situ\u00e9e \u00e0 proximit\u00e9 imm\u00e9diate du cours Jean-Jaur\u00e8s dans le secteur du Rondeau \u2013 qui disaient avoir entendu une dizaine de coups de feu.<\/p>\n<p>Ce contenu est bloqu\u00e9 car vous n&rsquo;avez pas accept\u00e9 les cookies et autres traceurs.<\/p>\n<p>En cliquant sur \u00ab J\u2019accepte \u00bb, les cookies et autres traceurs seront d\u00e9pos\u00e9s et vous pourrez visualiser les contenus  (<a href=\"\" class=\"consentModule_policy\" target=\"_blank\" title=\"Consulter la politique de protection des donn\u00e9es du fournisseur\">plus d&rsquo;informations<\/a>).<\/p>\n<p>En cliquant sur \u00ab J\u2019accepte tous les cookies \u00bb, vous autorisez des d\u00e9p\u00f4ts de cookies et autres traceurs pour le stockage de vos donn\u00e9es sur nos sites et applications \u00e0 des fins de personnalisation et de ciblage publicitaire.<\/p>\n<p class=\"consentModule_secondaryText\">Vous gardez la possibilit\u00e9 de retirer votre consentement \u00e0 tout moment en consultant notre <a href=\"https:\/\/www.ledauphine.com\/protection-des-donnees\" target=\"_blank\" title=\"Consulter notre politique de protection des donn\u00e9es\" rel=\"noopener\">politique de protection des donn\u00e9es<\/a>. <br \/>&#13;<br \/>\n            <a href=\"https:\/\/www.ledauphine.com\/faits-divers-justice\/2025\/10\/30\/javascript:Didomi.notice.show()\" class=\"consentModule_cmp\" target=\"_blank\" rel=\"noopener\">G\u00e9rer mes choix<\/a>&#13;\n        <\/p>\n<p>&#13;<br \/>\n                        J&rsquo;accepte&#13;<br \/>\n            J&rsquo;accepte tous les cookies&#13;\n        <\/p>\n<p>Sur place, les fonctionnaires de police n\u2019avaient retrouv\u00e9 ni bless\u00e9, ni impact, ni \u00e9tui de projectile laissant supposer qu\u2019il s\u2019agissait de tirs en l\u2019air.<\/p>\n","protected":false},"excerpt":{"rendered":"Une automobiliste a eu tr\u00e8s peur, ce mardi 28\u00a0octobre. Vers 23\u00a0h\u00a030, alors qu\u2019elle \u00e9tait arr\u00eat\u00e9e \u00e0 un feu&hellip;\n","protected":false},"author":2,"featured_media":499649,"comment_status":"","ping_status":"","sticky":false,"template":"","format":"standard","meta":{"footnotes":""},"categories":[9566],"tags":[1111,11,2430,271,272,9852,112,113,1777,674,274,107,1011,27,2731,108,7000,3294,1985,12,25],"class_list":{"0":"post-499648","1":"post","2":"type-post","3":"status-publish","4":"format-standard","5":"has-post-thumbnail","7":"category-grenoble","8":"tag-actu","9":"tag-actualites","10":"tag-auvergne-rhone-alpes","11":"tag-crime","12":"tag-delit-et-contravention","13":"tag-echirolles","14":"tag-edition-grenoble-agglomeration","15":"tag-edition-gresivaudan-oisans","16":"tag-eu","17":"tag-europe","18":"tag-faits-divers-justice","19":"tag-fil-info","20":"tag-fr","21":"tag-france","22":"tag-grenoble","23":"tag-isere","24":"tag-lagglomeration","25":"tag-le-pont-de-claix","26":"tag-metropole-de-grenoble","27":"tag-news","28":"tag-republique-francaise"},"share_on_mastodon":{"url":"https:\/\/pubeurope.com\/@fr\/115462460215272670","error":""},"_links":{"self":[{"href":"https:\/\/www.europesays.com\/fr\/wp-json\/wp\/v2\/posts\/499648","targetHints":{"allow":["GET"]}}],"collection":[{"href":"https:\/\/www.europesays.com\/fr\/wp-json\/wp\/v2\/posts"}],"about":[{"href":"https:\/\/www.europesays.com\/fr\/wp-json\/wp\/v2\/types\/post"}],"author":[{"embeddable":true,"href":"https:\/\/www.europesays.com\/fr\/wp-json\/wp\/v2\/users\/2"}],"replies":[{"embeddable":true,"href":"https:\/\/www.europesays.com\/fr\/wp-json\/wp\/v2\/comments?post=499648"}],"version-history":[{"count":0,"href":"https:\/\/www.europesays.com\/fr\/wp-json\/wp\/v2\/posts\/499648\/revisions"}],"wp:featuredmedia":[{"embeddable":true,"href":"https:\/\/www.europesays.com\/fr\/wp-json\/wp\/v2\/media\/499649"}],"wp:attachment":[{"href":"https:\/\/www.europesays.com\/fr\/wp-json\/wp\/v2\/media?parent=499648"}],"wp:term":[{"taxonomy":"category","embeddable":true,"href":"https:\/\/www.europesays.com\/fr\/wp-json\/wp\/v2\/categories?post=499648"},{"taxonomy":"post_tag","embeddable":true,"href":"https:\/\/www.europesays.com\/fr\/wp-json\/wp\/v2\/tags?post=499648"}],"curies":[{"name":"wp","href":"https:\/\/api.w.org\/{rel}","templated":true}]}}