{"id":499658,"date":"2025-10-30T09:45:12","date_gmt":"2025-10-30T09:45:12","guid":{"rendered":"https:\/\/www.europesays.com\/fr\/499658\/"},"modified":"2025-10-30T09:45:12","modified_gmt":"2025-10-30T09:45:12","slug":"voici-pourquoi-cet-arbre-de-la-place-de-zurich-a-ete-abattu","status":"publish","type":"post","link":"https:\/\/www.europesays.com\/fr\/499658\/","title":{"rendered":"voici pourquoi cet arbre de la place de Zurich a \u00e9t\u00e9 abattu"},"content":{"rendered":"<p>            Par<br \/>\n        <strong><br \/>\n            <a href=\"https:\/\/actu.fr\/auteur\/ivan-capecchi\" title=\"Consulter tous les articles de Ivan CAPECCHI\" rel=\"nofollow noopener\" target=\"_blank\">Ivan CAPECCHI<\/a><br \/>\n        <\/strong><\/p>\n<p>        Publi\u00e9 le<\/p>\n<p>            30 oct. 2025 \u00e0 9h29        <\/p>\n<p>Les <a href=\"https:\/\/actu.fr\/grand-est\/strasbourg_67482\/c-est-tres-joli-a-strasbourg-les-habitants-de-la-krutenau-conquis-par-les-nouveaux-amenagements_61402987.html\" rel=\"nofollow noopener\" target=\"_blank\">habitants du quartier de la Krutenau<\/a> l\u2019auront remarqu\u00e9\u2009: un <strong>arbre<\/strong> a r\u00e9cemment \u00e9t\u00e9 <strong>abattu<\/strong> sur la <strong>place de Zurich<\/strong>, \u00e0 <a href=\"https:\/\/actu.fr\/strasbourg\" rel=\"nofollow noopener\" target=\"_blank\">Strasbourg<\/a>. Selon la Ville, il s\u2019agissait d\u2019un <strong>robinier plant\u00e9 il y a une quarantaine d\u2019ann\u00e9es<\/strong>, qui faisait d\u00e9j\u00e0 l\u2019objet d\u2019un <strong>suivi attentif<\/strong> par les experts de la collectivit\u00e9.<\/p>\n<p>L\u2019arbre \u00e9tait fragilis\u00e9<\/p>\n<p class=\" wall-content\">\u00ab\u2009Il pr\u00e9sentait une <strong>cavit\u00e9 ouverte au collet<\/strong>, c\u2019est-\u00e0-dire la zone de transition entre les racines et le tronc, au ras du sol\u2009\u00bb, explique la Ville de Strasbourg, jointe par nos soins.<\/p>\n<p class=\" wall-content\">L\u2019arbre avait \u00e9galement <strong>subi un choc avec un camion<\/strong>, provoquant une <strong>\u00ab\u2009forte inclinaison\u2009\u00bb<\/strong>.<\/p>\n<p class=\" wall-content\">Or, lors du dernier contr\u00f4le effectu\u00e9 \u00e0 l\u2019automne, les sp\u00e9cialistes ont constat\u00e9 que <strong>cette inclinaison s\u2019\u00e9tait accentu\u00e9e<\/strong> depuis leur passage \u00e0 l\u2019\u00e9t\u00e9 2024.<\/p>\n<p>Un risque de chute<\/p>\n<p class=\" wall-content\">\u00ab\u2009L\u2019arbre \u00e9tant d\u00e9j\u00e0 fragilis\u00e9, <strong>tout nouveau choc ou \u00e9v\u00e9nement m\u00e9t\u00e9o intense aurait pu causer son basculement<\/strong>\u2009\u00bb, souligne encore la collectivit\u00e9.<\/p>\n<p class=\" wall-content\">Face \u00e0 ce risque de chute, l\u2019abattage a \u00e9t\u00e9 r\u00e9alis\u00e9 dans un d\u00e9lai court, par mesure de s\u00e9curit\u00e9 pour les passants et les v\u00e9hicules circulant sur la place.<\/p>\n<p class=\" wall-content\">Personnalisez votre actualit\u00e9 en ajoutant vos villes et m\u00e9dias en favori avec <a href=\"https:\/\/moncompte.actu.fr\" title=\"D\u00e9couvez Mon Actu\" rel=\"nofollow noopener\" data-trk=\"{&quot;cta&quot;:{&quot;action&quot;:&quot;https:\\\/\\\/moncompte.actu.fr&quot;,&quot;category&quot;:&quot;mon compte&quot;,&quot;from&quot;:&quot;article footer&quot;,&quot;name&quot;:&quot;Mon actu&quot;,&quot;type&quot;:&quot;cta&quot;}}\" target=\"_blank\">Mon Actu<\/a>.<\/p>\n","protected":false},"excerpt":{"rendered":"Par Ivan CAPECCHI Publi\u00e9 le 30 oct. 2025 \u00e0 9h29 Les habitants du quartier de la Krutenau l\u2019auront&hellip;\n","protected":false},"author":2,"featured_media":499659,"comment_status":"","ping_status":"","sticky":false,"template":"","format":"standard","meta":{"footnotes":""},"categories":[2820],"tags":[1111,11,436,1777,674,1011,27,775,12,25,104,640],"class_list":{"0":"post-499658","1":"post","2":"type-post","3":"status-publish","4":"format-standard","5":"has-post-thumbnail","7":"category-strasbourg","8":"tag-actu","9":"tag-actualites","10":"tag-environnement","11":"tag-eu","12":"tag-europe","13":"tag-fr","14":"tag-france","15":"tag-grand-est","16":"tag-news","17":"tag-republique-francaise","18":"tag-societe","19":"tag-strasbourg"},"share_on_mastodon":{"url":"https:\/\/pubeurope.com\/@fr\/115462479869531882","error":""},"_links":{"self":[{"href":"https:\/\/www.europesays.com\/fr\/wp-json\/wp\/v2\/posts\/499658","targetHints":{"allow":["GET"]}}],"collection":[{"href":"https:\/\/www.europesays.com\/fr\/wp-json\/wp\/v2\/posts"}],"about":[{"href":"https:\/\/www.europesays.com\/fr\/wp-json\/wp\/v2\/types\/post"}],"author":[{"embeddable":true,"href":"https:\/\/www.europesays.com\/fr\/wp-json\/wp\/v2\/users\/2"}],"replies":[{"embeddable":true,"href":"https:\/\/www.europesays.com\/fr\/wp-json\/wp\/v2\/comments?post=499658"}],"version-history":[{"count":0,"href":"https:\/\/www.europesays.com\/fr\/wp-json\/wp\/v2\/posts\/499658\/revisions"}],"wp:featuredmedia":[{"embeddable":true,"href":"https:\/\/www.europesays.com\/fr\/wp-json\/wp\/v2\/media\/499659"}],"wp:attachment":[{"href":"https:\/\/www.europesays.com\/fr\/wp-json\/wp\/v2\/media?parent=499658"}],"wp:term":[{"taxonomy":"category","embeddable":true,"href":"https:\/\/www.europesays.com\/fr\/wp-json\/wp\/v2\/categories?post=499658"},{"taxonomy":"post_tag","embeddable":true,"href":"https:\/\/www.europesays.com\/fr\/wp-json\/wp\/v2\/tags?post=499658"}],"curies":[{"name":"wp","href":"https:\/\/api.w.org\/{rel}","templated":true}]}}