{"id":499662,"date":"2025-10-30T09:47:12","date_gmt":"2025-10-30T09:47:12","guid":{"rendered":"https:\/\/www.europesays.com\/fr\/499662\/"},"modified":"2025-10-30T09:47:12","modified_gmt":"2025-10-30T09:47:12","slug":"christian-estrosi-contre-attaque-et-donne-sa-version","status":"publish","type":"post","link":"https:\/\/www.europesays.com\/fr\/499662\/","title":{"rendered":"Christian Estrosi contre-attaque et donne sa version"},"content":{"rendered":"<p>            Par<br \/>\n        <strong><br \/>\n            <a href=\"https:\/\/actu.fr\/auteur\/redaction-nice\" title=\"Consulter tous les articles de R\u00e9daction Nice\" target=\"_blank\" rel=\"noopener\">R\u00e9daction Nice<\/a><br \/>\n        <\/strong><\/p>\n<p>        Publi\u00e9 le<\/p>\n<p>            30 oct. 2025 \u00e0 10h31        <\/p>\n<p>C\u2019est une sc\u00e8ne qui fait beaucoup parler. Mercredi 22\u00a0octobre 2025, le maire de Nice Christian Estrosi et l\u2019ex-garde des Sceaux \u00c9ric Dupond-Moretti se sont <strong>violemment \u00e9charp\u00e9s<\/strong> dans un c\u00e9l\u00e8bre restaurant du centre-ville de Nice (<a href=\"https:\/\/actu.fr\/provence-alpes-cote-d-azur\/alpes-maritimes_06\" target=\"_blank\" rel=\"noopener\">Alpes-Maritimes<\/a>). Une information r\u00e9v\u00e9l\u00e9e par nos confr\u00e8res du <a href=\"https:\/\/www.lecanardenchaine.fr\/politique\/52225-dupond-moretti-et-estrosi-un-diner-aux-chataignes-a-la-nicoise\" target=\"_blank\" rel=\"noopener\">Canard encha\u00een\u00e9<\/a>.<\/p>\n<p class=\" wall-content\">Les deux hommes ont eu un <a href=\"https:\/\/actu.fr\/provence-alpes-cote-d-azur\/nice_06088\/nice-la-soiree-au-restaurant-vire-au-pugilat-entre-christian-estrosi-et-eric-dupond-moretti_63364696.html\" target=\"_blank\" rel=\"noopener\"><strong>\u00e9change tr\u00e8s<\/strong> muscl\u00e9<\/a>, en venant presque aux mains. Christian Estrosi a souhait\u00e9 donner sa version des faits \u00e0 <a href=\"https:\/\/actu.fr\/nice\/\" target=\"_blank\" rel=\"noopener\">actu Nice<\/a>.<\/p>\n<p>Mots doux et moqueries<\/p>\n<p class=\" wall-content\">Pour rappel, d\u2019apr\u00e8s nos confr\u00e8res, le maire de Nice se serait lev\u00e9 pour s\u2019asseoir \u00e0 la table de l\u2019ancien ministre de la Justice en l\u00e2chant \u00ab\u2009Ici, je suis avec de vrais amis\u2026\u2009\u00bb. Christian Estrosi se serait ensuite <strong>moqu\u00e9 de la r\u00e9cente reconversion<\/strong> d\u2019\u00c9ric Dupond-Moretti en tant que com\u00e9dien\u2009: \u00ab\u2009Esp\u00e8ce d\u2019intermittent du spectacle\u2009\u00bb. Ce dernier aurait r\u00e9torqu\u00e9\u2009: \u00ab\u2009Toi, tu n\u2019es qu\u2019un un intermittent de la connerie.\u2009\u00bb<\/p>\n<p class=\" wall-content\">Christian Estrosi, furieux, se serait alors lev\u00e9 en plein milieu du restaurant en mena\u00e7ant\u2009: \u00ab\u2009Je vais t\u2019en coller une\u2009\u00bb. L\u2019avocat de m\u00e9tier\u2009aurait tout de suite r\u00e9torqu\u00e9\u2009: \u00ab\u2009On sort si tu veux.\u2009\u00bb<\/p>\n<p class=\" wall-content\">Selon, Christian Estrosi, ce r\u00e9cit est inexacte. Il assure qu\u2019\u00c9ric Dupond-Moretti trahit la v\u00e9racit\u00e9 de leurs \u00e9changes. L\u2019entourage du maire de Nice accuse d\u2019ailleurs l\u2019ancien Garde des sceaux d\u2019avoir lui-m\u00eame \u00ab\u2009sorti\u2009\u00bb l\u2019affaire dans la presse.<\/p>\n<p>\u00ab\u2009Une nouvelle sc\u00e8ne de th\u00e9\u00e2tre qu\u2019il s\u2019amuse \u00e0 raconter\u2009\u00bb<\/p>\n<p class=\" wall-content\">\u00ab\u2009Monsieur Dupond Moretti qui est aujourd\u2019hui un opposant politique est aussi devenu un <strong>r\u00e9cidiviste en mati\u00e8re de fake news<\/strong>. Apr\u00e8s l\u2019\u00e9pisode de l\u2019Unoc [le Sommet des oc\u00e9ans organis\u00e9 \u00e0 Nice] o\u00f9 il s\u2019est incrust\u00e9 dans un d\u00eener en t\u00eate \u00e0 t\u00eate entre le Pr\u00e9sident de la R\u00e9publique et son \u00e9pouse, voil\u00e0 une nouvelle sc\u00e8ne de th\u00e9\u00e2tre qu\u2019il s\u2019amuse \u00e0 raconter mais qui est <strong>bien loin de la r\u00e9alit\u00e9 des faits<\/strong>\u2009\u00bb, plante Christian Estrosi \u00e0 actu Nice.<\/p>\n<p class=\" wall-content\">Le maire de Nice, candidat \u00e0 sa propre r\u00e9\u00e9lection, affirme qu\u2019il n\u2019a pas \u00ab\u2009insult\u00e9\u2009\u00bb \u00c9ric Dupond-Moretti \u00ab<strong>\u2009d\u2019intermittent du spectacle<\/strong>\u2009\u00bb contrairement \u00e0 ce que ce dernier aurait d\u00e9clar\u00e9. \u00ab\u2009Pour la simple et bonne raison que j\u2019ai beaucoup trop de respect et de consid\u00e9ration pour eux que j\u2019ai d\u00e9fendus et soutenus toute ma vie\u2009\u00bb, justifie l\u2019\u00e9dile.<\/p>\n<p>Votre r\u00e9gion, votre actu !<\/p>\n<p>Recevez chaque jour les infos qui comptent pour vous.<\/p>\n<p>\t<a href=\"https:\/\/actu.fr\/newsletter\" class=\"ac-btn ac-btn--corner ac-btn--medium ac-btn--blue800\" target=\"_blank\" rel=\"noopener\">S&rsquo;incrire<\/a><br \/>\n\u00ab\u2009Meilleur en intermittent qu\u2019en politique\u2009\u00bb<\/p>\n<p class=\" wall-content\">Le maire n\u2019a toutefois pas \u00e9t\u00e9 tendre avec \u00c9ric Dupond-Moretti. \u00ab\u2009Je lui ai n\u00e9anmoins signifi\u00e9 qu\u2019il \u00e9tait \u2018<strong>meilleur en intermittent qu\u2019en politique\u2019<\/strong> en ayant la conviction qu\u2019il peut y avoir d\u2019excellents intermittents du spectacle et d\u2019ex\u00e9crables ministres.\u2009\u00bb<\/p>\n<p class=\" wall-content\">Selon l\u2019ancien membre du gouvernement, c\u2019est bien le maire de Nice qui aurait lanc\u00e9 les hostilit\u00e9s. \u00ab\u2009J\u2019\u00e9tais attabl\u00e9 tranquille, Estrosi est venu \u00e0 ma table me provoquer, il ne s\u2019est pas bien tenu avec moi, on a eu des \u00e9changes de mots, c\u2019est tout\u2009\u00bb, a-t-il comment\u00e9 aupr\u00e8s de <a href=\"https:\/\/www.nicematin.com\/societe\/politique\/municipales-2026\/je-vais-t-en-coller-une-christian-estrosi-et-eric-dupond-moretti-s-insultent-dans-un-restaurant-du-vieux-nice-10654516\" target=\"_blank\" rel=\"noopener\">Nice-Matin<\/a>.<\/p>\n<p class=\" wall-content\">Une chose est s\u00fbre\u2009: les relations entre les deux hommes <strong>sont tendues<\/strong>. Le 8\u00a0octobre, l\u2019ancien Garde des Sceaux avait d\u00e9clar\u00e9 que le maire de Nice \u00e9tait \u00ab\u2009le pire courtisan [qu\u2019il ait] jamais rencontr\u00e9\u2009\u00bb. En r\u00e9action \u00e0 la sortie de <a href=\"https:\/\/actu.fr\/provence-alpes-cote-d-azur\/nice_06088\/seisme-politique-a-nice-christian-estrosi-demande-la-demission-d-emmanuel-macron_63264103.html\" target=\"_blank\" rel=\"noopener\">Christian Estrosi invitant<\/a> le pr\u00e9sident de la R\u00e9publique Emmanuel Macron \u00e0 d\u00e9missionner.<\/p>\n<p class=\" wall-content\">Personnalisez votre actualit\u00e9 en ajoutant vos villes et m\u00e9dias en favori avec <a href=\"https:\/\/moncompte.actu.fr\" title=\"D\u00e9couvez Mon Actu\" rel=\"nofollow noopener\" data-trk=\"{&quot;cta&quot;:{&quot;action&quot;:&quot;https:\\\/\\\/moncompte.actu.fr&quot;,&quot;category&quot;:&quot;mon compte&quot;,&quot;from&quot;:&quot;article footer&quot;,&quot;name&quot;:&quot;Mon actu&quot;,&quot;type&quot;:&quot;cta&quot;}}\" target=\"_blank\">Mon Actu<\/a>.<\/p>\n","protected":false},"excerpt":{"rendered":"Par R\u00e9daction Nice Publi\u00e9 le 30 oct. 2025 \u00e0 10h31 C\u2019est une sc\u00e8ne qui fait beaucoup parler. Mercredi&hellip;\n","protected":false},"author":2,"featured_media":499663,"comment_status":"","ping_status":"","sticky":false,"template":"","format":"standard","meta":{"footnotes":""},"categories":[2819],"tags":[1111,11,2397,10222,1777,674,1011,27,12,2401,882,25,104],"class_list":{"0":"post-499662","1":"post","2":"type-post","3":"status-publish","4":"format-standard","5":"has-post-thumbnail","7":"category-nice","8":"tag-actu","9":"tag-actualites","10":"tag-christian-estrosi","11":"tag-eric-dupond-moretti","12":"tag-eu","13":"tag-europe","14":"tag-fr","15":"tag-france","16":"tag-news","17":"tag-nice","18":"tag-provence-alpes-cote-dazur","19":"tag-republique-francaise","20":"tag-societe"},"share_on_mastodon":{"url":"https:\/\/pubeurope.com\/@fr\/115462487767837931","error":""},"_links":{"self":[{"href":"https:\/\/www.europesays.com\/fr\/wp-json\/wp\/v2\/posts\/499662","targetHints":{"allow":["GET"]}}],"collection":[{"href":"https:\/\/www.europesays.com\/fr\/wp-json\/wp\/v2\/posts"}],"about":[{"href":"https:\/\/www.europesays.com\/fr\/wp-json\/wp\/v2\/types\/post"}],"author":[{"embeddable":true,"href":"https:\/\/www.europesays.com\/fr\/wp-json\/wp\/v2\/users\/2"}],"replies":[{"embeddable":true,"href":"https:\/\/www.europesays.com\/fr\/wp-json\/wp\/v2\/comments?post=499662"}],"version-history":[{"count":0,"href":"https:\/\/www.europesays.com\/fr\/wp-json\/wp\/v2\/posts\/499662\/revisions"}],"wp:featuredmedia":[{"embeddable":true,"href":"https:\/\/www.europesays.com\/fr\/wp-json\/wp\/v2\/media\/499663"}],"wp:attachment":[{"href":"https:\/\/www.europesays.com\/fr\/wp-json\/wp\/v2\/media?parent=499662"}],"wp:term":[{"taxonomy":"category","embeddable":true,"href":"https:\/\/www.europesays.com\/fr\/wp-json\/wp\/v2\/categories?post=499662"},{"taxonomy":"post_tag","embeddable":true,"href":"https:\/\/www.europesays.com\/fr\/wp-json\/wp\/v2\/tags?post=499662"}],"curies":[{"name":"wp","href":"https:\/\/api.w.org\/{rel}","templated":true}]}}