{"id":499675,"date":"2025-10-30T09:54:09","date_gmt":"2025-10-30T09:54:09","guid":{"rendered":"https:\/\/www.europesays.com\/fr\/499675\/"},"modified":"2025-10-30T09:54:09","modified_gmt":"2025-10-30T09:54:09","slug":"des-bouchons-sur-la25-vers-lille-apres-un-accident-entre-une-voiture-et-un-poids-lourd","status":"publish","type":"post","link":"https:\/\/www.europesays.com\/fr\/499675\/","title":{"rendered":"Des bouchons sur l&rsquo;A25 vers Lille, apr\u00e8s un accident entre une voiture et un poids lourd"},"content":{"rendered":"<p>            Par<br \/>\n        <strong><br \/>\n            <a href=\"https:\/\/actu.fr\/auteur\/margot-nicodeme\" title=\"Consulter tous les articles de Margot Nicod\u00e8me\" rel=\"nofollow noopener\" target=\"_blank\">Margot Nicod\u00e8me<\/a><br \/>\n        <\/strong><\/p>\n<p>        Publi\u00e9 le<\/p>\n<p>            30 oct. 2025 \u00e0 10h22        <\/p>\n<p><b>Un accident<\/b> s\u2019est produit ce jeudi 30 octobre 2025 peu apr\u00e8s 10h, sur <b>l\u2019autoroute A25<\/b>. Il faut faire preuve de la plus grande prudence, car seule la voie de gauche est ouverte \u00e0 la circulation en ce milieu de matin\u00e9e. <b>Le ralentissement s\u2019op\u00e8re dans le sens Dunkerque vers Lille<\/b> (Nord).<\/p>\n<p>Collision entre un poids lourd et une voiture entre Dunkerque et Lille sur l\u2019A25\u00a0<\/p>\n<p class=\" wall-content\">Il s\u2019agit d\u2019une collision entre un poids lourd et une voiture, informe la cellule de vigilance routi\u00e8re. Localis\u00e9e \u00e0 Enneti\u00e8res-en-Weppes, elle a n\u00e9cessit\u00e9 la fermeture de la voie de droite et de la bande d\u2019arr\u00eat d\u2019urgence.<b> Un bouchon de 5 km s\u2019est rapidement form\u00e9<\/b>.<\/p>\n<p class=\" wall-content\">Il est conseill\u00e9 d\u2019\u00e9viter le secteur.<\/p>\n<p class=\" wall-content\">\u00c0 noter<b> qu\u2019un premier accident s\u2019est produit sur ce m\u00eame axe<\/b>, dans le m\u00eame sens de circulation, plus t\u00f4t ce jeudi matin. \u00c0 hauteur de Lille, il impliquait, autour de 8h30, trois v\u00e9hicules l\u00e9gers. Le retour \u00e0 la normale s\u2019est fait rapidement, en une quinzaine de minutes.<\/p>\n<p class=\" wall-content\">Personnalisez votre actualit\u00e9 en ajoutant vos villes et m\u00e9dias en favori avec <a href=\"https:\/\/moncompte.actu.fr\" title=\"D\u00e9couvez Mon Actu\" rel=\"nofollow noopener\" data-trk=\"{&quot;cta&quot;:{&quot;action&quot;:&quot;https:\\\/\\\/moncompte.actu.fr&quot;,&quot;category&quot;:&quot;mon compte&quot;,&quot;from&quot;:&quot;article footer&quot;,&quot;name&quot;:&quot;Mon actu&quot;,&quot;type&quot;:&quot;cta&quot;}}\" target=\"_blank\">Mon Actu<\/a>.<\/p>\n","protected":false},"excerpt":{"rendered":"Par Margot Nicod\u00e8me Publi\u00e9 le 30 oct. 2025 \u00e0 10h22 Un accident s\u2019est produit ce jeudi 30 octobre&hellip;\n","protected":false},"author":2,"featured_media":499676,"comment_status":"","ping_status":"","sticky":false,"template":"","format":"standard","meta":{"footnotes":""},"categories":[2815],"tags":[119,1111,11,1777,674,118,1011,27,811,1307,12,25],"class_list":{"0":"post-499675","1":"post","2":"type-post","3":"status-publish","4":"format-standard","5":"has-post-thumbnail","7":"category-lille","8":"tag-accident","9":"tag-actu","10":"tag-actualites","11":"tag-eu","12":"tag-europe","13":"tag-faits-divers","14":"tag-fr","15":"tag-france","16":"tag-hauts-de-france","17":"tag-lille","18":"tag-news","19":"tag-republique-francaise"},"share_on_mastodon":{"url":"https:\/\/pubeurope.com\/@fr\/115462518625453139","error":""},"_links":{"self":[{"href":"https:\/\/www.europesays.com\/fr\/wp-json\/wp\/v2\/posts\/499675","targetHints":{"allow":["GET"]}}],"collection":[{"href":"https:\/\/www.europesays.com\/fr\/wp-json\/wp\/v2\/posts"}],"about":[{"href":"https:\/\/www.europesays.com\/fr\/wp-json\/wp\/v2\/types\/post"}],"author":[{"embeddable":true,"href":"https:\/\/www.europesays.com\/fr\/wp-json\/wp\/v2\/users\/2"}],"replies":[{"embeddable":true,"href":"https:\/\/www.europesays.com\/fr\/wp-json\/wp\/v2\/comments?post=499675"}],"version-history":[{"count":0,"href":"https:\/\/www.europesays.com\/fr\/wp-json\/wp\/v2\/posts\/499675\/revisions"}],"wp:featuredmedia":[{"embeddable":true,"href":"https:\/\/www.europesays.com\/fr\/wp-json\/wp\/v2\/media\/499676"}],"wp:attachment":[{"href":"https:\/\/www.europesays.com\/fr\/wp-json\/wp\/v2\/media?parent=499675"}],"wp:term":[{"taxonomy":"category","embeddable":true,"href":"https:\/\/www.europesays.com\/fr\/wp-json\/wp\/v2\/categories?post=499675"},{"taxonomy":"post_tag","embeddable":true,"href":"https:\/\/www.europesays.com\/fr\/wp-json\/wp\/v2\/tags?post=499675"}],"curies":[{"name":"wp","href":"https:\/\/api.w.org\/{rel}","templated":true}]}}