{"id":499677,"date":"2025-10-30T09:55:12","date_gmt":"2025-10-30T09:55:12","guid":{"rendered":"https:\/\/www.europesays.com\/fr\/499677\/"},"modified":"2025-10-30T09:55:12","modified_gmt":"2025-10-30T09:55:12","slug":"fiesta-derniers-jours-actualites","status":"publish","type":"post","link":"https:\/\/www.europesays.com\/fr\/499677\/","title":{"rendered":"Fiesta : derniers jours ! \/ Actualit\u00e9s"},"content":{"rendered":"<p>Jusqu&rsquo;au 9 novembre, on ira faire, \u00ab\u00a0la FIESTA, la FIESTA !\u00a0\u00bb<\/p>\n<p>Les derniers temps fortsDes expos \u00e0 ne pas manquer !<\/p>\n<ul class=\"listPuce\">\n<li><strong><a href=\"https:\/\/www.lille.fr\/Que-faire-a-Lille\/Les-grands-evenements\/Fiesta-saison-2025-de-lille3000\/Les-expositions\/Geants-la-legende-de-Lyderic-et-Phinaert\" target=\"_self\" class=\"lien_interne\" rel=\"noopener\">Petite histoire de G\u00e9ants<\/a>, jusqu&rsquo;au 5 janvier 2025 au Palais des Beaux-Arts<\/strong>. Pour les 20 ans de leur reconnaissance comme patrimoine culturel immat\u00e9riel de l\u2019humanit\u00e9 par l\u2019UNESCO, le Palais des Beaux-Arts consacre une exposition aux g\u00e9ants, embl\u00e9matiques du Nord de la France et de Belgique.<\/li>\n<li>\nD\u00e9couvrez aussi\u00a0\u00ab\u00a0<strong>Eclats en \u00e9chos<\/strong>\u00ab\u00a0, par Felice Varini : 3 \u0153uvres monumentales, aux formes g\u00e9om\u00e9triques saisissantes, transformeront votre perception de plusieurs espaces autour de l\u2019atrium. (Bonne nouvelle : prolongation jusqu&rsquo;en 2026 !)<br \/>&gt;\u00a0<a href=\"https:\/\/www.lille.fr\/Evenements\/Eclats-en-Echos-par-Felice-Varini\" target=\"_self\" class=\"lien_interne\" rel=\"noopener\">Plus d&rsquo;infos<\/a><\/li>\n<\/ul>\n<ul class=\"listPuce\">\n<li>\n<strong>Pom Pom Pidou, au Tripostal, jusqu&rsquo;au 9 novembre 2025<\/strong>. Une exposition en partenariat avec le Centre Pompidou de Paris, en pleine m\u00e9tamorphose. Plus de 200 \u0153uvres sur 5.000 m\u00e8tres carr\u00e9s seront \u00e0 d\u00e9couvrir&#8230;<br \/>&gt; <a href=\"http:\/\/www.lille.fr\/Evenements\/Pom-Pom-Pidou-Un-recit-renversant-de-l-art-moderne\" target=\"_self\" class=\"lien_interne\" rel=\"noopener\">Plus d&rsquo;infos<\/a><br \/>\u00ab\u00a0Le petit +\u00a0\u00bb : le Tripostal devient le <strong>dancefloor XXL de l\u2019automn<\/strong>e ! Rendez-vous le 31 octobre de 18h \u00e0 2h (Durant ces soir\u00e9es, l&rsquo;exposition reste ouverte de 18h \u00e0 19h30. Gratuit sur pr\u00e9sentation du billet d&rsquo;entr\u00e9e pour la soir\u00e9e).<\/li>\n<\/ul>\n<ul class=\"listPuce\">\n<li><strong><a href=\"https:\/\/www.lille.fr\/Que-faire-a-Lille\/Les-grands-evenements\/Fiesta-saison-2025-de-lille3000\/Les-expositions\/The-distorted-party-a-Comtesse\" target=\"_self\" class=\"lien_interne\" rel=\"noopener\">The distorted party<\/a>, au Mus\u00e9e de l&rsquo;Hospice Comtesse, jusqu&rsquo;au 9 novembre<\/strong>. \u00ab\u00a0Lille est une ville vibrante et accueillante, o\u00f9 tous les \u00e9changes culturels ont du sens\u00a0\u00bb, souligne Siegrid Demyttenaerre, co-commissaire, qui a travaill\u00e9, avec les artistes, sur le sens de la f\u00eate : \u00ab\u00a0comment la c\u00e9l\u00e9brer alors que le monde vacille ? L&rsquo;exposition explore les instants o\u00f9 la c\u00e9l\u00e9bration devient un espace de questionnement. Une exp\u00e9rience o\u00f9 l&rsquo;art nous invite \u00e0 voir au-del\u00e0 des apparences\u00a0\u00bb.<\/li>\n<\/ul>\n<p>Mais aussi&#8230;<\/p>\n<ul class=\"listPuce\">\n<li><a href=\"https:\/\/www.lille.fr\/Que-faire-a-Lille\/Les-grands-evenements\/Fiesta-saison-2025-de-lille3000\/Les-expositions\/Institut-Grand-Festif\" target=\"_self\" class=\"lien_interne\" rel=\"noopener\"><strong>La Briche Foraine<\/strong><\/a>, par l&rsquo;Institut Grand Festif, \u00e0 la Gare Saint Sauveur, jusqu&rsquo;au 9 novembre<\/li>\n<li><a href=\"https:\/\/www.lille.fr\/Que-faire-a-Lille\/Les-grands-evenements\/Fiesta-saison-2025-de-lille3000\/Les-expositions\/Fuego-y-Veneno-Pilar-Albarracin\" target=\"_self\" class=\"lien_interne\" rel=\"noopener\"><strong>Fuego y Veneno<\/strong><\/a>,<strong>\u00a0<\/strong>par\u00a0Pilar Albarrac\u00edn, \u00e0 la maison Folie Moulins (jusqu&rsquo;au 9 novembre)<\/li>\n<li><a href=\"https:\/\/www.lille.fr\/Que-faire-a-Lille\/Les-grands-evenements\/Fiesta-saison-2025-de-lille3000\/Les-expositions\/Kinjotour-Voyage-visuel-et-musical\" target=\"_self\" class=\"lien_interne\" rel=\"noopener\"><strong>Kinjotour<\/strong><\/a>, voyage visuel et musical, jusqu&rsquo;au 7 d\u00e9cembre \u00e0 l&rsquo;Espace Le Carr\u00e9<\/li>\n<li><strong><a href=\"https:\/\/www.lille.fr\/Evenements\/Exposition-Ch-tite-Fiesta-a-la-Mairie-de-Lille-Centre\" target=\"_self\" class=\"lien_interne\" rel=\"noopener\">Ch&rsquo;tite Fiesta<\/a><\/strong>, jusqu&rsquo;au 8 novembre \u00e0 la mairie de quartier de Lille-Centre<\/li>\n<li><a href=\"https:\/\/www.lille.fr\/Evenements\/Enjoy\" target=\"_self\" class=\"lien_interne\" rel=\"noopener\"><strong>Enjoy<\/strong><\/a>, jusqu&rsquo;au 31 d\u00e9cembre \u00e0 l&rsquo;Atelier-Galerie Bleu, avec un temps fort le samedi 8 novembre de 15h \u00e0 19h : l&rsquo;artiste Charlotte Lanselle\u00a0propose de r\u00e9aliser des dispositifs ludiques et sensoriels pour se lier \u00e0 l&rsquo;autre avec joie.\u00a0<\/li>\n<\/ul>\n<p>L&rsquo;art dans la ville !<\/p>\n<p>Pas de saison de lille3000 sans plusieurs installations d&rsquo;\u0153uvres sur l&rsquo;espace public ! Retrouvez&#8230;<\/p>\n<ul class=\"listPuce\">\n<li><strong><a href=\"https:\/\/www.lille.fr\/Evenements\/Happy-Heads-par-Benoit-Bo\" target=\"_self\" class=\"lien_interne\" rel=\"noopener\">Happy Heads<\/a>, jusqu&rsquo;au 9 novembre au Passage de l&rsquo;Internationale<\/strong>, \u00e0 Fives, espace qui prend part \u00e0 la f\u00eate de lille3000 pour la premi\u00e8re fois. Ici, le bin\u00f4me\u00a0r\u00e9alisera \u00ab\u00a0une esp\u00e8ce de cath\u00e9drale artistique et festive, avec des masques gigantesques, \u00e9clair\u00e9s et color\u00e9s\u00a0\u00bb<\/li>\n<li><strong>Remember the first time you saw your name<\/strong>, par Marinella Senatore, jusqu&rsquo;au 9 novembre sur le parvis de l&rsquo;\u00e9glise Saint-Maurice<\/li>\n<li>Les <strong><a href=\"https:\/\/www.lille.fr\/Evenements\/Golden-Monoliths-par-SpY\" target=\"_self\" class=\"lien_interne\" rel=\"noopener\">Golden Monoliths<\/a><\/strong>, par Spy, rue Faidherbe\u00a0<\/li>\n<li><strong><a href=\"https:\/\/www.lille.fr\/Evenements\/ORB-par-SpY\" target=\"_self\" class=\"lien_interne\" rel=\"noopener\">Orb<\/a><\/strong>, par Spy \u00e9galement, \u00e0 la Vieille Bourse<\/li>\n<li><a href=\"https:\/\/www.lille.fr\/Evenements\/TISSER_METISSER-par-les-Mots-voyageurs\" target=\"_self\" class=\"lien_interne\" rel=\"noopener\"><strong>Tisser M\u00e9tisser<\/strong><\/a>, aux Halles de Wazemmes<\/li>\n<\/ul>\n<p>Spectacles et \u00e9v\u00e9nements dans les quartiers<\/p>\n<p>Comme toujours, aucun quartier lillois ne sera oubli\u00e9 pour Fiesta.\u00a0<\/p>\n<p><strong>Voici les principaux rendez-vous organis\u00e9s prochainement :\u00a0<\/strong><\/p>\n<ul class=\"listPuce\">\n<li><strong><a href=\"https:\/\/www.lille.fr\/Evenements\/Monarques2\" target=\"_self\" class=\"lien_interne\" rel=\"noopener\">\u00ab\u00a0Monarques\u00a0\u00bb<\/a><\/strong> : du 30 octobre au 7 novembre, au Th\u00e9\u00e2tre du Nord. Avec son th\u00e9\u00e2tre sensible, visuel et profond\u00e9ment humain, le metteur en sc\u00e8ne met en lumi\u00e8re les parcours de migration, humains et non-humains, dans un spectaculaire d\u00e9cor construit par l\u2019atelier du Th\u00e9\u00e2tre du Nord. Une ode \u00e0 la beaut\u00e9 du monde et \u00e0 ceux qui le traversent.<\/li>\n<\/ul>\n<ul class=\"listPuce\">\n<li><strong><a href=\"https:\/\/www.lille.fr\/Evenements\/Fete-des-Allumoirs-2025\" target=\"_self\" class=\"lien_interne\" rel=\"noopener\">La F\u00eate des Allumoirs<\/a><\/strong>, le 7 novembre \u00e0 Vauban-Esquermes. Une soir\u00e9e de f\u00eate pour toute la famille, \u00e0 la lueur des lampions.<\/li>\n<\/ul>\n<ul class=\"listPuce\">\n<li><strong><a href=\"https:\/\/www.lille.fr\/Evenements\/Ch-tite-Fiesta\" target=\"_self\" class=\"lien_interne\" rel=\"noopener\">Journ\u00e9e Ch&rsquo;tite Fiesta<\/a><\/strong>, le 8 novembre \u00e0 Lille-Centre. Pour bien terminer l&rsquo;expo \u00e0 la mairie de quartier de Lille-Centre, buffet ch\u2019ti, d\u00e9ambulation musicale aux c\u00f4t\u00e9s de Narcisse (le g\u00e9ant du quartier), lectures po\u00e9tiques et contes pour les plus jeunes sont au programme !<\/li>\n<\/ul>\n<ul class=\"listPuce\">\n<li>&#8230; Fiesta joue m\u00eame les prolongations, avec un \u00e9v\u00e9nement organis\u00e9 apr\u00e8s la cl\u00f4ture du 9 novembre :<strong>\u00a0\u00ab\u00a0<a href=\"https:\/\/www.lille.fr\/Evenements\/La-fiesta-creative-Nocturne-gratuite\" target=\"_self\" class=\"lien_interne\" rel=\"noopener\">La Fiesta cr\u00e9ative<\/a>\u00ab\u00a0<\/strong>, une nocturne gratuite au Palais des Beaux-Arts, le 12 novembre.<\/li>\n<\/ul>\n<p>Week-end de cl\u00f4ture : Fiesta finale !<\/p>\n<p>Un week-end pour faire la f\u00eate une derni\u00e8re fois avec lille3000, \u00e7a vous tente ? Concerts, spectacles, boum, ateliers, performances et derni\u00e8res occasions de (re)d\u00e9couvrir les expositions de Fiesta \u00e0 Lille.<\/p>\n<p><strong>D\u00e9couvrez les temps forts au Tripostal et \u00e0 la Gare Saint Sauveur les 8 et 9 novembre pour ne rien manquer de cette cl\u00f4ture exceptionnelle<\/strong>\u00a0!<\/p>\n<ul class=\"listPuce\">\n<li><strong>Au Tripostal (gratuit tout le week-end)<\/strong><\/li>\n<\/ul>\n<p>Samedi 8 et dimanche 9 novembre, visitez gratuitement\u00a0l\u2019exposition \u00ab\u00a0Pom Pom Pidou\u00a0\u00bb. Et profitez d&rsquo;une visite guid\u00e9e, le samedi \u00e0 11h30 et 16h, le dimanche \u00e0 11h30 et 14h.<\/p>\n<p>Le dimanche\u00a0(11h-12h30, 14h-16h), des ateliers sont propos\u00e9s pour les enfants, qui auront droit \u00e0 une boum, des animations musicales et des surprises. (<a href=\"https:\/\/fiestalille3000.com\/fiesta-finale-week-end-de-cloture\/\" target=\"_self\" class=\"lien_interne\" rel=\"noopener\">Plus d&rsquo;infos<\/a>)<\/p>\n<ul class=\"listPuce\">\n<li><strong><a href=\"https:\/\/www.lille.fr\/Evenements\/Fiesta-Finale-La-Gare-en-fete-avec-la-Briche-Foraine-et-le-NEXT-Festival\" target=\"_self\" class=\"lien_interne\" rel=\"noopener\">\u00c0 la Gare Saint Sauveur<\/a><\/strong>\u00a0: Fiestaaa avec la Briche Foraine et le NEXT Festival, les 8 et 9 novembre. Plongez dans une ambiance festive et artistique !<\/li>\n<\/ul>\n<p>Fiesta&#8230; Qu&rsquo;est-ce que c&rsquo;est ?<\/p>\n<p>En 2004, Lille devenait Capitale Europ\u00e9enne de la Culture.\u00a0Cet \u00e9v\u00e9nement hors normes a durablement chang\u00e9 la ville, la r\u00e9gion et son dynamisme culturel.\u00a0Depuis 2006, lille3000 poursuit le travail engag\u00e9 en 2004 avec ses grandes \u00e9ditions th\u00e9matiques.<\/p>\n<p>Apr\u00e8s\u00a0Bombaysers de Lille (2006), Europe XXL (2009), Fantastic (2012), Renaissance (2015), Eldorado (2019) et Utopia (2022), place \u00e0 une septi\u00e8me \u00e9dition : FIESTA !<\/p>\n<p>lille3000 propose sa septi\u00e8me \u00e9dition th\u00e9matique\u00a0du 26 avril au 9 novembre 2025\u00a0avec Fiesta, qui se d\u00e9ploiera dans la Ville de Lille, la M\u00e9tropole Europ\u00e9enne de Lille, en R\u00e9gion Hauts-de-France et dans l&rsquo;Eurom\u00e9tropole.<\/p>\n<p>Autour d\u2019un th\u00e8me f\u00e9d\u00e9rateur, la F\u00eate, cette nouvelle \u00e9dition est l\u2019occasion de proposer de nouveaux modes de rassemblements, qui permettent d\u2019\u00e9chapper \u00e0 l\u2019individualisation de la soci\u00e9t\u00e9. Parades, f\u00eates, banquets, bals ou encore carnavals sont c\u00e9l\u00e9br\u00e9s. M\u00e9tamorphoses dans l\u2019espace public, expositions, spectacles, th\u00e9\u00e2tre, danse, concerts, \u00e9v\u00e9nements in\u00e9dits, projets participatifs, rencontres litt\u00e9raires, d\u00e9bats et cin\u00e9ma, composent un programme tr\u00e8s vari\u00e9, permettant \u00e0 chacun des visiteurs, petits et grands, de partager des \u00e9motions, \u00eatre spectateur ou prendre part activement aux projets.<\/p>\n<p>Comme toujours, les grands \u00e9quipements lillois, les mus\u00e9es, l&rsquo;op\u00e9ra, l&rsquo;orchestre, les \u00e9tablissements d&rsquo;enseignement artistique, les th\u00e9\u00e2tres, centres chor\u00e9graphiques, salles de spectacles et collectifs artistiques sont r\u00e9unis autour de ce nouveau grand th\u00e8me f\u00e9d\u00e9rateur.<\/p>\n<p>Fiesta se vit avant tout comme une grande f\u00eate, avec un programme d&rsquo;\u00e9v\u00e9nements joyeux, festifs et de projets participatifs qui mettront en avant les associations, artistes, collectifs et habitants !\u00a0<\/p>\n","protected":false},"excerpt":{"rendered":"Jusqu&rsquo;au 9 novembre, on ira faire, \u00ab\u00a0la FIESTA, la FIESTA !\u00a0\u00bb Les derniers temps fortsDes expos \u00e0 ne&hellip;\n","protected":false},"author":2,"featured_media":499678,"comment_status":"","ping_status":"","sticky":false,"template":"","format":"standard","meta":{"footnotes":""},"categories":[2815],"tags":[1111,11,4763,1777,674,1011,27,811,1307,5415,12,25],"class_list":{"0":"post-499677","1":"post","2":"type-post","3":"status-publish","4":"format-standard","5":"has-post-thumbnail","7":"category-lille","8":"tag-actu","9":"tag-actualites","10":"tag-agenda","11":"tag-eu","12":"tag-europe","13":"tag-fr","14":"tag-france","15":"tag-hauts-de-france","16":"tag-lille","17":"tag-mairie","18":"tag-news","19":"tag-republique-francaise"},"share_on_mastodon":{"url":"https:\/\/pubeurope.com\/@fr\/115462519033562232","error":""},"_links":{"self":[{"href":"https:\/\/www.europesays.com\/fr\/wp-json\/wp\/v2\/posts\/499677","targetHints":{"allow":["GET"]}}],"collection":[{"href":"https:\/\/www.europesays.com\/fr\/wp-json\/wp\/v2\/posts"}],"about":[{"href":"https:\/\/www.europesays.com\/fr\/wp-json\/wp\/v2\/types\/post"}],"author":[{"embeddable":true,"href":"https:\/\/www.europesays.com\/fr\/wp-json\/wp\/v2\/users\/2"}],"replies":[{"embeddable":true,"href":"https:\/\/www.europesays.com\/fr\/wp-json\/wp\/v2\/comments?post=499677"}],"version-history":[{"count":0,"href":"https:\/\/www.europesays.com\/fr\/wp-json\/wp\/v2\/posts\/499677\/revisions"}],"wp:featuredmedia":[{"embeddable":true,"href":"https:\/\/www.europesays.com\/fr\/wp-json\/wp\/v2\/media\/499678"}],"wp:attachment":[{"href":"https:\/\/www.europesays.com\/fr\/wp-json\/wp\/v2\/media?parent=499677"}],"wp:term":[{"taxonomy":"category","embeddable":true,"href":"https:\/\/www.europesays.com\/fr\/wp-json\/wp\/v2\/categories?post=499677"},{"taxonomy":"post_tag","embeddable":true,"href":"https:\/\/www.europesays.com\/fr\/wp-json\/wp\/v2\/tags?post=499677"}],"curies":[{"name":"wp","href":"https:\/\/api.w.org\/{rel}","templated":true}]}}