{"id":499681,"date":"2025-10-30T09:57:11","date_gmt":"2025-10-30T09:57:11","guid":{"rendered":"https:\/\/www.europesays.com\/fr\/499681\/"},"modified":"2025-10-30T09:57:11","modified_gmt":"2025-10-30T09:57:11","slug":"electrifier-les-quais-du-gpmm-en-passant-sous-le-vieux-port","status":"publish","type":"post","link":"https:\/\/www.europesays.com\/fr\/499681\/","title":{"rendered":"\u00e9lectrifier les quais du GPMM en passant\u2026 sous le Vieux-Port\u00a0!"},"content":{"rendered":"<p>\u00ab\u00a0Un bateau \u00e0 quai consomme entre 10 et 12\u00a0tonnes de k\u00e9ros\u00e8ne par jour\u00a0\u00bb, pose Jacques Nicoli, directeur Paca d\u2019Enedis, pour justifier encore une \u00e9lectrification d\u00e9but\u00e9e \u00ab\u00a0il y a une dizaine d\u2019ann\u00e9es\u00a0\u00bb, afin d\u2019<a href=\"https:\/\/www.laprovence.com\/article\/region\/5599187170745715\/pollution-de-l-air-la-mairie-de-marseille-va-investir-3-millions-deuros-pour-electrifier-les-quais\" target=\"_blank\" rel=\"noopener\">\u00e9viter les nuisances sonores et moins polluer<\/a>. Le dirigeant rappelle d\u2019ailleurs non sans fiert\u00e9 que \u00ab\u00a0la premi\u00e8re exp\u00e9rimentation de raccordement \u00e9lectrique d\u2019un navire \u00e0 quai a eu lieu \u00e0 Marseille en\u00a02018 avec un bateau de la M\u00e9ridionale\u00a0\u00bb\u00a0: \u00ab\u00a0Et regardez o\u00f9 l\u2019on en est aujourd\u2019hui\u00a0!\u00a0\u00bb<\/p>\n<p><a href=\"https:\/\/www.laprovence.com\/article\/economie\/894232533462714\/le-grand-port-maritime-de-marseille-affiche-une-belle-croissance\" target=\"_blank\" rel=\"noopener\">Le Grand port maritime de Marseille (GPMM)<\/a> recense huit postes de branchement et en comptera un de plus d\u2019ici la fin de l\u2019ann\u00e9e, selon Patrick Maddalone, directeur de la transformation au sein de l\u2019ex-Port autonome. \u00ab\u00a0Il y en aura quatre autres pour les bateaux de croisi\u00e8re d\u2019ici mars\u00a02026, trois sur la digue du large avant la fin\u00a02027 puis d\u2019autres pour la connexion des petits navires de croisi\u00e8re au J4 et on finira par la r\u00e9paration navale. Nous en aurons 30 d\u2019ici 2029\u00a0\u00bb, poursuit-il, alors que le branchement des bateaux sera obligatoire d\u00e8s\u00a02030.<\/p>\n<p>Sous le Vieux-Port, les c\u00e2bles<\/p>\n<p>Actuellement, 80\u00a0m\u00e9gawatts arrivent sur les quais, \u00e0 terme, 160 doivent \u00eatre disponibles. Pour accro\u00eetre la puissance, Enedis do&#8230;<\/p>\n","protected":false},"excerpt":{"rendered":"\u00ab\u00a0Un bateau \u00e0 quai consomme entre 10 et 12\u00a0tonnes de k\u00e9ros\u00e8ne par jour\u00a0\u00bb, pose Jacques Nicoli, directeur Paca&hellip;\n","protected":false},"author":2,"featured_media":499682,"comment_status":"","ping_status":"","sticky":false,"template":"","format":"standard","meta":{"footnotes":""},"categories":[2814],"tags":[17,1111,11,62214,62215,1777,674,1011,27,26239,151,884,12,27425,882,46694,16,25],"class_list":{"0":"post-499681","1":"post","2":"type-post","3":"status-publish","4":"format-standard","5":"has-post-thumbnail","7":"category-marseille","8":"tag-17","9":"tag-actu","10":"tag-actualites","11":"tag-denedis","12":"tag-electrifier","13":"tag-eu","14":"tag-europe","15":"tag-fr","16":"tag-france","17":"tag-gpmm","18":"tag-les","19":"tag-marseille","20":"tag-news","21":"tag-pari","22":"tag-provence-alpes-cote-dazur","23":"tag-quais","24":"tag-region","25":"tag-republique-francaise"},"share_on_mastodon":{"url":"https:\/\/pubeurope.com\/@fr\/115462527018545948","error":""},"_links":{"self":[{"href":"https:\/\/www.europesays.com\/fr\/wp-json\/wp\/v2\/posts\/499681","targetHints":{"allow":["GET"]}}],"collection":[{"href":"https:\/\/www.europesays.com\/fr\/wp-json\/wp\/v2\/posts"}],"about":[{"href":"https:\/\/www.europesays.com\/fr\/wp-json\/wp\/v2\/types\/post"}],"author":[{"embeddable":true,"href":"https:\/\/www.europesays.com\/fr\/wp-json\/wp\/v2\/users\/2"}],"replies":[{"embeddable":true,"href":"https:\/\/www.europesays.com\/fr\/wp-json\/wp\/v2\/comments?post=499681"}],"version-history":[{"count":0,"href":"https:\/\/www.europesays.com\/fr\/wp-json\/wp\/v2\/posts\/499681\/revisions"}],"wp:featuredmedia":[{"embeddable":true,"href":"https:\/\/www.europesays.com\/fr\/wp-json\/wp\/v2\/media\/499682"}],"wp:attachment":[{"href":"https:\/\/www.europesays.com\/fr\/wp-json\/wp\/v2\/media?parent=499681"}],"wp:term":[{"taxonomy":"category","embeddable":true,"href":"https:\/\/www.europesays.com\/fr\/wp-json\/wp\/v2\/categories?post=499681"},{"taxonomy":"post_tag","embeddable":true,"href":"https:\/\/www.europesays.com\/fr\/wp-json\/wp\/v2\/tags?post=499681"}],"curies":[{"name":"wp","href":"https:\/\/api.w.org\/{rel}","templated":true}]}}