{"id":499684,"date":"2025-10-30T09:59:11","date_gmt":"2025-10-30T09:59:11","guid":{"rendered":"https:\/\/www.europesays.com\/fr\/499684\/"},"modified":"2025-10-30T09:59:11","modified_gmt":"2025-10-30T09:59:11","slug":"un-avis-de-recherche-lance-apres-la-disparition-dune-femme-de-89-ans-depuis-une-semaine","status":"publish","type":"post","link":"https:\/\/www.europesays.com\/fr\/499684\/","title":{"rendered":"un avis de recherche lanc\u00e9 apr\u00e8s la disparition d\u2019une femme de 89 ans depuis une semaine"},"content":{"rendered":"<p>\n    Une octog\u00e9naire vivant \u00e0 V\u00e9nissieux et atteinte de la maladie d\u2019Alzheimer n\u2019a plus donn\u00e9 signe de vie depuis le 23 octobre dernier. La police nationale vient de diffuser un avis de recherche.<\/p>\n<p class=\"fig-paragraph\">Marie Raymonde Vincente y Garcia, une retrait\u00e9e \u00e2g\u00e9e de 89 ans vivant \u00e0 V\u00e9nissieux est port\u00e9e disparue depuis le 23 octobre dernier. Selon la police nationale du d\u00e9partement du Rh\u00f4ne, l\u2019octog\u00e9naire atteinte de la maladie d\u2019Alzheimer a quitt\u00e9 son domicile ce jour-l\u00e0 \u00e0 2 heures du matin sans plus donner signe de vie depuis. Une semaine apr\u00e8s sa disparition, les forces de l\u2019ordre ont publi\u00e9 un avis de recherche pour \u00abdisparition inqui\u00e9tante de personne majeure\u00bb.<\/p>\n<p class=\"fig-paragraph\">Selon la fiche diffus\u00e9e, Marie Raymonde Vincente y Garcia a les cheveux mi-longs, raides et de couleur ch\u00e2tain, les yeux marron, mesure 1,62\u00a0m et est de corpulence maigre. La nuit de sa disparition, elle portait un pantalon sombre, une veste matelass\u00e9e sombre et un sac cabas. D\u2019apr\u00e8s la police, au vu de l\u2019\u00e9tat de sa maladie, l\u2019octog\u00e9naire est susceptible d\u2019avoir une prononciation incoh\u00e9rente. Toute personne ayant des informations pouvant faire avancer l\u2019enqu\u00eate pour la retrouver est invit\u00e9e \u00e0 contacter le commissariat de V\u00e9nissieux au 04\u00a072\u00a090\u00a082\u00a045.<\/p>\n<p>    L\u2019avis de recherche diffus\u00e9 mercredi 29 octobre par la police nationale pour retrouver Marie Raymonde Vincente y Garcia.<br \/>\n                Police nationale 69<\/p>\n","protected":false},"excerpt":{"rendered":"Une octog\u00e9naire vivant \u00e0 V\u00e9nissieux et atteinte de la maladie d\u2019Alzheimer n\u2019a plus donn\u00e9 signe de vie depuis&hellip;\n","protected":false},"author":2,"featured_media":499685,"comment_status":"","ping_status":"","sticky":false,"template":"","format":"standard","meta":{"footnotes":""},"categories":[1889],"tags":[1111,11,4260,2430,1777,674,1011,27,2428,12,25],"class_list":{"0":"post-499684","1":"post","2":"type-post","3":"status-publish","4":"format-standard","5":"has-post-thumbnail","7":"category-lyon","8":"tag-actu","9":"tag-actualites","10":"tag-appel-a-temoins","11":"tag-auvergne-rhone-alpes","12":"tag-eu","13":"tag-europe","14":"tag-fr","15":"tag-france","16":"tag-lyon","17":"tag-news","18":"tag-republique-francaise"},"share_on_mastodon":{"url":"https:\/\/pubeurope.com\/@fr\/115462534774501113","error":""},"_links":{"self":[{"href":"https:\/\/www.europesays.com\/fr\/wp-json\/wp\/v2\/posts\/499684","targetHints":{"allow":["GET"]}}],"collection":[{"href":"https:\/\/www.europesays.com\/fr\/wp-json\/wp\/v2\/posts"}],"about":[{"href":"https:\/\/www.europesays.com\/fr\/wp-json\/wp\/v2\/types\/post"}],"author":[{"embeddable":true,"href":"https:\/\/www.europesays.com\/fr\/wp-json\/wp\/v2\/users\/2"}],"replies":[{"embeddable":true,"href":"https:\/\/www.europesays.com\/fr\/wp-json\/wp\/v2\/comments?post=499684"}],"version-history":[{"count":0,"href":"https:\/\/www.europesays.com\/fr\/wp-json\/wp\/v2\/posts\/499684\/revisions"}],"wp:featuredmedia":[{"embeddable":true,"href":"https:\/\/www.europesays.com\/fr\/wp-json\/wp\/v2\/media\/499685"}],"wp:attachment":[{"href":"https:\/\/www.europesays.com\/fr\/wp-json\/wp\/v2\/media?parent=499684"}],"wp:term":[{"taxonomy":"category","embeddable":true,"href":"https:\/\/www.europesays.com\/fr\/wp-json\/wp\/v2\/categories?post=499684"},{"taxonomy":"post_tag","embeddable":true,"href":"https:\/\/www.europesays.com\/fr\/wp-json\/wp\/v2\/tags?post=499684"}],"curies":[{"name":"wp","href":"https:\/\/api.w.org\/{rel}","templated":true}]}}