{"id":49969,"date":"2025-04-24T19:55:08","date_gmt":"2025-04-24T19:55:08","guid":{"rendered":"https:\/\/www.europesays.com\/fr\/49969\/"},"modified":"2025-04-24T19:55:08","modified_gmt":"2025-04-24T19:55:08","slug":"on-vous-raconte-lhistoire-de-ce-bebe-ne-deux-fois-a-cause-dune-operation-rarissime-sur-sa-mere-2","status":"publish","type":"post","link":"https:\/\/www.europesays.com\/fr\/49969\/","title":{"rendered":"On vous raconte l\u2019histoire de ce b\u00e9b\u00e9 \u00ab\u00a0n\u00e9 deux fois\u00a0\u00bb \u00e0 cause d\u2019une op\u00e9ration rarissime sur sa m\u00e8re"},"content":{"rendered":"<p>Une Britannique de 32 ans a donn\u00e9 naissance \u00e0 un <a href=\"https:\/\/www.20minutes.fr\/dossier\/bebe\" class=\"color-ultramarine c-link\" target=\"_blank\" rel=\"noopener\">b\u00e9b\u00e9 <\/a>en tr\u00e8s bonne sant\u00e9 en janvier dernier. Mais ce n\u2019\u00e9tait pas la premi\u00e8re fois que l\u2019<a href=\"https:\/\/www.20minutes.fr\/dossier\/enfant\" class=\"color-ultramarine c-link\" target=\"_blank\" rel=\"noopener\">enfant<\/a> quittait le ventre de sa m\u00e8re. En effet, la trentenaire a \u00e9t\u00e9 op\u00e9r\u00e9e \u00e0 vingt semaines de grossesse d\u2019un <a href=\"https:\/\/www.20minutes.fr\/dossier\/cancer\" class=\"color-ultramarine c-link\" target=\"_blank\" rel=\"noopener\">cancer <\/a>des ovaires, et les chirurgiens ont d\u00fb retirer son ut\u00e9rus le temps de l\u2019intervention, relate la <a href=\"https:\/\/www.bbc.com\/news\/articles\/cglx5gr998zo\" rel=\"nofollow noopener\" target=\"_blank\" class=\"color-ultramarine c-link\">BBC<\/a>.<\/p>\n<p>Le diagnostic \u00e9tait tomb\u00e9 d\u00e8s la douzi\u00e8me semaine\u00a0: \u00ab\u00a0L\u2019\u00e9chographiste nous a parl\u00e9 du b\u00e9b\u00e9, qui semblait en tr\u00e8s bonne sant\u00e9, puis elle est devenue tr\u00e8s silencieuse, se souvient Lucy.\u00a0elle a dit \u00ab\u00a0il y a quelque chose ici, c\u2019est sur votre ovaire et je pense que vous devriez\u00a0voir un sp\u00e9cialiste\u00a0\u00bb\u00a0\u00bb.<\/p>\n<p>Deux soignants tiennent l\u2019ut\u00e9rus dans leurs mains<\/p>\n<p>Les oncologues ont estim\u00e9 que si la Britannique menait sa <a href=\"https:\/\/www.20minutes.fr\/dossier\/grossesse\" class=\"color-ultramarine c-link\" target=\"_blank\" rel=\"noopener\">grossesse <\/a>\u00e0 son terme, elle prenait le risque que la maladie se propage. Une \u00e9quipe de quinze m\u00e9decins de l\u2019h\u00f4pital John Radcliffe d\u2019Oxford a donc men\u00e9 une op\u00e9ration de plusieurs heures, tr\u00e8s rare dans le monde.<\/p>\n<p>Durant l\u2019intervention, l\u2019ut\u00e9rus est rest\u00e9 connect\u00e9\u00a0\u00e0 l\u2019art\u00e8re ut\u00e9rine, afin d\u2019assurer\u00a0un apport en sang et en oxyg\u00e8ne au b\u00e9b\u00e9, explique la BBC. Deux soignants ont tenu l\u2019organe de la maman dans leurs mains durant toute la proc\u00e9dure. L\u2019ut\u00e9rus avait \u00e9t\u00e9 pr\u00e9alablement envelopp\u00e9 \u00ab\u00a0dans une compresse saline chaude et st\u00e9rile\u00a0\u00bb pour maintenir la bonne temp\u00e9rature et ne pas perturber le b\u00e9b\u00e9. Ce dernier a retrouv\u00e9 le ventre de sa m\u00e8re \u00e0 l\u2019issue de l\u2019<a href=\"https:\/\/www.20minutes.fr\/dossier\/chirurgie\" class=\"color-ultramarine c-link\" target=\"_blank\" rel=\"noopener\">op\u00e9ration<\/a>.<\/p>\n<p>Une prochaine op\u00e9ration<\/p>\n<p>Le petit gar\u00e7on, qui pesait 3\u00a0kg en sortant, a vu le jour quelques mois plus tard. \u00ab\u00a0Pour moi, l\u2019essentiel est qu\u2019il soit ici, qu\u2019il soit en bonne sant\u00e9\u00a0\u00bb, a d\u00e9clar\u00e9 Lucy. Cette derni\u00e8re sera de nouveau op\u00e9r\u00e9e dans quelques semaines. La jeune maman s\u2019est dite \u00ab\u00a0extr\u00eamement chanceuse\u00a0\u00bb d\u2019avoir \u00e9t\u00e9 diagnostiqu\u00e9e \u00e0 temps, alors qu\u2019elle ne pr\u00e9sentait aucun sympt\u00f4me.<\/p>\n<\/p>\n<p>Selon le centre de recherche\u00a0Cancer Research UK, le cancer de l\u2019ovaire touche 7.000 femmes chaque ann\u00e9e au <a href=\"https:\/\/www.20minutes.fr\/monde\/royaume-uni\/\" class=\"color-ultramarine c-link\" target=\"_blank\" rel=\"noopener\">Royaume-Uni<\/a>, et plus de 4.000 patientes en meurent.<\/p>\n","protected":false},"excerpt":{"rendered":"Une Britannique de 32 ans a donn\u00e9 naissance \u00e0 un b\u00e9b\u00e9 en tr\u00e8s bonne sant\u00e9 en janvier dernier.&hellip;\n","protected":false},"author":2,"featured_media":49970,"comment_status":"","ping_status":"","sticky":false,"template":"","format":"standard","meta":{"footnotes":""},"categories":[10],"tags":[47,3493,101,1011,27,196,72,473,71],"class_list":{"0":"post-49969","1":"post","2":"type-post","3":"status-publish","4":"format-standard","5":"has-post-thumbnail","7":"category-sante","8":"tag-actualite","9":"tag-bebe","10":"tag-cancer","11":"tag-fr","12":"tag-france","13":"tag-grossesse","14":"tag-health","15":"tag-royaume-uni","16":"tag-sante"},"share_on_mastodon":{"url":"https:\/\/pubeurope.com\/@fr\/114394701715447004","error":""},"_links":{"self":[{"href":"https:\/\/www.europesays.com\/fr\/wp-json\/wp\/v2\/posts\/49969","targetHints":{"allow":["GET"]}}],"collection":[{"href":"https:\/\/www.europesays.com\/fr\/wp-json\/wp\/v2\/posts"}],"about":[{"href":"https:\/\/www.europesays.com\/fr\/wp-json\/wp\/v2\/types\/post"}],"author":[{"embeddable":true,"href":"https:\/\/www.europesays.com\/fr\/wp-json\/wp\/v2\/users\/2"}],"replies":[{"embeddable":true,"href":"https:\/\/www.europesays.com\/fr\/wp-json\/wp\/v2\/comments?post=49969"}],"version-history":[{"count":0,"href":"https:\/\/www.europesays.com\/fr\/wp-json\/wp\/v2\/posts\/49969\/revisions"}],"wp:featuredmedia":[{"embeddable":true,"href":"https:\/\/www.europesays.com\/fr\/wp-json\/wp\/v2\/media\/49970"}],"wp:attachment":[{"href":"https:\/\/www.europesays.com\/fr\/wp-json\/wp\/v2\/media?parent=49969"}],"wp:term":[{"taxonomy":"category","embeddable":true,"href":"https:\/\/www.europesays.com\/fr\/wp-json\/wp\/v2\/categories?post=49969"},{"taxonomy":"post_tag","embeddable":true,"href":"https:\/\/www.europesays.com\/fr\/wp-json\/wp\/v2\/tags?post=49969"}],"curies":[{"name":"wp","href":"https:\/\/api.w.org\/{rel}","templated":true}]}}