{"id":499690,"date":"2025-10-30T10:03:10","date_gmt":"2025-10-30T10:03:10","guid":{"rendered":"https:\/\/www.europesays.com\/fr\/499690\/"},"modified":"2025-10-30T10:03:10","modified_gmt":"2025-10-30T10:03:10","slug":"son-concert-surprise-dhier-soir-a-paris-annule-par-la-prefecture","status":"publish","type":"post","link":"https:\/\/www.europesays.com\/fr\/499690\/","title":{"rendered":"son concert surprise d&rsquo;hier soir \u00e0 Paris annul\u00e9 par la Pr\u00e9fecture"},"content":{"rendered":"<p itemprop=\"description\"><strong>Ninho avait organis\u00e9 une dinguerie \u00e0 Paris &#8211; La Villette hier soir, mais la Pr\u00e9fecture en a d\u00e9cid\u00e9 autrement&#8230;<\/strong><\/p>\n<p>D\u00e9cid\u00e9ment, on dirait bien qu&rsquo;on <strong>n&rsquo;arrive plus \u00e0 organiser un \u00e9v\u00e8nement avec du monde en France sans mettre les forces de l&rsquo;ordre en panique<\/strong>, elles qui \u00ab\u00a0craignent des d\u00e9bordements\u00a0\u00bb et font donc annuler les events \u00e0 chaque fois&#8230; C&rsquo;est <strong>\u00e0 se demander \u00e0 quoi servent les imp\u00f4ts<\/strong> qu&rsquo;on paie. Il y a quelques semaines, c&rsquo;est <a href=\"https:\/\/generations.fr\/news\/coulisse\/80433\/l2b-prend-la-parole-apres-l-annulation-de-leur-concert-a-chatelet-et-l-emeute-qui-a-suivi-on-est-desoles\" target=\"_blank\" rel=\"noopener nofollow\">le concert de L2B \u00e0 Ch\u00e2telet<\/a> qui \u00e9tait annul\u00e9 et hier, c&rsquo;\u00e9tait <strong>au tour de Ninho de voir son concert surprise pr\u00e9vu \u00e0 Paris-La Villette annul\u00e9 par la Pr\u00e9fecture de police.<\/strong><\/p>\n<p>Car pendant toute la journ\u00e9e d&rsquo;hier, Ninho a <strong>teas\u00e9 un \u00e9trange \u00e9v\u00e8nement inconnu via ses r\u00e9seaux sociaux<\/strong>. Des images contenant des <strong>coordonn\u00e9es g\u00e9ographiques<\/strong> ont \u00e9t\u00e9 post\u00e9es, accompagn\u00e9es d&rsquo;une heure, le <strong>29 octobre \u00e0 16h<\/strong>, et ces coordonn\u00e9es vous emmenaient finalement au<strong> 27 Gal de la Villette<\/strong>. On pensait qu&rsquo;il pouvait s&rsquo;agir d&rsquo;une <strong>session COLORS en live<\/strong>, puisqu&rsquo;on savait que Ninnho devait appara\u00eetre dans le c\u00e9l\u00e8bre concept de la cha\u00eene berlinoise, mais il s&rsquo;agissait finalement d&rsquo;un <strong>concert, qui a \u00e9t\u00e9 annul\u00e9 par la Pr\u00e9fecture de Police. Tout \u00e7a dans le but de promouvoir son prochain projet \u00ab\u00a0MILS 4\u00a0\u00bb, tr\u00e8s attendu par les fans.<\/strong><\/p>\n<p>En story sur Instagram, on peut lire que <strong>\u00ab\u00a0suite \u00e0 plusieurs \u00e9changes avec la pr\u00e9fecture de police, il nous a \u00e9t\u00e9 d\u00e9conseill\u00e9 de maintenir l&rsquo;\u00e9v\u00e8nement\u00a0\u00bb<\/strong>. S&rsquo;il affirme que <strong>\u00ab\u00a0ce n&rsquo;est que partie remise la famille\u00a0\u00bb<\/strong>, on doute que la pr\u00e9fecture change de sa posture au sujet de ce genre d&rsquo;\u00e9v\u00e8nements gratuits et \u00ab\u00a0surprise\u00a0\u00bb : une ligne de conduite claire sur le sujet semble se dessiner depuis plusieurs ann\u00e9es maintenant, et c&rsquo;est bien dommage.<\/p>\n<p><strong>Car c&rsquo;est ce genre d&rsquo;\u00e9v\u00e8nement qui cr\u00e9e du lien entre l&rsquo;artiste et son public<\/strong>, avec un c\u00f4t\u00e9 spontan\u00e9 qui rappelle les premi\u00e8res heures du rap. Malheureusement, on dirait bien que tout \u00e7a, c&rsquo;est de l&rsquo;histoire ancienne&#8230;.<\/p>\n","protected":false},"excerpt":{"rendered":"Ninho avait organis\u00e9 une dinguerie \u00e0 Paris &#8211; La Villette hier soir, mais la Pr\u00e9fecture en a d\u00e9cid\u00e9&hellip;\n","protected":false},"author":2,"featured_media":499691,"comment_status":"","ping_status":"","sticky":false,"template":"","format":"standard","meta":{"footnotes":""},"categories":[1888],"tags":[3627,3628,3626,3632,3631,3630,3629,1111,1928,11,1927,3649,3634,3647,3663,3625,3623,3646,2163,3648,3645,1777,674,3660,1011,27,3612,3620,3606,3607,3605,3608,3665,3657,3622,3613,3617,3615,3609,3614,3659,3654,3643,3653,3650,3641,3636,3642,3638,3651,3635,1361,873,12,1926,3624,626,1925,3639,2189,3658,1825,3618,3616,3661,3656,3619,25,3621,3662,3640,3664,3633,3644,3611,3610,3637,1863,2955,3655,3652],"class_list":{"0":"post-499690","1":"post","2":"type-post","3":"status-publish","4":"format-standard","5":"has-post-thumbnail","7":"category-paris","8":"tag-3627","9":"tag-3628","10":"tag-3626","11":"tag-3632","12":"tag-3631","13":"tag-3630","14":"tag-3629","15":"tag-actu","16":"tag-actu-paris","17":"tag-actualites","18":"tag-actualites-paris","19":"tag-al-peco","20":"tag-alibi","21":"tag-alpeco","22":"tag-b2o","23":"tag-banlieue","24":"tag-black","25":"tag-booba","26":"tag-chroniques","27":"tag-despo","28":"tag-diams","29":"tag-eu","30":"tag-europe","31":"tag-exclus","32":"tag-fr","33":"tag-france","34":"tag-freestyles","35":"tag-funk","36":"tag-generation","37":"tag-generation88-2","38":"tag-generations","39":"tag-generations88-2","40":"tag-generationslive","41":"tag-genratio","42":"tag-grime","43":"tag-hip","44":"tag-hip-hop","45":"tag-hiphop","46":"tag-hiphopsoul","47":"tag-hop","48":"tag-hotlist","49":"tag-james","50":"tag-k1fry","51":"tag-kerry","52":"tag-larsen","53":"tag-lim","54":"tag-lskadrille","55":"tag-mafia","56":"tag-mctyer","57":"tag-medine","58":"tag-montana","59":"tag-music","60":"tag-musique","61":"tag-news","62":"tag-news-paris","63":"tag-noir","64":"tag-paris","65":"tag-paris-news","66":"tag-parishiphop","67":"tag-photos","68":"tag-playlist","69":"tag-radio","70":"tag-ragga","71":"tag-rap","72":"tag-rap-francais","73":"tag-rapfr","74":"tag-reggae","75":"tag-republique-francaise","76":"tag-rnb","77":"tag-roh2f","78":"tag-rue","79":"tag-ruskov-molotov","80":"tag-sefyu","81":"tag-sinik","82":"tag-sons","83":"tag-soul","84":"tag-tandem","85":"tag-us","86":"tag-videos","87":"tag-webradio","88":"tag-youssoupha"},"share_on_mastodon":{"url":"","error":"Validation failed: Text character limit of 500 exceeded"},"_links":{"self":[{"href":"https:\/\/www.europesays.com\/fr\/wp-json\/wp\/v2\/posts\/499690","targetHints":{"allow":["GET"]}}],"collection":[{"href":"https:\/\/www.europesays.com\/fr\/wp-json\/wp\/v2\/posts"}],"about":[{"href":"https:\/\/www.europesays.com\/fr\/wp-json\/wp\/v2\/types\/post"}],"author":[{"embeddable":true,"href":"https:\/\/www.europesays.com\/fr\/wp-json\/wp\/v2\/users\/2"}],"replies":[{"embeddable":true,"href":"https:\/\/www.europesays.com\/fr\/wp-json\/wp\/v2\/comments?post=499690"}],"version-history":[{"count":0,"href":"https:\/\/www.europesays.com\/fr\/wp-json\/wp\/v2\/posts\/499690\/revisions"}],"wp:featuredmedia":[{"embeddable":true,"href":"https:\/\/www.europesays.com\/fr\/wp-json\/wp\/v2\/media\/499691"}],"wp:attachment":[{"href":"https:\/\/www.europesays.com\/fr\/wp-json\/wp\/v2\/media?parent=499690"}],"wp:term":[{"taxonomy":"category","embeddable":true,"href":"https:\/\/www.europesays.com\/fr\/wp-json\/wp\/v2\/categories?post=499690"},{"taxonomy":"post_tag","embeddable":true,"href":"https:\/\/www.europesays.com\/fr\/wp-json\/wp\/v2\/tags?post=499690"}],"curies":[{"name":"wp","href":"https:\/\/api.w.org\/{rel}","templated":true}]}}