{"id":499702,"date":"2025-10-30T10:09:15","date_gmt":"2025-10-30T10:09:15","guid":{"rendered":"https:\/\/www.europesays.com\/fr\/499702\/"},"modified":"2025-10-30T10:09:15","modified_gmt":"2025-10-30T10:09:15","slug":"le-volume-des-echanges-commerciaux-entre-le-vietnam-et-le-royaume-uni-devrait-bientot-atteindre-lobjectif-de-15-milliards-de-dollars-americains","status":"publish","type":"post","link":"https:\/\/www.europesays.com\/fr\/499702\/","title":{"rendered":"Le volume des \u00e9changes commerciaux entre le Vietnam et le Royaume-Uni devrait bient\u00f4t atteindre l&rsquo;objectif de 15 milliards de dollars am\u00e9ricains."},"content":{"rendered":"<p class=\"PlaygroundEditorTheme__paragraph\" style=\"text-align: start;\"><img decoding=\"async\" src=\"https:\/\/www.europesays.com\/fr\/wp-content\/uploads\/2025\/10\/Pho-Thu-Tuong.jpg\" alt=\"Le volume des \u00e9changes commerciaux entre le Vietnam et le Royaume-Uni devrait bient\u00f4t atteindre l'objectif de 15 milliards de dollars am\u00e9ricains.\" width=\"inherit\" height=\"inherit\"\/><\/p>\n<p class=\"PlaygroundEditorTheme__paragraph\" dir=\"ltr\" style=\"text-align: start;\"> Secr\u00e9taire g\u00e9n\u00e9ral <a class=\"data-link\" data-org-href=\"https:\/\/www.vietnam.vn\/tag\/to-lam\" href=\"https:\/\/www.vietnam.vn\/tag\/to-lam\" title=\"\u00c0 Lam\" target=\"_blank\" rel=\"nofollow noopener\">To Lam<\/a> et vice-Premier ministre britannique David Lammy. Photo : VNA<\/p>\n<p class=\"PlaygroundEditorTheme__paragraph\" dir=\"ltr\" style=\"text-align: start;\"> Le 29 octobre (heure locale), \u00e0 \u200b\u200bLondres, au Royaume-Uni, <a class=\"data-link\" data-org-href=\"https:\/\/www.vietnam.vn\/tag\/tong-bi-thu\" href=\"https:\/\/www.vietnam.vn\/tag\/tong-bi-thu\" title=\"Secr\u00e9taire g\u00e9n\u00e9ral\" target=\"_blank\" rel=\"nofollow noopener\">le secr\u00e9taire g\u00e9n\u00e9ral<\/a> To Lam a rencontr\u00e9 le vice-Premier ministre britannique David Lammy.<\/p>\n<p class=\"PlaygroundEditorTheme__paragraph\" dir=\"ltr\" style=\"text-align: start;\"> Lors de la r\u00e9union, le secr\u00e9taire g\u00e9n\u00e9ral To Lam a f\u00e9licit\u00e9 M. David Lammy pour sa nomination au poste de vice <a class=\"data-link\" data-org-href=\"https:\/\/www.vietnam.vn\/tag\/thu-tuong\" href=\"https:\/\/www.vietnam.vn\/tag\/thu-tuong\" title=\"Premier ministre\" target=\"_blank\" rel=\"nofollow noopener\">-Premier ministre<\/a> du Royaume-Uni et a exprim\u00e9 sa gratitude au vice-Premier ministre pour l&rsquo;attention et le d\u00e9veloppement constants des relations avec le Vietnam.<\/p>\n<p class=\"PlaygroundEditorTheme__paragraph\" dir=\"ltr\" style=\"text-align: start;\"> Le secr\u00e9taire g\u00e9n\u00e9ral a annonc\u00e9 avoir tenu des entretiens et des r\u00e9unions avec le Premier ministre britannique et les dirigeants du Parlement britannique afin de discuter des principales orientations et mesures \u00e0 prendre pour promouvoir un d\u00e9veloppement plus complet et plus solide des relations bilat\u00e9rales par tous les canaux du Parti, de l&rsquo;\u00c9tat, du gouvernement, de l&rsquo;Assembl\u00e9e nationale et du peuple.<\/p>\n<p class=\"PlaygroundEditorTheme__paragraph\" dir=\"ltr\" style=\"text-align: start;\"> Le secr\u00e9taire g\u00e9n\u00e9ral To Lam a indiqu\u00e9 que le vice-Premier ministre David Lammy \u00e9tait le premier dirigeant britannique qu&rsquo;il rencontrait depuis que les deux pays ont officiellement \u00e9lev\u00e9 leurs relations au rang de partenariat strat\u00e9gique global. Il a sugg\u00e9r\u00e9 qu&rsquo;imm\u00e9diatement apr\u00e8s cette visite, les deux gouvernements \u00e9laborent un plan d&rsquo;action, consolident rapidement les m\u00e9canismes de coop\u00e9ration existants et \u00e9tablissent les nouveaux m\u00e9canismes n\u00e9cessaires pour promouvoir la coop\u00e9ration, renforcer la confiance politique, porter rapidement le volume des \u00e9changes commerciaux entre les deux pays \u00e0 l&rsquo;objectif de 15 milliards de dollars am\u00e9ricains, et rechercher et mettre en \u0153uvre un certain nombre de projets phares, caract\u00e9ristiques d&rsquo;une bonne relation bilat\u00e9rale.<\/p>\n<p class=\"PlaygroundEditorTheme__paragraph\" dir=\"ltr\" style=\"text-align: start;\"> Le vice-Premier ministre David Lammy a soulign\u00e9 que l&rsquo;\u00e9l\u00e9vation des relations entre les deux pays au rang de partenariat strat\u00e9gique global constitue un moment historique et affirme que les deux nations entretiennent une longue tradition d&rsquo;amiti\u00e9 et disposent d&rsquo;un grand potentiel pour continuer \u00e0 d\u00e9velopper des relations plus \u00e9troites.<\/p>\n<p class=\"PlaygroundEditorTheme__paragraph\" dir=\"ltr\" style=\"text-align: start;\"> Le vice-Premier ministre britannique esp\u00e8re que les deux parties privil\u00e9gieront la coop\u00e9ration dans les prochains mois dans les domaines de l&rsquo;\u00e9conomie et du commerce, de la d\u00e9fense et de la s\u00e9curit\u00e9, de l&rsquo;\u00e9nergie, de l&rsquo;innovation, de l&rsquo;aviation, ainsi que de la s\u00e9curit\u00e9 maritime. Le vice-Premier ministre David Lammy a r\u00e9affirm\u00e9 son soutien \u00e0 la cr\u00e9ation de conditions favorables \u00e0 la d\u00e9livrance de visas aux travailleurs hautement qualifi\u00e9s.<\/p>\n<p class=\"PlaygroundEditorTheme__paragraph\" dir=\"ltr\" style=\"text-align: start;\"> Le secr\u00e9taire g\u00e9n\u00e9ral To Lam esp\u00e8re que les dirigeants du gouvernement britannique se rendront prochainement au Vietnam afin de renforcer les \u00e9changes et de promouvoir la coop\u00e9ration. Il a invit\u00e9 le vice-Premier ministre \u00e0 effectuer une visite au Vietnam dans un avenir proche. Le vice-Premier ministre David Lammy a accept\u00e9 avec enthousiasme cette invitation.<\/p>\n<p class=\"PlaygroundEditorTheme__paragraph\" dir=\"ltr\" style=\"text-align: start;\"> Avant la r\u00e9union, le secr\u00e9taire g\u00e9n\u00e9ral To Lam et le vice-Premier ministre ont rencontr\u00e9 les dirigeants du R\u00e9seau d&rsquo;amiti\u00e9 Vietnam-Royaume-Uni, pr\u00e9sid\u00e9 par M. Mark Kent, ancien ambassadeur britannique au Vietnam.<\/p>\n<p class=\"PlaygroundEditorTheme__paragraph\" dir=\"ltr\" style=\"text-align: start;\"> Le R\u00e9seau d&rsquo;amiti\u00e9 Vietnam-Royaume-Uni, cr\u00e9\u00e9 en 2013, est un groupe d&rsquo;organisations et de personnes au Royaume-Uni int\u00e9ress\u00e9es par le Vietnam, visant \u00e0 promouvoir la coop\u00e9ration entre les deux pays dans de nombreux domaines, notamment le commerce, l&rsquo;\u00e9ducation, les \u00e9changes, la culture, etc., contribuant ainsi \u00e0 renforcer la compr\u00e9hension et l&rsquo;amiti\u00e9 entre les peuples, les agences et les organisations des deux pays.<\/p>\n<p class=\"PlaygroundEditorTheme__paragraph\" dir=\"ltr\" style=\"text-align: start;\"> Laodong.vn<\/p>\n<p class=\"PlaygroundEditorTheme__paragraph\" dir=\"ltr\" style=\"text-align: start;\"> Source : https:\/\/laodong.vn\/thoi-su\/som-dua-kim-ngach-thuong-mai-viet-nam-anh-dat-muc-tieu-15-ti-usd-1600842.ldo<\/p>\n","protected":false},"excerpt":{"rendered":"Secr\u00e9taire g\u00e9n\u00e9ral To Lam et vice-Premier ministre britannique David Lammy. Photo : VNA Le 29 octobre (heure locale),&hellip;\n","protected":false},"author":2,"featured_media":499703,"comment_status":"","ping_status":"","sticky":false,"template":"","format":"standard","meta":{"footnotes":""},"categories":[1588],"tags":[11,1777,674,61374,12,473,1853,1851,1850,1852,951],"class_list":{"0":"post-499702","1":"post","2":"type-post","3":"status-publish","4":"format-standard","5":"has-post-thumbnail","7":"category-royaume-uni","8":"tag-actualites","9":"tag-eu","10":"tag-europe","11":"tag-frere-aine","12":"tag-news","13":"tag-royaume-uni","14":"tag-royaume-uni-de-grande-bretagne-et-dirlande-du-nord","15":"tag-uk","16":"tag-united-kingdom","17":"tag-united-kingdom-of-great-britain-and-northern-ireland","18":"tag-vietnam"},"share_on_mastodon":{"url":"https:\/\/pubeurope.com\/@fr\/115462574767915322","error":""},"_links":{"self":[{"href":"https:\/\/www.europesays.com\/fr\/wp-json\/wp\/v2\/posts\/499702","targetHints":{"allow":["GET"]}}],"collection":[{"href":"https:\/\/www.europesays.com\/fr\/wp-json\/wp\/v2\/posts"}],"about":[{"href":"https:\/\/www.europesays.com\/fr\/wp-json\/wp\/v2\/types\/post"}],"author":[{"embeddable":true,"href":"https:\/\/www.europesays.com\/fr\/wp-json\/wp\/v2\/users\/2"}],"replies":[{"embeddable":true,"href":"https:\/\/www.europesays.com\/fr\/wp-json\/wp\/v2\/comments?post=499702"}],"version-history":[{"count":0,"href":"https:\/\/www.europesays.com\/fr\/wp-json\/wp\/v2\/posts\/499702\/revisions"}],"wp:featuredmedia":[{"embeddable":true,"href":"https:\/\/www.europesays.com\/fr\/wp-json\/wp\/v2\/media\/499703"}],"wp:attachment":[{"href":"https:\/\/www.europesays.com\/fr\/wp-json\/wp\/v2\/media?parent=499702"}],"wp:term":[{"taxonomy":"category","embeddable":true,"href":"https:\/\/www.europesays.com\/fr\/wp-json\/wp\/v2\/categories?post=499702"},{"taxonomy":"post_tag","embeddable":true,"href":"https:\/\/www.europesays.com\/fr\/wp-json\/wp\/v2\/tags?post=499702"}],"curies":[{"name":"wp","href":"https:\/\/api.w.org\/{rel}","templated":true}]}}