{"id":499704,"date":"2025-10-30T10:10:12","date_gmt":"2025-10-30T10:10:12","guid":{"rendered":"https:\/\/www.europesays.com\/fr\/499704\/"},"modified":"2025-10-30T10:10:12","modified_gmt":"2025-10-30T10:10:12","slug":"allemagne-le-pib-stagne-au-t3-avec-la-baisse-des-exportations-30-10-2025-a-1059","status":"publish","type":"post","link":"https:\/\/www.europesays.com\/fr\/499704\/","title":{"rendered":"Allemagne-Le PIB stagne au T3 avec la baisse des exportations &#8211; 30\/10\/2025 \u00e0 10:59"},"content":{"rendered":"<p>\n (Actualis\u00e9 avec d\u00e9tails, ch\u00f4mage)\n<\/p>\n<p>\n Le produit int\u00e9rieur brut<br \/>\n(PIB) de l&rsquo;Allemagne a stagn\u00e9 au troisi\u00e8me trimestre par rapport<br \/>\nau trimestre pr\u00e9c\u00e9dent, soulignant les difficult\u00e9s rencontr\u00e9es<br \/>\npar la premi\u00e8re \u00e9conomie europ\u00e9enne pour retrouver son \u00e9lan dans<br \/>\nun contexte de baisse des exportations.\n<\/p>\n<p>\n Cette stagnation est conforme aux pr\u00e9visions, selon les<br \/>\ndonn\u00e9es pr\u00e9liminaires publi\u00e9es jeudi par l&rsquo;office des<br \/>\nstatistiques, apr\u00e8s une contraction de 0,3% de l&rsquo;\u00e9conomie au<br \/>\ntrimestre pr\u00e9c\u00e9dent, la faiblesse de la demande mondiale et les<br \/>\ndroits de douane am\u00e9ricains ayant pes\u00e9 sur les exportations.\n<\/p>\n<p>\n Dans le m\u00eame temps, le nombre de ch\u00f4meurs en Allemagne a<br \/>\nl\u00e9g\u00e8rement diminu\u00e9 en octobre, de mani\u00e8re inattendue, selon les<br \/>\nchiffres\n<\/p>\n<p>\n publi\u00e9s jeudi\n<\/p>\n<p>\n par l&rsquo;agence pour l&#8217;emploi.\n<\/p>\n<p>\n La directrice de l&rsquo;agence pour l&#8217;emploi, Andrea Nahles,<br \/>\na toutefois mis en garde contre un optimisme excessif, affirmant<br \/>\nque la croissance de l&#8217;emploi restait faible. \u00ab\u00a0Dans l&rsquo;ensemble,<br \/>\nla reprise automnale a \u00e9t\u00e9 jusqu&rsquo;\u00e0 pr\u00e9sent timide\u00a0\u00bb, a-t-elle<br \/>\nd\u00e9clar\u00e9 dans un communiqu\u00e9.\n<\/p>\n<p>\n (R\u00e9dig\u00e9 par Kirsti Knolle, Mara V\u00eelcu pour la version<br \/>\nfran\u00e7aise, \u00e9dit\u00e9 par Kate Entringer)<\/p>\n","protected":false},"excerpt":{"rendered":"(Actualis\u00e9 avec d\u00e9tails, ch\u00f4mage) Le produit int\u00e9rieur brut (PIB) de l&rsquo;Allemagne a stagn\u00e9 au troisi\u00e8me trimestre par rapport&hellip;\n","protected":false},"author":2,"featured_media":15273,"comment_status":"","ping_status":"","sticky":false,"template":"","format":"standard","meta":{"footnotes":""},"categories":[1587],"tags":[400,11,672,398,408,1804,405,1805,1803,1777,674,1801,403,402,399,404,12,1802,401,406,407],"class_list":{"0":"post-499704","1":"post","2":"type-post","3":"status-publish","4":"format-standard","5":"has-post-thumbnail","7":"category-allemagne","8":"tag-action-cac-40","9":"tag-actualites","10":"tag-allemagne","11":"tag-bourse-de-paris","12":"tag-boursorama","13":"tag-bundesrepublik-deutschland","14":"tag-cotations","15":"tag-de","16":"tag-deutschland","17":"tag-eu","18":"tag-europe","19":"tag-germany","20":"tag-indices-devises","21":"tag-investir","22":"tag-investissement","23":"tag-marche-boursier","24":"tag-news","25":"tag-republique-federale-dallemagne","26":"tag-sicav","27":"tag-trackers","28":"tag-warrants"},"share_on_mastodon":{"url":"https:\/\/pubeurope.com\/@fr\/115462578180083913","error":""},"_links":{"self":[{"href":"https:\/\/www.europesays.com\/fr\/wp-json\/wp\/v2\/posts\/499704","targetHints":{"allow":["GET"]}}],"collection":[{"href":"https:\/\/www.europesays.com\/fr\/wp-json\/wp\/v2\/posts"}],"about":[{"href":"https:\/\/www.europesays.com\/fr\/wp-json\/wp\/v2\/types\/post"}],"author":[{"embeddable":true,"href":"https:\/\/www.europesays.com\/fr\/wp-json\/wp\/v2\/users\/2"}],"replies":[{"embeddable":true,"href":"https:\/\/www.europesays.com\/fr\/wp-json\/wp\/v2\/comments?post=499704"}],"version-history":[{"count":0,"href":"https:\/\/www.europesays.com\/fr\/wp-json\/wp\/v2\/posts\/499704\/revisions"}],"wp:featuredmedia":[{"embeddable":true,"href":"https:\/\/www.europesays.com\/fr\/wp-json\/wp\/v2\/media\/15273"}],"wp:attachment":[{"href":"https:\/\/www.europesays.com\/fr\/wp-json\/wp\/v2\/media?parent=499704"}],"wp:term":[{"taxonomy":"category","embeddable":true,"href":"https:\/\/www.europesays.com\/fr\/wp-json\/wp\/v2\/categories?post=499704"},{"taxonomy":"post_tag","embeddable":true,"href":"https:\/\/www.europesays.com\/fr\/wp-json\/wp\/v2\/tags?post=499704"}],"curies":[{"name":"wp","href":"https:\/\/api.w.org\/{rel}","templated":true}]}}