{"id":499707,"date":"2025-10-30T10:12:14","date_gmt":"2025-10-30T10:12:14","guid":{"rendered":"https:\/\/www.europesays.com\/fr\/499707\/"},"modified":"2025-10-30T10:12:14","modified_gmt":"2025-10-30T10:12:14","slug":"aux-prises-avec-le-dma-apple-renforce-encore-son-lobbying-aupres-de-lunion-europeenne","status":"publish","type":"post","link":"https:\/\/www.europesays.com\/fr\/499707\/","title":{"rendered":"Aux prises avec le DMA, Apple renforce encore son lobbying aupr\u00e8s de l\u2019Union europ\u00e9enne"},"content":{"rendered":"<p>Les grandes entreprises de la tech d\u00e9pensent plus que jamais pour faire d\u00e9fendre leurs int\u00e9r\u00eats au sein des instances europ\u00e9ennes. Les 733 groupes du num\u00e9rique enregistr\u00e9s \u00e0 Bruxelles ont d\u00e9pens\u00e9 151 millions d\u2019euros en lobbying sur un an, contre 113 millions il y a deux ans, d\u2019apr\u00e8s des donn\u00e9es officielles compil\u00e9es par les ONG <a rel=\"nofollow noopener\" href=\"https:\/\/corporateeurope.org\/en\/2025\/10\/big-tech-lobby-budgets-hit-record-levels\" target=\"_blank\">Corporate Europe Observatory<\/a> et LobbyControl.<\/p>\n<p><img decoding=\"async\" loading=\"lazy\" src=\"https:\/\/www.europesays.com\/fr\/wp-content\/uploads\/2025\/10\/mg-26601167-w4000-w828-w2600-w1300.jpg\"   data-jslghtbx=\"https:\/\/cdn.mgig.fr\/2025\/10\/mg-26601167-w4000.jpg\"\/>Tim Cook en visite \u00e0 la Commission europ\u00e9enne en 2023. Image Union europ\u00e9enne.<\/p>\n<p>\u00c0 elles seules, les dix entreprises du num\u00e9rique qui d\u00e9pensent le plus ont d\u00e9bours\u00e9 davantage que les dix premi\u00e8res des secteurs pharmaceutique, financier et automobile r\u00e9unis. En t\u00eate, Meta, qui consacre plus de 10 millions d\u2019euros \u00e0 ses activit\u00e9s de repr\u00e9sentation aupr\u00e8s des institutions europ\u00e9ennes. Apple est en deuxi\u00e8me position, \u00e0 \u00e9galit\u00e9 avec Microsoft et Amazon, avec un budget annuel compris entre 7 et 8 millions d\u2019euros.<\/p>\n<p>D\u2019apr\u00e8s les <a rel=\"nofollow noopener\" href=\"https:\/\/transparency-register.europa.eu\/search-register-or-update\/organisation-detail_en?id=588327811384-96\" target=\"_blank\">derni\u00e8res infos communiqu\u00e9es<\/a> au printemps, Apple compte 29 personnes impliqu\u00e9es dans le lobbying, soit 9,1 \u00e9quivalents temps plein, contre 7,4 il y a deux ans. Au cours du premier semestre, ses repr\u00e9sentants ont particip\u00e9 \u00e0 29 r\u00e9unions officielles avec la Commission europ\u00e9enne et 47 avec des membres du Parlement europ\u00e9en. La liste de ces rendez-vous (<a rel=\"nofollow noopener\" href=\"https:\/\/ec.europa.eu\/transparencyregister\/public\/meetings\/588327811384-96\/pdf\" target=\"_blank\">accessible ici<\/a>), mentionne des \u00e9changes sur les politiques environnementales, les services de paiement, la sant\u00e9, la comp\u00e9titivit\u00e9\u2026 et bien s\u00fbr le DMA, la <a href=\"https:\/\/www.macg.co\/aapl\/2025\/09\/dma-pourquoi-les-iphone-et-airpods-sont-brides-en-europe-selon-apple-303933\" rel=\"nofollow noopener\" target=\"_blank\">b\u00eate noire de Cupertino<\/a>.<\/p>\n<p>L\u2019entreprise ne cesse en effet de d\u00e9noncer ce texte qui l\u2019oblige \u00e0 ouvrir iOS et l\u2019iPhone \u00e0 la concurrence. Derni\u00e8rement, Apple <a href=\"https:\/\/www.macg.co\/aapl\/2025\/10\/dma-apple-attaque-la-commission-europeenne-en-justice-304495\" rel=\"nofollow noopener\" target=\"_blank\">a saisi la Cour de justice de l\u2019Union europ\u00e9enne<\/a> pour tenter d\u2019en contester la l\u00e9galit\u00e9.<\/p>\n<p><a href=\"https:\/\/www.macg.co\/aapl\/2025\/09\/la-commission-europeenne-repond-apple-et-ne-lache-rien-303957\" class=\"related-article macg\" rel=\"nofollow noopener\" target=\"_blank\"> <img decoding=\"async\" src=\"https:\/\/www.europesays.com\/fr\/wp-content\/uploads\/2025\/10\/mga-12632b2e-w375-w1500-w750_accroche.jpg\" alt=\"DMA : la Commission europ\u00e9enne r\u00e9pond \u00e0 Apple, et ne l\u00e2che rien\"\/> <\/p>\n<p class=\"\">DMA : la Commission europ\u00e9enne r\u00e9pond \u00e0 Apple, et ne l\u00e2che rien<\/p>\n<p><\/a><\/p>\n","protected":false},"excerpt":{"rendered":"Les grandes entreprises de la tech d\u00e9pensent plus que jamais pour faire d\u00e9fendre leurs int\u00e9r\u00eats au sein des&hellip;\n","protected":false},"author":2,"featured_media":499708,"comment_status":"","ping_status":"","sticky":false,"template":"","format":"standard","meta":{"footnotes":""},"categories":[1586],"tags":[11,2360,2196,6061,47480,1777,674,1779,1011,27,62216,12,25,1778,364],"class_list":{"0":"post-499707","1":"post","2":"type-post","3":"status-publish","4":"format-standard","5":"has-post-thumbnail","7":"category-europe","8":"tag-actualites","9":"tag-bruxelles","10":"tag-commission-europeenne","11":"tag-dma","12":"tag-dsa","13":"tag-eu","14":"tag-europe","15":"tag-european-union","16":"tag-fr","17":"tag-france","18":"tag-lobbying-apple","19":"tag-news","20":"tag-republique-francaise","21":"tag-ue","22":"tag-union-europeenne"},"share_on_mastodon":{"url":"https:\/\/pubeurope.com\/@fr\/115462586207548995","error":""},"_links":{"self":[{"href":"https:\/\/www.europesays.com\/fr\/wp-json\/wp\/v2\/posts\/499707","targetHints":{"allow":["GET"]}}],"collection":[{"href":"https:\/\/www.europesays.com\/fr\/wp-json\/wp\/v2\/posts"}],"about":[{"href":"https:\/\/www.europesays.com\/fr\/wp-json\/wp\/v2\/types\/post"}],"author":[{"embeddable":true,"href":"https:\/\/www.europesays.com\/fr\/wp-json\/wp\/v2\/users\/2"}],"replies":[{"embeddable":true,"href":"https:\/\/www.europesays.com\/fr\/wp-json\/wp\/v2\/comments?post=499707"}],"version-history":[{"count":0,"href":"https:\/\/www.europesays.com\/fr\/wp-json\/wp\/v2\/posts\/499707\/revisions"}],"wp:featuredmedia":[{"embeddable":true,"href":"https:\/\/www.europesays.com\/fr\/wp-json\/wp\/v2\/media\/499708"}],"wp:attachment":[{"href":"https:\/\/www.europesays.com\/fr\/wp-json\/wp\/v2\/media?parent=499707"}],"wp:term":[{"taxonomy":"category","embeddable":true,"href":"https:\/\/www.europesays.com\/fr\/wp-json\/wp\/v2\/categories?post=499707"},{"taxonomy":"post_tag","embeddable":true,"href":"https:\/\/www.europesays.com\/fr\/wp-json\/wp\/v2\/tags?post=499707"}],"curies":[{"name":"wp","href":"https:\/\/api.w.org\/{rel}","templated":true}]}}