{"id":499734,"date":"2025-10-30T10:31:10","date_gmt":"2025-10-30T10:31:10","guid":{"rendered":"https:\/\/www.europesays.com\/fr\/499734\/"},"modified":"2025-10-30T10:31:10","modified_gmt":"2025-10-30T10:31:10","slug":"grippe-les-deputes-approuvent-la-vaccination-obligatoire-pour-les-residents-dehpad-et-les-soignants","status":"publish","type":"post","link":"https:\/\/www.europesays.com\/fr\/499734\/","title":{"rendered":"Grippe : les d\u00e9put\u00e9s approuvent la vaccination obligatoire pour les r\u00e9sidents d&rsquo;Ehpad et les soignants"},"content":{"rendered":"<p>\n                                                                La mesure serait conditionn\u00e9e \u00e0 une recommandation de la Haute Autorit\u00e9 de sant\u00e9 (HAS).\u00a0\n                            <\/p>\n<p>Les d\u00e9put\u00e9s ont adopt\u00e9 mercredi en commission des Affaires sociales la cr\u00e9ation d&rsquo;une base l\u00e9gale \u00e0 une obligation de vaccination contre la grippe pour les r\u00e9sidents d&rsquo;Ehpad et certains professionnels de sant\u00e9.<\/p>\n<p>Cette mesure fait partie du projet de budget de la S\u00e9curit\u00e9 sociale pour 2026.\u00a0Le vote des d\u00e9put\u00e9s devra \u00eatre renouvel\u00e9 dans l&rsquo;h\u00e9micycle, o\u00f9 ils plancheront de nouveau sur le texte initial du gouvernement, comme c&rsquo;est la r\u00e8gle pour les textes budg\u00e9taires.<\/p>\n<p>La mesure pr\u00e9voit que \u00ab\u00a0sous r\u00e9serve d&rsquo;une recommandation\u00a0\u00bb de la Haute Autorit\u00e9 de sant\u00e9 (HAS), la vaccination contre la grippe soit obligatoire pour les personnes r\u00e9sidant en Ehpad \u00ab\u00a0pendant la p\u00e9riode \u00e9pid\u00e9mique\u00a0\u00bb.\u00a0La m\u00eame obligation conditionn\u00e9e \u00e0 une recommandation de la HAS est \u00e9galement pr\u00e9vue pour \u00ab\u00a0les professionnels de sant\u00e9 exer\u00e7ant, \u00e0 titre lib\u00e9ral, une profession list\u00e9e dans un d\u00e9cret en Conseil d&rsquo;\u00c9tat\u00a0\u00bb.<\/p>\n<p>Ce d\u00e9cret devra pr\u00e9ciser les \u00ab\u00a0conditions d&rsquo;exercice\u00a0\u00bb des soignants concern\u00e9s et \u00ab\u00a0l&rsquo;exposition \u00e0 des risques de contamination\u00a0\u00bb qu&rsquo;elles induisent, notamment pour les personnes dont ils sont charg\u00e9s.<\/p>\n<p class=\"std-elt__inline\">\n        <strong>\u00c0 lire aussi :<\/strong><br \/>\n        <a href=\"https:\/\/www.lindependant.fr\/2025\/10\/14\/lancement-de-la-campagne-de-vaccination-contre-la-grippe-pourquoi-les-agriculteurs-sont-egalement-concernes-12991418.php\" rel=\"nofollow noopener\" target=\"_blank\">Lancement de la campagne de vaccination contre la grippe : pourquoi les agriculteurs sont \u00e9galement concern\u00e9s<\/a>\n    <\/p>\n<p>Un amendement du d\u00e9put\u00e9 RN Guillaume Florquin a \u00e9t\u00e9 adopt\u00e9 pour introduire une exception \u00e0 cette obligation vaccinale pour les soignants en cas de \u00ab\u00a0contre-indication m\u00e9dicale reconnue\u00a0\u00bb. Le rapporteur g\u00e9n\u00e9ral du texte Thibault Bazin (LR) s&rsquo;\u00e9tait dit favorable \u00e0 cet amendement, arguant qu&rsquo;une telle exception \u00e9tait aussi inscrite dans le texte pour les r\u00e9sidents d&rsquo;Ehpad.<\/p>\n<p>Le d\u00e9put\u00e9 socialiste J\u00e9r\u00f4me Guedj s&rsquo;est lui f\u00e9licit\u00e9 de \u00ab\u00a0la banalisation de l&rsquo;obligation vaccinale pour les soignants\u00a0\u00bb, apr\u00e8s \u00ab\u00a0un long chemin\u00a0\u00bb.<\/p>\n<p>L&rsquo;obligation vaccinale contre la grippe des professionnels de sant\u00e9 a \u00e9t\u00e9 suspendue par d\u00e9cret en 2006 sous le gouvernement de Dominique de Villepin alors que Xavier Bertrand occupait le poste de ministre de la Sant\u00e9.<\/p>\n<p>Bien que fortement recommand\u00e9e par les autorit\u00e9s, la vaccination contre la grippe demeure minoritaire parmi les professionnels de sant\u00e9 en France.<\/p>\n","protected":false},"excerpt":{"rendered":"La mesure serait conditionn\u00e9e \u00e0 une recommandation de la Haute Autorit\u00e9 de sant\u00e9 (HAS).\u00a0 Les d\u00e9put\u00e9s ont adopt\u00e9&hellip;\n","protected":false},"author":2,"featured_media":499735,"comment_status":"","ping_status":"","sticky":false,"template":"","format":"standard","meta":{"footnotes":""},"categories":[10],"tags":[1011,27,72,71],"class_list":{"0":"post-499734","1":"post","2":"type-post","3":"status-publish","4":"format-standard","5":"has-post-thumbnail","7":"category-sante","8":"tag-fr","9":"tag-france","10":"tag-health","11":"tag-sante"},"share_on_mastodon":{"url":"https:\/\/pubeurope.com\/@fr\/115462660763247900","error":""},"_links":{"self":[{"href":"https:\/\/www.europesays.com\/fr\/wp-json\/wp\/v2\/posts\/499734","targetHints":{"allow":["GET"]}}],"collection":[{"href":"https:\/\/www.europesays.com\/fr\/wp-json\/wp\/v2\/posts"}],"about":[{"href":"https:\/\/www.europesays.com\/fr\/wp-json\/wp\/v2\/types\/post"}],"author":[{"embeddable":true,"href":"https:\/\/www.europesays.com\/fr\/wp-json\/wp\/v2\/users\/2"}],"replies":[{"embeddable":true,"href":"https:\/\/www.europesays.com\/fr\/wp-json\/wp\/v2\/comments?post=499734"}],"version-history":[{"count":0,"href":"https:\/\/www.europesays.com\/fr\/wp-json\/wp\/v2\/posts\/499734\/revisions"}],"wp:featuredmedia":[{"embeddable":true,"href":"https:\/\/www.europesays.com\/fr\/wp-json\/wp\/v2\/media\/499735"}],"wp:attachment":[{"href":"https:\/\/www.europesays.com\/fr\/wp-json\/wp\/v2\/media?parent=499734"}],"wp:term":[{"taxonomy":"category","embeddable":true,"href":"https:\/\/www.europesays.com\/fr\/wp-json\/wp\/v2\/categories?post=499734"},{"taxonomy":"post_tag","embeddable":true,"href":"https:\/\/www.europesays.com\/fr\/wp-json\/wp\/v2\/tags?post=499734"}],"curies":[{"name":"wp","href":"https:\/\/api.w.org\/{rel}","templated":true}]}}