{"id":499738,"date":"2025-10-30T10:33:11","date_gmt":"2025-10-30T10:33:11","guid":{"rendered":"https:\/\/www.europesays.com\/fr\/499738\/"},"modified":"2025-10-30T10:33:11","modified_gmt":"2025-10-30T10:33:11","slug":"dominique-blanc-jean-rochefort-pensait-quil-allait-me-sauter-dans-un-hotel-de-bretagne-et-que-cetait-un-privilege-pour-moi","status":"publish","type":"post","link":"https:\/\/www.europesays.com\/fr\/499738\/","title":{"rendered":"Dominique Blanc\u00a0: \u00ab\u00a0Jean Rochefort pensait qu\u2019il allait me sauter dans un h\u00f4tel de Bretagne et que c\u2019\u00e9tait un privil\u00e8ge pour moi\u00a0\u00bb"},"content":{"rendered":"<p>\u00c0 l\u2019entr\u00e9e de service de la Com\u00e9die-Fran\u00e7aise, le nom de <a href=\"https:\/\/www.humanite.fr\/culture-et-savoir\/theatre\/dominique-blanc-sempare-de-la-douleur-773358\" rel=\"nofollow noopener\" target=\"_blank\">Dominique Blanc<\/a> est un s\u00e9same. Disponible, chaleureuse, elle a un mot pour chacun, qu\u2019il s\u2019agisse de l\u2019ancien administrateur g\u00e9n\u00e9ral \u00c9ric Ruf, gr\u00e2ce \u00e0 qui elle a int\u00e9gr\u00e9 la troupe, ou de l\u2019agent d\u2019accueil. Sur le miroir de sa loge, elle a affich\u00e9 un portrait de Michel Piccoli, l\u2019\u0153il riv\u00e9 \u00e0 la cam\u00e9ra, et un portrait d\u2019elle avec le plasticien Anselm Kiefer. Difficile de r\u00e9sumer en quelques lignes un parcours commenc\u00e9 en 1981 sur la sc\u00e8ne du TNP, \u00e0 Villeurbanne\u00a0: un compagnonnage au long cours avec Patrice Ch\u00e9reau, quatre Moli\u00e8res et quatre C\u00e9sars dont celui de la meilleure actrice dans Stand-by de Roch St\u00e9phanik en 2001.<\/p>\n<p>Dans l\u2019ouvrage \u00ab\u00a0Chantiers, je\u00a0\u00bb (Actes Sud-Papiers, 2023), elle se raconte \u00e0 travers trois grands r\u00f4les\u00a0: Suzanne dans <a href=\"https:\/\/www.humanite.fr\/culture-et-savoir\/metoo\/la-folle-journee-ou-le-mariage-de-figaro-version-lucile-lacaze-la-piece-de-beaumarchais-en-costume-de-revolte\" rel=\"nofollow noopener\" target=\"_blank\">\u00ab\u00a0le Mariage de Figaro\u00a0\u00bb de Beaumarchais<\/a>, mis en sc\u00e8ne par Jean-Pierre Vincent (1987), Ph\u00e8dre de Racine, dans la mise en sc\u00e8ne de Patrice Ch\u00e9reau (2003) et Angels in America de Tony Kushner, mis en sc\u00e8ne par Arnaud Desplechin (2020). Elle s\u2019y livre avec une sinc\u00e9rit\u00e9 rare, sans rien cacher de ses trous noirs, d\u00e9cortique son travail avec pr\u00e9cision, partage son amour des grands textes. Le matin de notre entretien, elle a \u00e9crit \u00e0 <a href=\"https:\/\/www.humanite.fr\/politique\/assemblee-nationale\/le-scenario-qui-laisserait-la-france-sans-budget-et-les-pleins-pouvoirs-a-emmanuel-macron\" rel=\"nofollow noopener\" target=\"_blank\">Emmanuel Macron<\/a> pour rendre son insigne d\u2019officier de la L\u00e9gion d\u2019honneur, remise en 2014 par Fran\u00e7ois Hollande.<\/p>\n<p class=\"wp-block-huma-question\">Pourquoi avoir fait ce geste fort\u00a0?<\/p>\n<p class=\"t-label-medium debater__name\">Dominique Blanc<\/p>\n<p class=\"t-label-small debater__function\">Actrice r\u00e9compens\u00e9e par quatre Moli\u00e8res et quatre C\u00e9sars<\/p>\n<p>Je voulais le faire depuis la troisi\u00e8me nomination de <a href=\"https:\/\/www.humanite.fr\/culture-et-savoir\/politique-culturelle\/budget-de-la-culture-comment-rachida-dati-a-sorti-6-millions-deuros-du-chapeau\" data-type=\"link\" data-id=\"https:\/\/www.humanite.fr\/culture-et-savoir\/politique-culturelle\/budget-de-la-culture-comment-rachida-dati-a-sorti-6-millions-deuros-du-chapeau\" rel=\"nofollow noopener\" target=\"_blank\">madame Dati en tant que ministre de la Culture<\/a>. Elle a de nombreuses affaires judiciaires en cours. \u00c9videmment, il y a pr\u00e9somption d\u2019innocence, mais quand on est un homme ou une femme politique il faut avoir une grande honn\u00eatet\u00e9, une grande int\u00e9grit\u00e9 par rapport au peuple fran\u00e7ais. Elle aurait d\u00fb refuser la deuxi\u00e8me nomination et partir. Elle ne l\u2019a pas fait, donc \u00e0 la troisi\u00e8me nomination je me suis dit qu\u2019il fallait que je rende cette d\u00e9coration.<\/p>\n<p class=\"wp-block-huma-question\">Vous avez fait l\u2019essentiel de votre parcours dans le th\u00e9\u00e2tre public, comment r\u00e9agissez-vous aux attaques populistes men\u00e9es contre la culture et le th\u00e9\u00e2tre subventionn\u00e9\u00a0?<\/p>\n<p>Le seul pouvoir qu\u2019actionne madame Dati c\u2019est de&#8230;<\/p>\n","protected":false},"excerpt":{"rendered":"\u00c0 l\u2019entr\u00e9e de service de la Com\u00e9die-Fran\u00e7aise, le nom de Dominique Blanc est un s\u00e9same. Disponible, chaleureuse, elle&hellip;\n","protected":false},"author":2,"featured_media":499739,"comment_status":"","ping_status":"","sticky":false,"template":"","format":"standard","meta":{"footnotes":""},"categories":[8],"tags":[58,59,1011,27,4698],"class_list":{"0":"post-499738","1":"post","2":"type-post","3":"status-publish","4":"format-standard","5":"has-post-thumbnail","7":"category-divertissement","8":"tag-divertissement","9":"tag-entertainment","10":"tag-fr","11":"tag-france","12":"tag-thu00e9u00e2tre"},"share_on_mastodon":{"url":"https:\/\/pubeurope.com\/@fr\/115462668597012313","error":""},"_links":{"self":[{"href":"https:\/\/www.europesays.com\/fr\/wp-json\/wp\/v2\/posts\/499738","targetHints":{"allow":["GET"]}}],"collection":[{"href":"https:\/\/www.europesays.com\/fr\/wp-json\/wp\/v2\/posts"}],"about":[{"href":"https:\/\/www.europesays.com\/fr\/wp-json\/wp\/v2\/types\/post"}],"author":[{"embeddable":true,"href":"https:\/\/www.europesays.com\/fr\/wp-json\/wp\/v2\/users\/2"}],"replies":[{"embeddable":true,"href":"https:\/\/www.europesays.com\/fr\/wp-json\/wp\/v2\/comments?post=499738"}],"version-history":[{"count":0,"href":"https:\/\/www.europesays.com\/fr\/wp-json\/wp\/v2\/posts\/499738\/revisions"}],"wp:featuredmedia":[{"embeddable":true,"href":"https:\/\/www.europesays.com\/fr\/wp-json\/wp\/v2\/media\/499739"}],"wp:attachment":[{"href":"https:\/\/www.europesays.com\/fr\/wp-json\/wp\/v2\/media?parent=499738"}],"wp:term":[{"taxonomy":"category","embeddable":true,"href":"https:\/\/www.europesays.com\/fr\/wp-json\/wp\/v2\/categories?post=499738"},{"taxonomy":"post_tag","embeddable":true,"href":"https:\/\/www.europesays.com\/fr\/wp-json\/wp\/v2\/tags?post=499738"}],"curies":[{"name":"wp","href":"https:\/\/api.w.org\/{rel}","templated":true}]}}