{"id":499750,"date":"2025-10-30T10:39:14","date_gmt":"2025-10-30T10:39:14","guid":{"rendered":"https:\/\/www.europesays.com\/fr\/499750\/"},"modified":"2025-10-30T10:39:14","modified_gmt":"2025-10-30T10:39:14","slug":"les-images-impressionnantes-de-la-bmw-beaucoup-trop-chargee-arretee-sur-la7","status":"publish","type":"post","link":"https:\/\/www.europesays.com\/fr\/499750\/","title":{"rendered":"Les images impressionnantes de la BMW beaucoup trop charg\u00e9e arr\u00eat\u00e9e sur l&rsquo;A7"},"content":{"rendered":"<p>            Par<br \/>\n        <strong><br \/>\n            <a href=\"https:\/\/actu.fr\/auteur\/mathias-souteyrat\" title=\"Consulter tous les articles de Mathias Souteyrat\" target=\"_blank\" rel=\"noopener\">Mathias Souteyrat<\/a><br \/>\n        <\/strong><\/p>\n<p>        Publi\u00e9 le<\/p>\n<p>            30 oct. 2025 \u00e0 10h33        <\/p>\n<p>Une importante op\u00e9ration des policiers de l\u2019office antistup\u00e9fiants (OFAST) de <a href=\"https:\/\/actu.fr\/lyon\/\" target=\"_blank\" rel=\"noopener\">Lyon<\/a> a permis le d\u00e9mant\u00e8lement d\u2019un r\u00e9seau de trafic de stup\u00e9fiants avec l\u2019interpellation de quatre personnes et la saisie de <a href=\"https:\/\/actu.fr\/auvergne-rhone-alpes\/saint-etienne_42218\/saint-etienne-avec-450-kilos-de-drogue-venue-d-espagne-le-suspect-fracasse-la-barriere-de-peage_63363465.html\" target=\"_blank\" rel=\"noopener\">450\u00a0kg de cannabis, import\u00e9 d\u2019Espagne vers Saint-Etienne.<\/a><br \/>La police nationale a partag\u00e9 le 29\u00a0octobre sur ses r\u00e9seaux sociaux les images de la folle course-poursuite d\u2019un go-fast qui s\u2019est termin\u00e9e \u00e0 Serri\u00e8res (Ard\u00e8che), \u00e0 la sortie de l\u2019<a href=\"https:\/\/actu.fr\/tag\/autoroute-7-a7\" target=\"_blank\" rel=\"noopener\">autoroute A7<\/a>.<\/p>\n<p>Le conducteur de la BMW avec trois pneus crev\u00e9s\u2026<\/p>\n<p class=\" wall-content\">Le samedi 4\u00a0octobre, un v\u00e9hicule vol\u00e9 est intercept\u00e9. Mais le chauffard force le passage de la barri\u00e8re de p\u00e9age.<\/p>\n<p>    <img   decoding=\"async\" loading=\"lazy\" src=\"https:\/\/www.europesays.com\/fr\/wp-content\/uploads\/2025\/10\/g4cmynnxiaik8lv-960x640.jpeg\" alt=\"Le chauffard parvient \u00e0 reprendre la route en jetant simultan\u00e9ment des clous cr\u00e8ve pneus pour g\u00eaner la progression des policiers.\" width=\"960\" height=\"640\"\/><br \/>\n    Le chauffard parvient \u00e0 reprendre la route en jetant simultan\u00e9ment des clous cr\u00e8ve pneus pour g\u00eaner la progression des policiers. (\u00a9Police nationale)Balance des clous cr\u00e8ve pneus<\/p>\n<p class=\" wall-content\">Malgr\u00e9 trois pneus crev\u00e9s, il parvient \u00e0 reprendre la route en jetant simultan\u00e9ment des clous cr\u00e8ve pneus pour g\u00eaner la progression des policiers \u00e0 sa poursuite.<\/p>\n<p>De la drogue dans des sacs de sport<br \/>\n    <img   decoding=\"async\" loading=\"lazy\" src=\"https:\/\/www.europesays.com\/fr\/wp-content\/uploads\/2025\/10\/g4cmyntxiaaqio5-960x640.jpeg\" alt=\"Les images de la course poursuite avec une BMW transportant 450 kg de r\u00e9sine de cannabis, import\u00e9e d'Espagne \u00e0 Saint-Etienne, qui a termin\u00e9 sur une interpellation \u00e0 la sortie de l'autoroute A7.\" width=\"960\" height=\"640\"\/><br \/>\n    Les images de la course-poursuite avec une BMW transportant 450\u00a0kg de r\u00e9sine de cannabis, import\u00e9e d\u2019Espagne \u00e0 Saint-Etienne, qui a termin\u00e9 sur une interpellation \u00e0 la sortie de l\u2019autoroute A7. (\u00a9Police nationale)<\/p>\n<p class=\" wall-content\">Il abandonne finalement son v\u00e9hicule et prend la fuite \u00e0 pied dans la commune de <strong>Serri\u00e8res<\/strong> (Ard\u00e8che) avant d\u2019\u00eatre interpell\u00e9 par les enqu\u00eateurs.<\/p>\n<p>    <img   decoding=\"async\" loading=\"lazy\" src=\"https:\/\/www.europesays.com\/fr\/wp-content\/uploads\/2025\/10\/g4cmynsxmaahmjb-960x640.jpeg\" alt=\"Le conducteur est \u00e2g\u00e9 de 28 ans, d\u00e9favorablement connu des services de police.\" width=\"960\" height=\"640\"\/><br \/>\n    Le conducteur est \u00e2g\u00e9 de 28\u00a0ans, d\u00e9favorablement connu des services de police. (\u00a9Police nationale)<\/p>\n<p>Votre r\u00e9gion, votre actu !<\/p>\n<p>Recevez chaque jour les infos qui comptent pour vous.<\/p>\n<p>\t<a href=\"https:\/\/actu.fr\/newsletter\" class=\"ac-btn ac-btn--corner ac-btn--medium ac-btn--blue800\" target=\"_blank\" rel=\"noopener\">S&rsquo;incrire<\/a><\/p>\n<p class=\" wall-content\">La fouille de son v\u00e9hicule est probante\u2009: 450\u00a0kg de r\u00e9sine de cannabis conditionn\u00e9e dans des sacs de sport ainsi que plusieurs jeux de plaques d\u2019immatriculation et des bo\u00eetes de clous cr\u00e8ve pneus sont retrouv\u00e9s.<\/p>\n<p>    <img   decoding=\"async\" loading=\"lazy\" src=\"https:\/\/www.europesays.com\/fr\/wp-content\/uploads\/2025\/10\/g4cmynrwmaamzcy-960x640.jpeg\" alt=\"450\u00a0kg de r\u00e9sine de cannabis conditionn\u00e9e dans des sacs de sport ainsi que plusieurs jeux de plaques d\u2019immatriculation et des bo\u00eetes de clous cr\u00e8ve pneus sont retrouv\u00e9s.\" width=\"960\" height=\"640\"\/><br \/>\n    450\u00a0kg de r\u00e9sine de cannabis conditionn\u00e9e dans des sacs de sport ainsi que plusieurs jeux de plaques d\u2019immatriculation et des bo\u00eetes de clous cr\u00e8ve pneus sont retrouv\u00e9s. (\u00a9Police nationale)Trois \u00ab\u2009ouvreurs de p\u00e9ages\u2009\u00bb arr\u00eat\u00e9s<\/p>\n<p class=\" wall-content\">Dans les jours suivants, trois complices, ouvreurs de p\u00e9ages, ont \u00e9galement \u00e9t\u00e9 interpell\u00e9s.<\/p>\n<ul class=\" wall-content\">\n<li>Le conducteur est \u00e2g\u00e9 de 28\u00a0ans, d\u00e9favorablement connu des services de police. Il est vis\u00e9 par deux mandats de d\u00e9p\u00f4t et d\u2019un mandat de recherche.<\/li>\n<li>Le principal ouvreur, connu aussi des services, est interpell\u00e9 dans l\u2019H\u00e9rault \u00e0 son domicile le 4\u00a0octobre au matin.<\/li>\n<li>Un troisi\u00e8me, \u00e2g\u00e9 de 30\u00a0ans, ayant particip\u00e9 \u00e0 plusieurs ouvertures de fronti\u00e8res lors des importations pr\u00e9c\u00e9dentes, est interpell\u00e9 le dimanche 5\u00a0octobre.<\/li>\n<li>Le lundi 6\u00a0octobre, les policiers interpellent un jeune homme de 20\u00a0ans, impliqu\u00e9 dans plusieurs ouvertures aux p\u00e9ages et d\u00e9placements de v\u00e9hicules utilis\u00e9s par les r\u00e9seaux. Lors de la perquisition, les enqu\u00eateurs saisissent 500\u00a0euros.<\/li>\n<\/ul>\n<p class=\" wall-content\">Tous ont \u00e9t\u00e9 d\u00e9f\u00e9r\u00e9s, dont trois plac\u00e9s en d\u00e9tention provisoire.<\/p>\n<p class=\" wall-content\">Personnalisez votre actualit\u00e9 en ajoutant vos villes et m\u00e9dias en favori avec <a href=\"https:\/\/moncompte.actu.fr\" title=\"D\u00e9couvez Mon Actu\" rel=\"nofollow noopener\" data-trk=\"{&quot;cta&quot;:{&quot;action&quot;:&quot;https:\\\/\\\/moncompte.actu.fr&quot;,&quot;category&quot;:&quot;mon compte&quot;,&quot;from&quot;:&quot;article footer&quot;,&quot;name&quot;:&quot;Mon actu&quot;,&quot;type&quot;:&quot;cta&quot;}}\" target=\"_blank\">Mon Actu<\/a>.<\/p>\n","protected":false},"excerpt":{"rendered":"Par Mathias Souteyrat Publi\u00e9 le 30 oct. 2025 \u00e0 10h33 Une importante op\u00e9ration des policiers de l\u2019office antistup\u00e9fiants&hellip;\n","protected":false},"author":2,"featured_media":499751,"comment_status":"","ping_status":"","sticky":false,"template":"","format":"standard","meta":{"footnotes":""},"categories":[9653],"tags":[1111,11,6423,2430,1052,1777,674,118,1011,27,12,1072,25,4001],"class_list":{"0":"post-499750","1":"post","2":"type-post","3":"status-publish","4":"format-standard","5":"has-post-thumbnail","7":"category-saint-etienne","8":"tag-actu","9":"tag-actualites","10":"tag-autoroute-7-a7","11":"tag-auvergne-rhone-alpes","12":"tag-drogue","13":"tag-eu","14":"tag-europe","15":"tag-faits-divers","16":"tag-fr","17":"tag-france","18":"tag-news","19":"tag-police","20":"tag-republique-francaise","21":"tag-saint-etienne"},"share_on_mastodon":{"url":"https:\/\/pubeurope.com\/@fr\/115462692326714347","error":""},"_links":{"self":[{"href":"https:\/\/www.europesays.com\/fr\/wp-json\/wp\/v2\/posts\/499750","targetHints":{"allow":["GET"]}}],"collection":[{"href":"https:\/\/www.europesays.com\/fr\/wp-json\/wp\/v2\/posts"}],"about":[{"href":"https:\/\/www.europesays.com\/fr\/wp-json\/wp\/v2\/types\/post"}],"author":[{"embeddable":true,"href":"https:\/\/www.europesays.com\/fr\/wp-json\/wp\/v2\/users\/2"}],"replies":[{"embeddable":true,"href":"https:\/\/www.europesays.com\/fr\/wp-json\/wp\/v2\/comments?post=499750"}],"version-history":[{"count":0,"href":"https:\/\/www.europesays.com\/fr\/wp-json\/wp\/v2\/posts\/499750\/revisions"}],"wp:featuredmedia":[{"embeddable":true,"href":"https:\/\/www.europesays.com\/fr\/wp-json\/wp\/v2\/media\/499751"}],"wp:attachment":[{"href":"https:\/\/www.europesays.com\/fr\/wp-json\/wp\/v2\/media?parent=499750"}],"wp:term":[{"taxonomy":"category","embeddable":true,"href":"https:\/\/www.europesays.com\/fr\/wp-json\/wp\/v2\/categories?post=499750"},{"taxonomy":"post_tag","embeddable":true,"href":"https:\/\/www.europesays.com\/fr\/wp-json\/wp\/v2\/tags?post=499750"}],"curies":[{"name":"wp","href":"https:\/\/api.w.org\/{rel}","templated":true}]}}