{"id":499756,"date":"2025-10-30T10:43:00","date_gmt":"2025-10-30T10:43:00","guid":{"rendered":"https:\/\/www.europesays.com\/fr\/499756\/"},"modified":"2025-10-30T10:43:00","modified_gmt":"2025-10-30T10:43:00","slug":"ball-ligue-b-victime-de-haters-le-grand-nancy-vb-porte-plainte","status":"publish","type":"post","link":"https:\/\/www.europesays.com\/fr\/499756\/","title":{"rendered":"ball &#8211; Ligue B. Victime de \u00ab\u00a0haters\u00a0\u00bb, le Grand Nancy VB porte plainte"},"content":{"rendered":"<p>Le Grand Nancy Volley-ball se pensait, jusque-l\u00e0, \u00e0 l\u2019abri des \u00ab\u00a0haters\u00a0\u00bb, ces internautes malveillants qui d\u00e9versent leur haine sur le web. H\u00e9las, depuis la premi\u00e8re journ\u00e9e de championnat, le club nanc\u00e9ien, les joueurs et le staff, pr\u00e9sents sur de nombreux r\u00e9seaux sociaux, sont devenus la cible de quelques individus bien peu recommandables qui multiplient les messages haineux et discriminatoires.<\/p>\n<p>Dans un communiqu\u00e9 officiel, le GNVB a tenu \u00e0 rappeler qu\u2019il \u00ab\u00a0condamnait avec la plus grande fermet\u00e9 le comportement inacceptable et intol\u00e9rable de quelques personnes sur les r\u00e9seaux sociaux, ainsi que toute forme de haine, de discrimination et de racisme en ligne, mais \u00e9galement aux abords des terrains et dans la soci\u00e9t\u00e9 en g\u00e9n\u00e9ral \u00a0\u00bb. Serge Petiot, le pr\u00e9sident du club, s\u2019est saisi du dossier et a d\u00e9cid\u00e9 de porter plainte contre X, afin d\u2019identifier les auteurs et de mettre un point final \u00e0 ces comportements r\u00e9pr\u00e9hensibles envers le club et les joueurs du GNVB.<\/p>\n<p>Ce contenu est bloqu\u00e9 car vous n&rsquo;avez pas accept\u00e9 les cookies et autres traceurs.<\/p>\n<p>En cliquant sur \u00ab J\u2019accepte \u00bb, les cookies et autres traceurs seront d\u00e9pos\u00e9s et vous pourrez visualiser les contenus  (<a href=\"\" class=\"consentModule_policy\" target=\"_blank\" title=\"Consulter la politique de protection des donn\u00e9es du fournisseur\">plus d&rsquo;informations<\/a>).<\/p>\n<p>En cliquant sur \u00ab J\u2019accepte tous les cookies \u00bb, vous autorisez des d\u00e9p\u00f4ts de cookies et autres traceurs pour le stockage de vos donn\u00e9es sur nos sites et applications \u00e0 des fins de personnalisation et de ciblage publicitaire.<\/p>\n<p class=\"consentModule_secondaryText\">Vous gardez la possibilit\u00e9 de retirer votre consentement \u00e0 tout moment en consultant notre <a href=\"https:\/\/www.estrepublicain.fr\/protection-des-donnees\" target=\"_blank\" title=\"Consulter notre politique de protection des donn\u00e9es\" rel=\"noopener\">politique de protection des donn\u00e9es<\/a>. <br \/>&#13;<br \/>\n            <a href=\"https:\/\/www.estrepublicain.fr\/sport\/2025\/10\/30\/javascript:Didomi.notice.show()\" class=\"consentModule_cmp\" target=\"_blank\" rel=\"noopener\">G\u00e9rer mes choix<\/a>&#13;\n        <\/p>\n<p>&#13;<br \/>\n                        J&rsquo;accepte&#13;<br \/>\n            J&rsquo;accepte tous les cookies&#13;\n        <\/p>\n<p>Dans son communiqu\u00e9 le club rappelle qu\u2019il est suivi chaque jour par de nombreux supporters qui marquent leur attachement et leur soutien aux couleurs nanc\u00e9iennes. \u00ab\u00a0Parce que le volley, c\u2019est avant tout le respect, le fair-play et la bienveillance, continuons ensemble \u00e0 faire vivre ces valeurs sur le terrain comme en dehors\u00a0\u00bb, conclut le GNVB.<\/p>\n","protected":false},"excerpt":{"rendered":"Le Grand Nancy Volley-ball se pensait, jusque-l\u00e0, \u00e0 l\u2019abri des \u00ab\u00a0haters\u00a0\u00bb, ces internautes malveillants qui d\u00e9versent leur haine&hellip;\n","protected":false},"author":2,"featured_media":499757,"comment_status":"","ping_status":"","sticky":false,"template":"","format":"standard","meta":{"footnotes":""},"categories":[9635],"tags":[1111,11,1704,1777,674,107,1701,1011,27,775,20543,1702,1703,12,25,517,1700,1632],"class_list":{"0":"post-499756","1":"post","2":"type-post","3":"status-publish","4":"format-standard","5":"has-post-thumbnail","7":"category-nancy","8":"tag-actu","9":"tag-actualites","10":"tag-edition-nancy-et-agglomeration","11":"tag-eu","12":"tag-europe","13":"tag-fil-info","14":"tag-fil-info-sport","15":"tag-fr","16":"tag-france","17":"tag-grand-est","18":"tag-grand-nancy-volley-ball","19":"tag-nancy","20":"tag-nancy-ville-54b","21":"tag-news","22":"tag-republique-francaise","23":"tag-sport","24":"tag-sport-lorrain","25":"tag-volley-ball"},"share_on_mastodon":{"url":"https:\/\/pubeurope.com\/@fr\/115462707814465390","error":""},"_links":{"self":[{"href":"https:\/\/www.europesays.com\/fr\/wp-json\/wp\/v2\/posts\/499756","targetHints":{"allow":["GET"]}}],"collection":[{"href":"https:\/\/www.europesays.com\/fr\/wp-json\/wp\/v2\/posts"}],"about":[{"href":"https:\/\/www.europesays.com\/fr\/wp-json\/wp\/v2\/types\/post"}],"author":[{"embeddable":true,"href":"https:\/\/www.europesays.com\/fr\/wp-json\/wp\/v2\/users\/2"}],"replies":[{"embeddable":true,"href":"https:\/\/www.europesays.com\/fr\/wp-json\/wp\/v2\/comments?post=499756"}],"version-history":[{"count":0,"href":"https:\/\/www.europesays.com\/fr\/wp-json\/wp\/v2\/posts\/499756\/revisions"}],"wp:featuredmedia":[{"embeddable":true,"href":"https:\/\/www.europesays.com\/fr\/wp-json\/wp\/v2\/media\/499757"}],"wp:attachment":[{"href":"https:\/\/www.europesays.com\/fr\/wp-json\/wp\/v2\/media?parent=499756"}],"wp:term":[{"taxonomy":"category","embeddable":true,"href":"https:\/\/www.europesays.com\/fr\/wp-json\/wp\/v2\/categories?post=499756"},{"taxonomy":"post_tag","embeddable":true,"href":"https:\/\/www.europesays.com\/fr\/wp-json\/wp\/v2\/tags?post=499756"}],"curies":[{"name":"wp","href":"https:\/\/api.w.org\/{rel}","templated":true}]}}