{"id":499766,"date":"2025-10-30T10:48:12","date_gmt":"2025-10-30T10:48:12","guid":{"rendered":"https:\/\/www.europesays.com\/fr\/499766\/"},"modified":"2025-10-30T10:48:12","modified_gmt":"2025-10-30T10:48:12","slug":"un-debut-difficile-pour-la-foire-saint-romain-a-rouen","status":"publish","type":"post","link":"https:\/\/www.europesays.com\/fr\/499766\/","title":{"rendered":"un d\u00e9but difficile pour la Foire Saint-Romain \u00e0 Rouen\u00a0?"},"content":{"rendered":"<p>            Par<br \/>\n        <strong><br \/>\n            <a href=\"https:\/\/actu.fr\/auteur\/laredaction\" title=\"Consulter tous les articles de R\u00e9daction Normandie\" target=\"_blank\" rel=\"noopener\">R\u00e9daction Normandie<\/a><br \/>\n        <\/strong><\/p>\n<p>        Publi\u00e9 le<\/p>\n<p>            30 oct. 2025 \u00e0 11h28        <\/p>\n<p>C\u2019est un d\u00e9but qui peut sembler compliqu\u00e9 pour <a href=\"https:\/\/actu.fr\/tag\/foire-saint-romain\" target=\"_blank\" rel=\"noopener\">la foire Saint-Romain<\/a> de Rouen. <strong>Le d\u00e9calage de l\u2019ouverture d\u2019une semaine<\/strong> et <a href=\"https:\/\/actu.fr\/tag\/reseau-astuce-tcar\" target=\"_blank\" rel=\"noopener\">la gr\u00e8ve des transports en commun<\/a> ont compliqu\u00e9 la t\u00e2che. S\u2019ajoute \u00e0 cela notre tr\u00e8s cher temps normand, toujours au rendez-vous\u2026 Autre \u00e9cueil de cette ann\u00e9e, c\u2019est la mont\u00e9e des prix, comme partout en France, <strong>l\u2019inflation p\u00e8se sur les forains<\/strong>, la question centrale est de savoir comment g\u00e9rer ces co\u00fbts suppl\u00e9mentaire. Alors, d\u00e9but difficile ou pas pour la Saint-Romain ?<\/p>\n<p>Un d\u00e9but plut\u00f4t r\u00e9ussi ?<\/p>\n<p class=\" wall-content\">Malgr\u00e9 ces obstacles, les Rouennais et Rouennaises \u00e9taient pr\u00e9sents pour les premiers jours de f\u00eate. Lundi 27 octobre 2025, une fois pass\u00e9 le portique de s\u00e9curit\u00e9 on retrouve l\u2019ambiance tant aim\u00e9e de la foire : les lumi\u00e8res flashy accompagn\u00e9es par la musique et les cris provenant des attractions, sans oublier la d\u00e9licieuse odeur des churros ! En zigzagant autour des 300 attractions qui composent cette \u00e9dition, on s\u2019arr\u00eate devant les stands lumineux des machines \u00e0 sous, puis on s\u2019attendrit devant la p\u00eache aux canards, faisant remonter en nous des souvenirs d\u2019enfance.<\/p>\n<p class=\" wall-content\">Au d\u00e9tour d\u2019une machine \u00e0 pince, on aper\u00e7oit Karl Morel, figure embl\u00e9matique de la foire. Il l\u2019assure, d\u2019un air jovial : \u00ab Malgr\u00e9 la pluie et le d\u00e9calage, <strong>les visiteurs sont l\u00e0,<\/strong> ce qui m\u2019a un peu \u00e9tonn\u00e9 ! \u00bb.<\/p>\n<p>Des forains face \u00e0 l\u2019inflation<\/p>\n<p class=\" wall-content\">Entour\u00e9 de ses attrapes peluches, le forain encha\u00eene en racontant les difficult\u00e9s \u00e9conomiques qu\u2019il a pu rencontrer. Comme pour tous les Fran\u00e7ais, le co\u00fbt de la vie a augment\u00e9, mais pour \u00e9viter de r\u00e9percuter cette inflation sur les clients, <strong>il cherche d\u2019autres solutions.<\/strong><\/p>\n<p class=\" wall-content\">Et c\u2019est en innovant qu\u2019il r\u00e9ussit \u00e0 r\u00e9duire les d\u00e9penses. \u00ab On a chang\u00e9 les lumi\u00e8res <strong>pour les remplacer par des LED<\/strong> qui consomment moins \u00bb, dit-il en montrant du doigt les machines lumineuses. Il expose aussi la mani\u00e8re dont il doit se r\u00e9organiser dans le transport de ses man\u00e8ges \u00e0 cause de l\u2019augmentation du prix de l\u2019essence.<\/p>\n<p class=\" wall-content\">Avant de partir il nous conseille d\u2019aller voir les nouveaut\u00e9s, ou plut\u00f4t les retours, de cette ann\u00e9e comme la c\u00e9l\u00e8bre grande roue ou la tour panoramique King Kong. C\u2019est donc naturellement que l\u2019on se dirige vers la roue de plus de 50 m\u00e8tres de hauts. Les visiteurs font la queue et la roue d\u00e9marre c\u2019est alors que l\u2019on rencontre au guichet Mme Vatonne, propri\u00e9taire de cette attraction depuis 11 ans.<\/p>\n<p>    <img   decoding=\"async\" loading=\"lazy\" src=\"https:\/\/www.europesays.com\/fr\/wp-content\/uploads\/2025\/10\/foire-saint-romain-rouen-manege-demarrage-960x640.jpg\" alt=\"Les man\u00e8ges tournent \u00e0 plein r\u00e9gime \u00e0 la foire !\" width=\"960\" height=\"640\"\/><br \/>\n    Les man\u00e8ges tournent \u00e0 plein r\u00e9gime \u00e0 la foire ! (\u00a9Elouan Radoux\/76actu)<\/p>\n<p>Votre r\u00e9gion, votre actu !<\/p>\n<p>Recevez chaque jour les infos qui comptent pour vous.<\/p>\n<p>\t<a href=\"https:\/\/actu.fr\/newsletter\" class=\"ac-btn ac-btn--corner ac-btn--medium ac-btn--blue800\" target=\"_blank\" rel=\"noopener\">S&rsquo;incrire<\/a><\/p>\n<p class=\" wall-content\">\u00ab La grande roue a toujours \u00e9t\u00e9 dans la famille, nous raconte-elle, et cette ann\u00e9e on a remis la plus grande. \u00bb On regarde vers le ciel et on se rend compte de la taille de cette attraction. On ne peut qu\u2019imaginer le panorama exceptionnel qu\u2019elle donne sur la ville aux Cent Clochers.\u00a0<\/p>\n<p class=\" wall-content\">\u00ab On essaie de ne pas r\u00e9percuter le prix sur les clients, nous confie-t-elle, et on doit g\u00e9rer les b\u00e9n\u00e9fices comme on peut m\u00eame si \u00e7a veut dire perdre de l\u2019argent \u00bb. Elle a peur de voir cette augmentation continuer car, d\u00e8s lors, elle serait oblig\u00e9 de monter les prix.<\/p>\n<p>Une rel\u00e8ve assur\u00e9e ?<\/p>\n<p class=\" wall-content\">En se baladant entre les man\u00e8ges, on peut rencontrer Noha, un jeune gar\u00e7on r\u00eaveur. Quel est son r\u00eave ? Reprendre le stand de ses parents ! Quand on lui demande les raisons de sa d\u00e9termination, il nous raconte : \u00ab J\u2019aime parler aux gens, et je veux aussi continuer le travail de mes parents. Que \u00e7a se transmette de g\u00e9n\u00e9ration en g\u00e9n\u00e9ration. \u00bb<\/p>\n<p class=\" wall-content\">C\u2019est donc sous l\u2019\u00e9gide de la bonne ambiance, habituelle \u00e0 la Foire, qu\u2019a d\u00e9but\u00e9 cette nouvelle \u00e9dition. Malgr\u00e9 quelques craintes, les visiteurs semblent \u00eatre au rendez-vous et on esp\u00e8re que notre temps normand le sera aussi !<\/p>\n<p class=\" wall-content\"><strong>Elouan Radoux<\/strong><\/p>\n<p>Suivez l\u2019actualit\u00e9 de Rouen <a href=\"https:\/\/www.whatsapp.com\/channel\/0029VaKfnf99hXF2ddApFB1D\" target=\"_blank\" rel=\"noopener\">sur notre cha\u00eene WhatsApp<\/a> et <a href=\"https:\/\/www.tiktok.com\/@76actu.fr?lang=fr\" target=\"_blank\" rel=\"noopener\">sur notre compte TikTok<\/a><\/p>\n<p class=\" wall-content\">Personnalisez votre actualit\u00e9 en ajoutant vos villes et m\u00e9dias en favori avec <a href=\"https:\/\/moncompte.actu.fr\" title=\"D\u00e9couvez Mon Actu\" rel=\"nofollow noopener\" data-trk=\"{&quot;cta&quot;:{&quot;action&quot;:&quot;https:\\\/\\\/moncompte.actu.fr&quot;,&quot;category&quot;:&quot;mon compte&quot;,&quot;from&quot;:&quot;article footer&quot;,&quot;name&quot;:&quot;Mon actu&quot;,&quot;type&quot;:&quot;cta&quot;}}\" target=\"_blank\">Mon Actu<\/a>.<\/p>\n<p>                    <script async src=\"\/\/www.tiktok.com\/embed.js\"><\/script><\/p>\n","protected":false},"excerpt":{"rendered":"Par R\u00e9daction Normandie Publi\u00e9 le 30 oct. 2025 \u00e0 11h28 C\u2019est un d\u00e9but qui peut sembler compliqu\u00e9 pour&hellip;\n","protected":false},"author":2,"featured_media":499767,"comment_status":"","ping_status":"","sticky":false,"template":"","format":"standard","meta":{"footnotes":""},"categories":[9587],"tags":[1111,11,1777,674,11501,56523,1011,27,1652,12,5161,25,9590],"class_list":{"0":"post-499766","1":"post","2":"type-post","3":"status-publish","4":"format-standard","5":"has-post-thumbnail","7":"category-rouen","8":"tag-actu","9":"tag-actualites","10":"tag-eu","11":"tag-europe","12":"tag-fete-foraine","13":"tag-foire-saint-romain","14":"tag-fr","15":"tag-france","16":"tag-loisirs-culture","17":"tag-news","18":"tag-normandie","19":"tag-republique-francaise","20":"tag-rouen"},"share_on_mastodon":{"url":"https:\/\/pubeurope.com\/@fr\/115462727652192663","error":""},"_links":{"self":[{"href":"https:\/\/www.europesays.com\/fr\/wp-json\/wp\/v2\/posts\/499766","targetHints":{"allow":["GET"]}}],"collection":[{"href":"https:\/\/www.europesays.com\/fr\/wp-json\/wp\/v2\/posts"}],"about":[{"href":"https:\/\/www.europesays.com\/fr\/wp-json\/wp\/v2\/types\/post"}],"author":[{"embeddable":true,"href":"https:\/\/www.europesays.com\/fr\/wp-json\/wp\/v2\/users\/2"}],"replies":[{"embeddable":true,"href":"https:\/\/www.europesays.com\/fr\/wp-json\/wp\/v2\/comments?post=499766"}],"version-history":[{"count":0,"href":"https:\/\/www.europesays.com\/fr\/wp-json\/wp\/v2\/posts\/499766\/revisions"}],"wp:featuredmedia":[{"embeddable":true,"href":"https:\/\/www.europesays.com\/fr\/wp-json\/wp\/v2\/media\/499767"}],"wp:attachment":[{"href":"https:\/\/www.europesays.com\/fr\/wp-json\/wp\/v2\/media?parent=499766"}],"wp:term":[{"taxonomy":"category","embeddable":true,"href":"https:\/\/www.europesays.com\/fr\/wp-json\/wp\/v2\/categories?post=499766"},{"taxonomy":"post_tag","embeddable":true,"href":"https:\/\/www.europesays.com\/fr\/wp-json\/wp\/v2\/tags?post=499766"}],"curies":[{"name":"wp","href":"https:\/\/api.w.org\/{rel}","templated":true}]}}