{"id":499768,"date":"2025-10-30T10:49:15","date_gmt":"2025-10-30T10:49:15","guid":{"rendered":"https:\/\/www.europesays.com\/fr\/499768\/"},"modified":"2025-10-30T10:49:15","modified_gmt":"2025-10-30T10:49:15","slug":"rouen-human-mob-prepare-une-levee-de-fonds-de-25-me","status":"publish","type":"post","link":"https:\/\/www.europesays.com\/fr\/499768\/","title":{"rendered":"Rouen: Human Mob pr\u00e9pare une lev\u00e9e de fonds de 2,5 M\u20ac"},"content":{"rendered":"<p>La start-up rouennaise Human Mob pr\u00e9voit une lev\u00e9e de fonds de\u00a02,5 millions d\u2019euros pour industrialiser ses solutions de mobilit\u00e9 durable.<\/p>\n<p>Cr\u00e9\u00e9e autour de l\u2019id\u00e9e de bus \u00e0 p\u00e9dales \u00e0 destination du transport collectif et de la logistique urbaine, la soci\u00e9t\u00e9 envisage de mettre sur le march\u00e9 150 v\u00e9hicules d\u2019ici 2027, incluant les Waylibus, des v\u00e9los-bus \u00e9lectriques \u00e0 huit places, et des Wally Cargo d\u00e9di\u00e9s \u00e0 la logistique en milieu urbain.<\/p>\n<p>C\u00f4t\u00e9 financement, cette lev\u00e9e de fonds est destin\u00e9,\u00a0selon les porteurs du projet, \u00e0 acc\u00e9l\u00e9rer les d\u00e9monstrations industrielles et \u00e0 s\u00e9curiser les cha\u00eenes d\u2019approvisionnement n\u00e9cessaires \u00e0 une mise sur le march\u00e9 rapide et dans les d\u00e9lais pr\u00e9vus.<\/p>\n<p><strong>Waylibus: un v\u00e9lo-bus \u00e9lectrique con\u00e7u pour le transport collectif et la logistique<\/strong><\/p>\n<p><strong\/>Le Waylibus, v\u00e9hicule collectif \u00e0 assistance \u00e9lectrique, est pr\u00e9sent\u00e9 comme une solution de mobilit\u00e9 urbaine adapt\u00e9e au contexte moderne des villes. Con\u00e7u et assembl\u00e9 en Normandie, il est envisag\u00e9 comme un moyen de transport court distance, int\u00e9gr\u00e9 aux infrastructures existantes et capable d\u2019\u00e9voluer vers le transport de marchandises gr\u00e2ce \u00e0 une plateforme modulable.<\/p>\n<p><img decoding=\"async\" src=\"https:\/\/www.europesays.com\/fr\/wp-content\/uploads\/2025\/10\/1761153750_Human-mob-photo-David-Morganti-171.jpg\" data-image=\"1\"\/><\/p>\n<p>\u00a9 David Morganti<\/p>\n<p>Concr\u00e8tement, la propulsion repose sur une batterie fran\u00e7aise, avec une autonomie annonc\u00e9e autour de 100 km, et une architecture qui privil\u00e9gie l\u2019\u00e9co-conception et la recyclabilit\u00e9 des mat\u00e9riaux. En compl\u00e9ment, Human Mob d\u00e9veloppe une offre logistique via les Wally Cargo, \u00e9tendant l\u2019application du concept au-del\u00e0 du transport de passagers. Le v\u00e9hicule se distingue par une d\u00e9marche p\u00e9dagogique autour de la mobilit\u00e9 douce, et s\u2019inscrit dans une logique de r\u00e9duction de l\u2019empreinte carbone en milieu urbain.<\/p>\n<p><strong>Un \u00e9cosyst\u00e8me r\u00e9gional et des soutiens publics qui accompagnent la croissance<\/strong><\/p>\n<p>La start-up\u00a0b\u00e9n\u00e9ficie d\u2019un r\u00e9seau partenarial solide dans la r\u00e9gion, associant des acteurs industriels et des institutions locales. Soutenu par des partenaires comme Technomap et de structures r\u00e9gionales\u00a0 encourageant l\u2019innovation dans les nouvelles technologies, le projet b\u00e9n\u00e9ficie aussi d\u2019un cadre public favorable. Avec\u00a0un appui potentiel des acteurs r\u00e9gionaux pour faciliter l\u2019acc\u00e8s \u00e0 des financements et \u00e0 des m\u00e9canismes de soutien \u00e0 l\u2019industrialisation, l&rsquo;entreprise se veut capable\u00a0de d\u00e9montrer la viabilit\u00e9 des solutions normandes sur le territoire national et, \u00e0 terme, d\u2019\u00e9tendre l\u2019offre \u00e0 d\u2019autres march\u00e9s urbains, en mettant l\u2019accent sur une mobilit\u00e9 plus verte align\u00e9e avec les objectifs du plan de sobri\u00e9t\u00e9 \u00e9nerg\u00e9tique.<\/p>\n","protected":false},"excerpt":{"rendered":"La start-up rouennaise Human Mob pr\u00e9voit une lev\u00e9e de fonds de\u00a02,5 millions d\u2019euros pour industrialiser ses solutions de&hellip;\n","protected":false},"author":2,"featured_media":499769,"comment_status":"","ping_status":"","sticky":false,"template":"","format":"standard","meta":{"footnotes":""},"categories":[9587],"tags":[1111,11,1777,674,1011,27,12,5161,25,9590],"class_list":{"0":"post-499768","1":"post","2":"type-post","3":"status-publish","4":"format-standard","5":"has-post-thumbnail","7":"category-rouen","8":"tag-actu","9":"tag-actualites","10":"tag-eu","11":"tag-europe","12":"tag-fr","13":"tag-france","14":"tag-news","15":"tag-normandie","16":"tag-republique-francaise","17":"tag-rouen"},"share_on_mastodon":{"url":"https:\/\/pubeurope.com\/@fr\/115462731563591815","error":""},"_links":{"self":[{"href":"https:\/\/www.europesays.com\/fr\/wp-json\/wp\/v2\/posts\/499768","targetHints":{"allow":["GET"]}}],"collection":[{"href":"https:\/\/www.europesays.com\/fr\/wp-json\/wp\/v2\/posts"}],"about":[{"href":"https:\/\/www.europesays.com\/fr\/wp-json\/wp\/v2\/types\/post"}],"author":[{"embeddable":true,"href":"https:\/\/www.europesays.com\/fr\/wp-json\/wp\/v2\/users\/2"}],"replies":[{"embeddable":true,"href":"https:\/\/www.europesays.com\/fr\/wp-json\/wp\/v2\/comments?post=499768"}],"version-history":[{"count":0,"href":"https:\/\/www.europesays.com\/fr\/wp-json\/wp\/v2\/posts\/499768\/revisions"}],"wp:featuredmedia":[{"embeddable":true,"href":"https:\/\/www.europesays.com\/fr\/wp-json\/wp\/v2\/media\/499769"}],"wp:attachment":[{"href":"https:\/\/www.europesays.com\/fr\/wp-json\/wp\/v2\/media?parent=499768"}],"wp:term":[{"taxonomy":"category","embeddable":true,"href":"https:\/\/www.europesays.com\/fr\/wp-json\/wp\/v2\/categories?post=499768"},{"taxonomy":"post_tag","embeddable":true,"href":"https:\/\/www.europesays.com\/fr\/wp-json\/wp\/v2\/tags?post=499768"}],"curies":[{"name":"wp","href":"https:\/\/api.w.org\/{rel}","templated":true}]}}