{"id":499770,"date":"2025-10-30T10:50:11","date_gmt":"2025-10-30T10:50:11","guid":{"rendered":"https:\/\/www.europesays.com\/fr\/499770\/"},"modified":"2025-10-30T10:50:11","modified_gmt":"2025-10-30T10:50:11","slug":"grenoble-tensions-au-centre-commercial-grandplace-des-agents-violemment-agresses","status":"publish","type":"post","link":"https:\/\/www.europesays.com\/fr\/499770\/","title":{"rendered":"Grenoble. Tensions au centre commercial Grand&rsquo;Place, des agents violemment agress\u00e9s"},"content":{"rendered":"<p>            Par<br \/>\n        <strong><br \/>\n            <a href=\"https:\/\/actu.fr\/auteur\/lisa-rodrigues\" title=\"Consulter tous les articles de Lisa Rodrigues\" target=\"_blank\" rel=\"noopener\">Lisa Rodrigues<\/a><br \/>\n        <\/strong><\/p>\n<p>        Publi\u00e9 le<\/p>\n<p>            30 oct. 2025 \u00e0 9h32        <\/p>\n<p>La police a \u00e9t\u00e9 appel\u00e9e mercredi 29 octobre au <strong>centre commercial Grand\u2019Place<\/strong> \u00e0 <a href=\"https:\/\/actu.fr\/auvergne-rhone-alpes\/grenoble_38185\" target=\"_blank\" rel=\"noopener\">Grenoble<\/a>,\u00e0 la suite d\u2019une agression.<\/p>\n<p>    <a href=\"https:\/\/www.google.com\/maps\/embed?pb=!1m18!1m12!1m3!1d2813.4165693786117!2d5.728255075921032!3d45.15841375378989!2m3!1f0!2f0!3f0!3m2!1i1024!2i768!4f13.1!3m3!1m2!1s0x478af4ca55934c8f%3A0xccf7b5805a661ada!2sCentre%20Commercial%20Grand%27Place!5e0!3m2!1sfr!2sfr!4v1761812633997!5m2!1sfr!2sfr\" title=\"Ouvrie le lien\" target=\"_blank\" rel=\"noopener\">Cliquez ici pour visualiser le contenu<\/a><\/p>\n<p class=\" wall-content\">Il \u00e9tait environ 17 heures quand deux agents de s\u00e9curit\u00e9 de la galerie commerciale rep\u00e8rent un<strong> individu avec le visage dissimul\u00e9<\/strong>.<\/p>\n<p>Des coups port\u00e9s au visage\u00a0<\/p>\n<p class=\" wall-content\">Ils approchent donc le <strong>jeune homme \u00e2g\u00e9 de 22 ans<\/strong> pour lui demander de se d\u00e9couvrir la t\u00eate. Mais celui-ci n\u2019a pas sembl\u00e9 appr\u00e9cier la demande, puisqu\u2019il va <strong>frapper violemment un des agents de s\u00e9curit\u00e9<\/strong>\u00a0en lui donnant un coup de coude au visage, cassant ses lunettes.<\/p>\n<p class=\" wall-content\">Les policiers de la brigade anticriminalit\u00e9 ont \u00e9t\u00e9 pr\u00e9venus de la situation et sont arriv\u00e9s \u00e0 Grand\u2019Place pour interpeller l\u2019agresseur pour \u00ab\u00a0violences volontaires sur agent de s\u00e9curit\u00e9\u00a0\u00bb.\u00a0<\/p>\n<p class=\" wall-content\">L\u2019agent de s\u00e9curit\u00e9 bless\u00e9 a, lui, d\u00e9pos\u00e9 plainte.<\/p>\n<p class=\" wall-content\">Personnalisez votre actualit\u00e9 en ajoutant vos villes et m\u00e9dias en favori avec <a href=\"https:\/\/moncompte.actu.fr\" title=\"D\u00e9couvez Mon Actu\" rel=\"nofollow noopener\" data-trk=\"{&quot;cta&quot;:{&quot;action&quot;:&quot;https:\\\/\\\/moncompte.actu.fr&quot;,&quot;category&quot;:&quot;mon compte&quot;,&quot;from&quot;:&quot;article footer&quot;,&quot;name&quot;:&quot;Mon actu&quot;,&quot;type&quot;:&quot;cta&quot;}}\" target=\"_blank\">Mon Actu<\/a>.<\/p>\n","protected":false},"excerpt":{"rendered":"Par Lisa Rodrigues Publi\u00e9 le 30 oct. 2025 \u00e0 9h32 La police a \u00e9t\u00e9 appel\u00e9e mercredi 29 octobre&hellip;\n","protected":false},"author":2,"featured_media":320163,"comment_status":"","ping_status":"","sticky":false,"template":"","format":"standard","meta":{"footnotes":""},"categories":[9566],"tags":[1111,11,2430,215,1777,674,118,1011,27,2731,12,1072,25],"class_list":{"0":"post-499770","1":"post","2":"type-post","3":"status-publish","4":"format-standard","5":"has-post-thumbnail","7":"category-grenoble","8":"tag-actu","9":"tag-actualites","10":"tag-auvergne-rhone-alpes","11":"tag-commerce","12":"tag-eu","13":"tag-europe","14":"tag-faits-divers","15":"tag-fr","16":"tag-france","17":"tag-grenoble","18":"tag-news","19":"tag-police","20":"tag-republique-francaise"},"share_on_mastodon":{"url":"https:\/\/pubeurope.com\/@fr\/115462735390652045","error":""},"_links":{"self":[{"href":"https:\/\/www.europesays.com\/fr\/wp-json\/wp\/v2\/posts\/499770","targetHints":{"allow":["GET"]}}],"collection":[{"href":"https:\/\/www.europesays.com\/fr\/wp-json\/wp\/v2\/posts"}],"about":[{"href":"https:\/\/www.europesays.com\/fr\/wp-json\/wp\/v2\/types\/post"}],"author":[{"embeddable":true,"href":"https:\/\/www.europesays.com\/fr\/wp-json\/wp\/v2\/users\/2"}],"replies":[{"embeddable":true,"href":"https:\/\/www.europesays.com\/fr\/wp-json\/wp\/v2\/comments?post=499770"}],"version-history":[{"count":0,"href":"https:\/\/www.europesays.com\/fr\/wp-json\/wp\/v2\/posts\/499770\/revisions"}],"wp:featuredmedia":[{"embeddable":true,"href":"https:\/\/www.europesays.com\/fr\/wp-json\/wp\/v2\/media\/320163"}],"wp:attachment":[{"href":"https:\/\/www.europesays.com\/fr\/wp-json\/wp\/v2\/media?parent=499770"}],"wp:term":[{"taxonomy":"category","embeddable":true,"href":"https:\/\/www.europesays.com\/fr\/wp-json\/wp\/v2\/categories?post=499770"},{"taxonomy":"post_tag","embeddable":true,"href":"https:\/\/www.europesays.com\/fr\/wp-json\/wp\/v2\/tags?post=499770"}],"curies":[{"name":"wp","href":"https:\/\/api.w.org\/{rel}","templated":true}]}}