{"id":499773,"date":"2025-10-30T10:52:11","date_gmt":"2025-10-30T10:52:11","guid":{"rendered":"https:\/\/www.europesays.com\/fr\/499773\/"},"modified":"2025-10-30T10:52:11","modified_gmt":"2025-10-30T10:52:11","slug":"salon-du-camping-car-de-rennes-une-nouvelle-edition-pour-les-passionnes-devasion","status":"publish","type":"post","link":"https:\/\/www.europesays.com\/fr\/499773\/","title":{"rendered":"Salon du Camping-Car de Rennes : une nouvelle \u00e9dition pour les passionn\u00e9s d&rsquo;\u00e9vasion"},"content":{"rendered":"<p>Le Salon du Camping-Car de Rennes revient du 7 au 11 novembre 2025, offrant une occasion unique aux passionn\u00e9s de voyages de d\u00e9couvrir les derni\u00e8res tendances et innovations du monde des v\u00e9hicules de loisirs.<\/p>\n<p>Durant ces cinq jours, le salon accueille <strong>les plus grandes marques<\/strong> de camping-cars, vans, fourgons am\u00e9nag\u00e9s et caravanes, toutes r\u00e9unies en un seul lieu. Cet \u00e9v\u00e9nement est l&rsquo;occasion id\u00e9ale pour voir plus de <strong>400 v\u00e9hicules neufs expos\u00e9s<\/strong>, permettant aux visiteurs de comparer les mod\u00e8les et de profiter d&rsquo;offres exclusives.<\/p>\n<p>Gr\u00e2ce \u00e0 la pr\u00e9sence de <strong>sept concessionnaires rennais<\/strong>, les participants pourront concr\u00e9tiser leurs projets avec l&rsquo;aide de professionnels \u00e0 leur \u00e9coute. L&rsquo;atmosph\u00e8re conviviale du salon favorise les \u00e9changes et les d\u00e9couvertes, faisant de cet \u00e9v\u00e9nement un <strong>rendez-vous incontournable pour tous les amateurs de libert\u00e9 sur les routes<\/strong>.<\/p>\n<p>Pour cette nouvelle \u00e9dition, le Salon du Camping-Car de Rennes met un accent particulier sur la qualit\u00e9 des \u00e9changes et l&rsquo;exp\u00e9rience de visite. Les visiteurs auront l&rsquo;occasion de b\u00e9n\u00e9ficier de conseils d&rsquo;experts, de d\u00e9couvrir des v\u00e9hicules adapt\u00e9s \u00e0 leurs besoins et de se laisser inspirer par les nombreuses innovations pr\u00e9sent\u00e9es.<\/p>\n<p>C&rsquo;est une exp\u00e9rience enrichissante pour toute personne envisageant l&rsquo;achat d&rsquo;un v\u00e9hicule de loisirs ou simplement curieuse des derni\u00e8res tendances du march\u00e9.<\/p>\n<p style=\"text-align: center;\">\n<p>\u00a0<\/p>\n<p>\u00a0<\/p>\n","protected":false},"excerpt":{"rendered":"Le Salon du Camping-Car de Rennes revient du 7 au 11 novembre 2025, offrant une occasion unique aux&hellip;\n","protected":false},"author":2,"featured_media":499774,"comment_status":"","ping_status":"","sticky":false,"template":"","format":"standard","meta":{"footnotes":""},"categories":[2821],"tags":[1111,11,829,11199,11895,4660,1777,674,1011,27,12,2043,62217,584,25,6290],"class_list":{"0":"post-499773","1":"post","2":"type-post","3":"status-publish","4":"format-standard","5":"has-post-thumbnail","7":"category-rennes","8":"tag-actu","9":"tag-actualites","10":"tag-bretagne","11":"tag-camping-car","12":"tag-d","13":"tag-edition","14":"tag-eu","15":"tag-europe","16":"tag-fr","17":"tag-france","18":"tag-news","19":"tag-nouvelle","20":"tag-passionnes","21":"tag-rennes","22":"tag-republique-francaise","23":"tag-salon"},"share_on_mastodon":{"url":"https:\/\/pubeurope.com\/@fr\/115462743261355073","error":""},"_links":{"self":[{"href":"https:\/\/www.europesays.com\/fr\/wp-json\/wp\/v2\/posts\/499773","targetHints":{"allow":["GET"]}}],"collection":[{"href":"https:\/\/www.europesays.com\/fr\/wp-json\/wp\/v2\/posts"}],"about":[{"href":"https:\/\/www.europesays.com\/fr\/wp-json\/wp\/v2\/types\/post"}],"author":[{"embeddable":true,"href":"https:\/\/www.europesays.com\/fr\/wp-json\/wp\/v2\/users\/2"}],"replies":[{"embeddable":true,"href":"https:\/\/www.europesays.com\/fr\/wp-json\/wp\/v2\/comments?post=499773"}],"version-history":[{"count":0,"href":"https:\/\/www.europesays.com\/fr\/wp-json\/wp\/v2\/posts\/499773\/revisions"}],"wp:featuredmedia":[{"embeddable":true,"href":"https:\/\/www.europesays.com\/fr\/wp-json\/wp\/v2\/media\/499774"}],"wp:attachment":[{"href":"https:\/\/www.europesays.com\/fr\/wp-json\/wp\/v2\/media?parent=499773"}],"wp:term":[{"taxonomy":"category","embeddable":true,"href":"https:\/\/www.europesays.com\/fr\/wp-json\/wp\/v2\/categories?post=499773"},{"taxonomy":"post_tag","embeddable":true,"href":"https:\/\/www.europesays.com\/fr\/wp-json\/wp\/v2\/tags?post=499773"}],"curies":[{"name":"wp","href":"https:\/\/api.w.org\/{rel}","templated":true}]}}